{"id":4430,"date":"2021-09-10T12:56:28","date_gmt":"2021-09-10T11:56:28","guid":{"rendered":"http:\/\/fleschmazowsza.com.pl\/?p=4430"},"modified":"2021-09-10T12:56:29","modified_gmt":"2021-09-10T11:56:29","slug":"zegnaj-lato","status":"publish","type":"post","link":"https:\/\/fleschmazowsza.com.pl\/?p=4430","title":{"rendered":",,\u017bEGNAJ LATO\u201d"},"content":{"rendered":"\n<p><strong>W ostatni weekend sierpnia w Pruszkowie odby\u0142o si\u0119 po\u017cegnanie lata. Jest to coroczna impreza organizowana pod nazw\u0105 ,,\u017begnaj lato\u201d. Podczas tegorocznego wydarzenia dzi\u0119ki licznym atrakcjom ka\u017cdy, nie zale\u017cnie od wieku, m\u00f3g\u0142 znale\u017a\u0107 co\u015b dla siebie.<\/strong><\/p>\n\n\n\n<p>W sobot\u0119 28 sierpnia od godziny 14.00 na terenie Szko\u0142y Podstawowej nr 2 przy ul. Jasnej 2 dla mieszka\u0144c\u00f3w Pruszkowa by\u0142a dost\u0119pna strefa food track\u00f3w, kt\u00f3rej towarzyszy\u0142a muzyka puszczana przez DJ\u2019a. O godzinie 19.30 na scenie pojawi\u0142 si\u0119 zesp\u00f3\u0142 Malcziki. W p\u00f3\u017aniejszych godzinach zosta\u0142a zorganizowana dyskoteka Kalwi &amp; Remi Robot Led Show.<\/p>\n\n\n\n<p>W niedziel\u0119 29 sierpnia impreza przenios\u0142a si\u0119 na Skwer ZTL \u201ePruszkowiacy\u201d przy ul. Lipowej. Od godziny 12.00 na mieszka\u0144c\u00f3w czeka\u0142y namioty m. in. Miasta Pruszkowa, Miejskiego O\u015brodka Kultury \u201eKamyk\u201d, Zespo\u0142u ds. Senior\u00f3w, M\u0142odzie\u017cowej Rady Miasta Pruszkowa oraz Muzeum Staro\u017cytnego Hutnictwa Mazowieckiego. W godzinach 12.00-18.00 odby\u0142y si\u0119 pokazy kulinarne Mariusza Szweda uczestnika programu Master Chef. W tym dniu nie zabrak\u0142o r\u00f3wnie\u017c miejsca na rozrywk\u0119 dla najm\u0142odszych. Na dzieci czeka\u0142y dmucha\u0144ce, \u015bcianka wspinaczkowa oraz szczudlarz. Dzi\u0119ki zorganizowanym dla najm\u0142odszych zaj\u0119ciom mog\u0142y si\u0119 one nauczy\u0107 przepis\u00f3w bezpiecze\u0144stwa.<\/p>\n\n\n\n<p>Fani r\u00f3\u017cnorodnej muzyki zostali usatysfakcjonowani. Dla mieszka\u0144c\u00f3w wyst\u0105pili: zesp\u00f3\u0142 Junk Hustler, Majka Je\u017cowska, Male\u0144czuk + Rhythm section oraz na sam koniec zesp\u00f3\u0142 OIO stworzony przez: Otsochodzi, Young Igiego oraz Okiego.<\/p>\n\n\n\n<p class=\"has-text-align-right\">Tekst i foto: <strong>Marta W\u00f3jcik<\/strong><\/p>\n","protected":false},"excerpt":{"rendered":"<p>W ostatni weekend sierpnia w Pruszkowie odby\u0142o si\u0119 po\u017cegnanie lata. Jest to coroczna impreza organizowana pod nazw\u0105 ,,\u017begnaj lato\u201d. Podczas tegorocznego wydarzenia dzi\u0119ki licznym atrakcjom ka\u017cdy, nie zale\u017cnie od wieku, m\u00f3g\u0142 znale\u017a\u0107 co\u015b dla siebie. W sobot\u0119 28 sierpnia od godziny 14.00 na terenie Szko\u0142y Podstawowej nr 2 przy ul. Jasnej 2 dla mieszka\u0144c\u00f3w Pruszkowa [&hellip;]<\/p>\n","protected":false},"author":2,"featured_media":4431,"comment_status":"closed","ping_status":"open","sticky":false,"template":"","format":"standard","meta":{"footnotes":""},"categories":[6],"tags":[],"class_list":["post-4430","post","type-post","status-publish","format-standard","has-post-thumbnail","hentry","category-kultura"],"_links":{"self":[{"href":"https:\/\/fleschmazowsza.com.pl\/index.php?rest_route=\/wp\/v2\/posts\/4430","targetHints":{"allow":["GET"]}}],"collection":[{"href":"https:\/\/fleschmazowsza.com.pl\/index.php?rest_route=\/wp\/v2\/posts"}],"about":[{"href":"https:\/\/fleschmazowsza.com.pl\/index.php?rest_route=\/wp\/v2\/types\/post"}],"author":[{"embeddable":true,"href":"https:\/\/fleschmazowsza.com.pl\/index.php?rest_route=\/wp\/v2\/users\/2"}],"replies":[{"embeddable":true,"href":"https:\/\/fleschmazowsza.com.pl\/index.php?rest_route=%2Fwp%2Fv2%2Fcomments&post=4430"}],"version-history":[{"count":2,"href":"https:\/\/fleschmazowsza.com.pl\/index.php?rest_route=\/wp\/v2\/posts\/4430\/revisions"}],"predecessor-version":[{"id":4433,"href":"https:\/\/fleschmazowsza.com.pl\/index.php?rest_route=\/wp\/v2\/posts\/4430\/revisions\/4433"}],"wp:featuredmedia":[{"embeddable":true,"href":"https:\/\/fleschmazowsza.com.pl\/index.php?rest_route=\/wp\/v2\/media\/4431"}],"wp:attachment":[{"href":"https:\/\/fleschmazowsza.com.pl\/index.php?rest_route=%2Fwp%2Fv2%2Fmedia&parent=4430"}],"wp:term":[{"taxonomy":"category","embeddable":true,"href":"https:\/\/fleschmazowsza.com.pl\/index.php?rest_route=%2Fwp%2Fv2%2Fcategories&post=4430"},{"taxonomy":"post_tag","embeddable":true,"href":"https:\/\/fleschmazowsza.com.pl\/index.php?rest_route=%2Fwp%2Fv2%2Ftags&post=4430"}],"curies":[{"name":"wp","href":"https:\/\/api.w.org\/{rel}","templated":true}]}}