{"id":4423,"date":"2021-09-10T12:49:02","date_gmt":"2021-09-10T11:49:02","guid":{"rendered":"http:\/\/fleschmazowsza.com.pl\/?p=4423"},"modified":"2021-09-10T12:49:05","modified_gmt":"2021-09-10T11:49:05","slug":"mozesz-zobaczyc-mapy-obwodnicy-grodziska","status":"publish","type":"post","link":"https:\/\/fleschmazowsza.com.pl\/?p=4423","title":{"rendered":"Mo\u017cesz zobaczy\u0107 mapy obwodnicy Grodziska"},"content":{"rendered":"\n<p><strong>Zarz\u0105d Dr\u00f3g Wojew\u00f3dzkich przedstawi\u0142 mapy prezentuj\u0105ce przebieg obwodnicy zachodniej w kierunku B\u0142onia. Przypominamy, \u017ce ca\u0142kowity koszt przedsi\u0119wzi\u0119cia to kwota 145 mln z\u0142. Cz\u0119\u015b\u0107 tej kwoty zostanie pokryta w ramach dotacji unijnych.<\/strong><\/p>\n\n\n\n<p>Dofinansowanie unijne wystarczy na wybudowanie odcinka 7,5 km drogi od w\u0119z\u0142a autostradowego \u201eGrodzisk Mazowiecki\u201d do drogi wojew\u00f3dzkiej nr 579 w Ka\u0142\u0119czynie. 3 wrze\u015bnia w \u015bwietlicy so\u0142eckiej w K\u0142udzienku odby\u0142y si\u0119 r\u00f3wnie\u017c konsultacje dotycz\u0105ce planowanego przebiegu obwodnicy, organizowane przez Mazowiecki Zarz\u0105d Dr\u00f3g Wojew\u00f3dzkich. By\u0142o to spotkanie z mieszka\u0144cami Grodziska Mazowieckiego oraz B\u0142onia. Na stronie internetowej grodzisk.pl znajdziemy pe\u0142nowymiarowe mapy w formacie PDF, kt\u00f3re mo\u017cna obejrze\u0107.<\/p>\n\n\n\n<p>Obwodnica b\u0119dzie jedno jezdniow\u0105 tras\u0105 z dwoma pasami ruchu i obustronnym poboczem. W ci\u0105gu zachodniej obwodnicy powstan\u0105 trzy obiekty mostowe, drogi serwisowe i rowerowe oraz pi\u0119\u0107 skrzy\u017cowa\u0144 (w tym trzy ronda). Na odcinku o d\u0142ugo\u015bci oko\u0142o 1,6 km zostan\u0105 zainstalowane ekrany akustyczne, kt\u00f3re maj\u0105 zapewni\u0107 wi\u0119kszy komfort okolicznym mieszka\u0144com.<\/p>\n\n\n\n<p class=\"has-text-align-right\"><strong>(ak)<\/strong><\/p>\n","protected":false},"excerpt":{"rendered":"<p>Zarz\u0105d Dr\u00f3g Wojew\u00f3dzkich przedstawi\u0142 mapy prezentuj\u0105ce przebieg obwodnicy zachodniej w kierunku B\u0142onia. Przypominamy, \u017ce ca\u0142kowity koszt przedsi\u0119wzi\u0119cia to kwota 145 mln z\u0142. Cz\u0119\u015b\u0107 tej kwoty zostanie pokryta w ramach dotacji unijnych. Dofinansowanie unijne wystarczy na wybudowanie odcinka 7,5 km drogi od w\u0119z\u0142a autostradowego \u201eGrodzisk Mazowiecki\u201d do drogi wojew\u00f3dzkiej nr 579 w Ka\u0142\u0119czynie. 3 wrze\u015bnia w [&hellip;]<\/p>\n","protected":false},"author":2,"featured_media":4424,"comment_status":"closed","ping_status":"open","sticky":false,"template":"","format":"standard","meta":{"footnotes":""},"categories":[5],"tags":[],"class_list":["post-4423","post","type-post","status-publish","format-standard","has-post-thumbnail","hentry","category-wiadomosci"],"_links":{"self":[{"href":"https:\/\/fleschmazowsza.com.pl\/index.php?rest_route=\/wp\/v2\/posts\/4423","targetHints":{"allow":["GET"]}}],"collection":[{"href":"https:\/\/fleschmazowsza.com.pl\/index.php?rest_route=\/wp\/v2\/posts"}],"about":[{"href":"https:\/\/fleschmazowsza.com.pl\/index.php?rest_route=\/wp\/v2\/types\/post"}],"author":[{"embeddable":true,"href":"https:\/\/fleschmazowsza.com.pl\/index.php?rest_route=\/wp\/v2\/users\/2"}],"replies":[{"embeddable":true,"href":"https:\/\/fleschmazowsza.com.pl\/index.php?rest_route=%2Fwp%2Fv2%2Fcomments&post=4423"}],"version-history":[{"count":1,"href":"https:\/\/fleschmazowsza.com.pl\/index.php?rest_route=\/wp\/v2\/posts\/4423\/revisions"}],"predecessor-version":[{"id":4425,"href":"https:\/\/fleschmazowsza.com.pl\/index.php?rest_route=\/wp\/v2\/posts\/4423\/revisions\/4425"}],"wp:featuredmedia":[{"embeddable":true,"href":"https:\/\/fleschmazowsza.com.pl\/index.php?rest_route=\/wp\/v2\/media\/4424"}],"wp:attachment":[{"href":"https:\/\/fleschmazowsza.com.pl\/index.php?rest_route=%2Fwp%2Fv2%2Fmedia&parent=4423"}],"wp:term":[{"taxonomy":"category","embeddable":true,"href":"https:\/\/fleschmazowsza.com.pl\/index.php?rest_route=%2Fwp%2Fv2%2Fcategories&post=4423"},{"taxonomy":"post_tag","embeddable":true,"href":"https:\/\/fleschmazowsza.com.pl\/index.php?rest_route=%2Fwp%2Fv2%2Ftags&post=4423"}],"curies":[{"name":"wp","href":"https:\/\/api.w.org\/{rel}","templated":true}]}}