{"id":4406,"date":"2021-08-31T13:01:23","date_gmt":"2021-08-31T12:01:23","guid":{"rendered":"http:\/\/fleschmazowsza.com.pl\/?p=4406"},"modified":"2021-08-31T13:01:25","modified_gmt":"2021-08-31T12:01:25","slug":"na-konto-mazowsza-wplynie-25-mld-euro","status":"publish","type":"post","link":"https:\/\/fleschmazowsza.com.pl\/?p=4406","title":{"rendered":"Na konto Mazowsza wp\u0142ynie 2,5 mld euro"},"content":{"rendered":"\n<p><strong>Unijne dotacje kolejny ju\u017c raz wp\u0142yn\u0105 na konto naszego regionu. W\u0142adzom Mazowsza uda\u0142o si\u0119 wywalczy\u0107 niemal 2,5 mld euro do wykorzystania na lata 2021-2027.<\/strong><\/p>\n\n\n\n<p><br>Ministerstwo Funduszy i Polityki Regionalnej og\u0142osi\u0142o ostateczny podzia\u0142 \u015brodk\u00f3w unijnych, z kt\u00f3rych wynika, \u017ce Mazowsze zdob\u0119dzie znaczne dofinansowanie na najbli\u017csze lata.<br>\u2013 Wieloletnie starania samorz\u0105du wojew\u00f3dztwa przynios\u0142y efekt. Dzi\u0119ki naszej przezorno\u015bci i podzia\u0142owi statystycznemu uda\u0142o si\u0119 pozyska\u0107 dla Mazowsza ponad 2 mld euro \u2013 m\u00f3wi marsza\u0142ek Adam Struzik.<br>Ze wst\u0119pnych ustale\u0144 wynika, \u017ce do regionu mazowieckiego regionalnego trafi oko\u0142o 1,7 mld euro, a do regionu warszawskiego sto\u0142ecznego oko\u0142o 340 mln euro. Marsza\u0142ek wojew\u00f3dztwa mazowieckiego informuje, \u017ce pieni\u0105dze trafi\u0105 m.in. do przedsi\u0119biorc\u00f3w oraz szk\u00f3\u0142.<br>Dr Marcin Wajda, dyrektor Departamentu Rozwoju Regionalnego i Funduszy Europejskich urz\u0119du marsza\u0142kowskiego przyznaje: \u2013 Przygotowali\u015bmy projekt nowego Programu Regionalnego: Fundusze Europejskie dla Mazowsza 2021-2027, w kt\u00f3rym przewidziano interwencj\u0119 w ramach pi\u0119ciu cel\u00f3w polityki okre\u015blonych przez Uni\u0119 Europejsk\u0105. S\u0105 to:<br>\u2022 bardziej konkurencyjna i inteligentna Europa dzi\u0119ki wspieraniu innowacyjnej i inteligentnej transformacji gospodarczej oraz regionalnej \u0142\u0105czno\u015bci cyfrowej,<br>\u2022 bardziej przyjazna dla \u015brodowiska, niskoemisyjna i przechodz\u0105ca w kierunku gospodarki zeroemisyjnej oraz odporna Europa dzi\u0119ki promowaniu czystej i sprawiedliwej transformacji energetycznej, zielonych i niebieskich inwestycji, gospodarki o obiegu zamkni\u0119tym, \u0142agodzenia zmian klimatu i przystosowania si\u0119 do nich, zapobiegania ryzyku i zarz\u0105dzania ryzykiem oraz zr\u00f3wnowa\u017conej mobilno\u015bci miejskiej,<br>\u2022 lepiej skomunikowana Europa dzi\u0119ki zwi\u0119kszeniu mobilno\u015bci,<br>\u2022 Europa o silniejszym wymiarze spo\u0142ecznym przez wdra\u017canie europejskiego filaru praw socjalnych (ten cel jest finansowany zar\u00f3wno z EFS+ jak i z EFRR),<br>\u2022 Europa bli\u017csza obywatelom dzi\u0119ki wspieraniu zr\u00f3wnowa\u017conego i zintegrowanego rozwoju wszystkich rodzaj\u00f3w terytori\u00f3w oraz inicjatyw lokalnych.<br>Ponadto, region mazowiecki regionalny b\u0119dzie m\u00f3g\u0142 skorzysta\u0107 z programu Polska Wschodnia+, kt\u00f3rego ca\u0142kowita alokacja b\u0119dzie opiewa\u0142a na kwot\u0119 2,5 mld euro do podzia\u0142u na sze\u015b\u0107 region\u00f3w. Z programu Polska Wschodnia w latach 2021\u20132027 skorzysta sze\u015b\u0107 wojew\u00f3dztw: lubelskie, podkarpackie, podlaskie, \u015bwi\u0119tokrzyskie, warmi\u0144sko-mazurskie oraz Mazowsze regionalne (bez regionu warszawskiego sto\u0142ecznego).<br>\u2013 Ale to nie wszystko. Ponadto staramy si\u0119, aby inwestycje priorytetowe, w tym du\u017ce inwestycje na terenie metropolii warszawskiej, szczeg\u00f3lnie takie, kt\u00f3re maj\u0105 oddzia\u0142ywanie na ca\u0142y kraj, np. infrastruktura badawczo-rozwojowa czy edukacyjna, infrastruktura drogowa (obwodnice miast) i kolejowa, w tym metro w Warszawie, inwestycje w obszarze mobilno\u015bci miejskiej powy\u017cej 20 mln euro, by\u0142y dodatkowo finansowane z program\u00f3w krajowych. Ca\u0142e wojew\u00f3dztwo ma wi\u0119c szans\u0119 by\u0107 obj\u0119te do 2030 r. bardzo du\u017cym wsparciem z Unii Europejskiej \u2013 podkre\u015bla dr Marcin Wajda.<br><\/p>\n\n\n\n<p class=\"has-text-align-right\"><strong>(ak)<\/strong>, Fot.: <em><strong>Pixabay<\/strong><\/em><\/p>\n","protected":false},"excerpt":{"rendered":"<p>Unijne dotacje kolejny ju\u017c raz wp\u0142yn\u0105 na konto naszego regionu. W\u0142adzom Mazowsza uda\u0142o si\u0119 wywalczy\u0107 niemal 2,5 mld euro do wykorzystania na lata 2021-2027. Ministerstwo Funduszy i Polityki Regionalnej og\u0142osi\u0142o ostateczny podzia\u0142 \u015brodk\u00f3w unijnych, z kt\u00f3rych wynika, \u017ce Mazowsze zdob\u0119dzie znaczne dofinansowanie na najbli\u017csze lata.\u2013 Wieloletnie starania samorz\u0105du wojew\u00f3dztwa przynios\u0142y efekt. Dzi\u0119ki naszej przezorno\u015bci i [&hellip;]<\/p>\n","protected":false},"author":2,"featured_media":4407,"comment_status":"closed","ping_status":"open","sticky":false,"template":"","format":"standard","meta":{"footnotes":""},"categories":[5],"tags":[],"class_list":["post-4406","post","type-post","status-publish","format-standard","has-post-thumbnail","hentry","category-wiadomosci"],"_links":{"self":[{"href":"https:\/\/fleschmazowsza.com.pl\/index.php?rest_route=\/wp\/v2\/posts\/4406","targetHints":{"allow":["GET"]}}],"collection":[{"href":"https:\/\/fleschmazowsza.com.pl\/index.php?rest_route=\/wp\/v2\/posts"}],"about":[{"href":"https:\/\/fleschmazowsza.com.pl\/index.php?rest_route=\/wp\/v2\/types\/post"}],"author":[{"embeddable":true,"href":"https:\/\/fleschmazowsza.com.pl\/index.php?rest_route=\/wp\/v2\/users\/2"}],"replies":[{"embeddable":true,"href":"https:\/\/fleschmazowsza.com.pl\/index.php?rest_route=%2Fwp%2Fv2%2Fcomments&post=4406"}],"version-history":[{"count":1,"href":"https:\/\/fleschmazowsza.com.pl\/index.php?rest_route=\/wp\/v2\/posts\/4406\/revisions"}],"predecessor-version":[{"id":4408,"href":"https:\/\/fleschmazowsza.com.pl\/index.php?rest_route=\/wp\/v2\/posts\/4406\/revisions\/4408"}],"wp:featuredmedia":[{"embeddable":true,"href":"https:\/\/fleschmazowsza.com.pl\/index.php?rest_route=\/wp\/v2\/media\/4407"}],"wp:attachment":[{"href":"https:\/\/fleschmazowsza.com.pl\/index.php?rest_route=%2Fwp%2Fv2%2Fmedia&parent=4406"}],"wp:term":[{"taxonomy":"category","embeddable":true,"href":"https:\/\/fleschmazowsza.com.pl\/index.php?rest_route=%2Fwp%2Fv2%2Fcategories&post=4406"},{"taxonomy":"post_tag","embeddable":true,"href":"https:\/\/fleschmazowsza.com.pl\/index.php?rest_route=%2Fwp%2Fv2%2Ftags&post=4406"}],"curies":[{"name":"wp","href":"https:\/\/api.w.org\/{rel}","templated":true}]}}