{"id":440,"date":"2016-12-09T10:47:03","date_gmt":"2016-12-09T09:47:03","guid":{"rendered":"http:\/\/fleschmazowsza.com.pl\/?p=440"},"modified":"2016-12-09T10:48:14","modified_gmt":"2016-12-09T09:48:14","slug":"rozkwit-stolicy-jedwabiu","status":"publish","type":"post","link":"https:\/\/fleschmazowsza.com.pl\/?p=440","title":{"rendered":"Rozkwit stolicy jedwabiu"},"content":{"rendered":"<p><strong>Stowarzyszenie Muzeum Jedwabnictwa Milanowskiego od kilku lat dzia\u0142a bardzo aktywnie, a jego cz\u0142onkowie anga\u017cuj\u0105 si\u0119 w dzia\u0142ania, zmierzaj\u0105ce do permanentnego krzewienia spu\u015bcizny pozosta\u0142ej po tw\u00f3rcach polskiego jedwabnictwa. Ju\u017c 17 grudnia podczas Wigilii Miejskiej w centrum Milan\u00f3wka zostanie ods\u0142oni\u0119ty pierwszy w mie\u015bcie \u201ejedwabny mural\u201d, upami\u0119tniaj\u0105cy dorobek ludzi, kt\u00f3rzy tworzyli tu przed wojn\u0105.<\/strong><\/p>\n<p>Muzeum Jedwabnictwa Milanowskiego nie posiada jeszcze swojej siedziby, a cz\u0142onkowie Stowarzyszenia od lat staraj\u0105 si\u0119, aby w\u0142adze miasta udost\u0119pni\u0142y im lokal, kt\u00f3ry mogliby przeznaczy\u0107 na siedzib\u0119 muzeum. Starsi mieszka\u0144cy miasta pami\u0119taj\u0105, \u017ce w 1924 roku w Milan\u00f3wku powsta\u0142a Centralna Do\u015bwiadczalna Stacja Jedwabnicza, kt\u00f3r\u0105 utworzyli Stanis\u0142awa i Henryk Witaczkowie. Przedsi\u0119biorcze rodze\u0144stwo zapewnia\u0142o zatrudnienie wielu ludziom.<\/p>\n<p>To dzi\u0119ki ich staraniom Milan\u00f3wek okrzykni\u0119to w\u00f3wczas stolic\u0105 jedwabiu. Teraz inicjatyw\u0119 w dzia\u0142aniu przej\u0119li cz\u0142onkowie Stowarzyszenia Muzeum Jedwabnictwa Milanowskiego, kt\u00f3rzy staraj\u0105 si\u0119, aby dzia\u0142ania Witaczk\u00f3w nie zosta\u0142y zapomniane.<\/p>\n<p>\u2013 Najwy\u017csza pora wskrzesi\u0107 tradycj\u0119, zachowa\u0107 i przywo\u0142a\u0107 pami\u0119\u0107. Nie mo\u017cemy zaprzepa\u015bci\u0107 takiego dziedzictwa \u2013 t\u0142umaczy Honorata Kuraszkiewicz, prezes Stowarzyszenia Muzeum Jedwabnictwa Milanowskiego.<\/p>\n<p>Uda\u0142o im si\u0119 stworzy\u0107 Wirtualne Muzeum Jedwabnictwa,otworzy\u0107 Jedwabny Szlak Milan\u00f3wka i okolic, zorganizowa\u0107 kilka wystaw czasowych. S\u0105 to kolejny dzia\u0142ania, cz\u0142onk\u00f3w stowarzyszenia w d\u0105\u017ceniu do otwarcia stacjonarnej siedziby muzeum. 11 listopada w centrum Milan\u00f3wka przy ul. Pi\u0142sudskiego 32, na \u015bcianie budynku obok poczty, powsta\u0142 pierwszy w mie\u015bcie mural upami\u0119tniaj\u0105cy tw\u00f3rc\u00f3w polskiego jedwabnictwa \u2013 Stanis\u0142aw\u0119 i Henryka Witaczk\u00f3w.<\/p>\n<p>Autork\u0105 projektu, kt\u00f3ry zwyci\u0119\u017cy\u0142 w konkursie na mural inspirowany histori\u0105 milanowskiego jedwabnictwa jest &#8211; Maja Tomaszewska, absolwentka Wydzia\u0142u Architektury Wy\u017cszej Szko\u0142y Ekologii i Zarz\u0105dzania w Warszawie.\u201eJedwabny mural\u201d malowa\u0142a, na podstawie przygotowanego zgodnie z projektem szablonu, m\u0142odzie\u017c z Gimnazjum Spo\u0142ecznego Milanowskiego Towarzystwa Edukacyjnego pod kierownictwem nauczycielki plastyki &#8211; Agnieszki Krzysiak.<\/p>\n<p>Mural &#8211; to kolejna, po wystawie \u201eJedwabne Bogactwo Milan\u00f3wka w czasach PRL-u\u201d, cz\u0119\u015b\u0107 mi\u0119dzypokoleniowego projektu &#8222;\u0141\u0105czy nas jedwab&#8221;, realizowanego przez Stowarzyszenie Muzeum Jedwabnictwa Milanowskiego w ramach Programu &#8222;Dzia\u0142aj Lokalnie&#8221;.<\/p>\n<p>Ju\u017c 17 grudnia podczas Wigilii Miejskiej w centrum Milan\u00f3wka zostanie oficjalnie ods\u0142oni\u0119ty \u201ejedwabny mural\u201djako prezent dla mieszka\u0144c\u00f3w i pami\u0119\u0107 o dziele rodze\u0144stwa Witaczk\u00f3w.<\/p>\n<p style=\"text-align: right;\"><strong>Daria G\u0142owacka<\/strong><\/p>\n<p style=\"text-align: right;\">Fot.<strong> Archiwum Stowarzyszenia<br \/>\n<\/strong><\/p>\n","protected":false},"excerpt":{"rendered":"<p>Stowarzyszenie Muzeum Jedwabnictwa Milanowskiego od kilku lat dzia\u0142a bardzo aktywnie, a jego cz\u0142onkowie anga\u017cuj\u0105 si\u0119 w dzia\u0142ania, zmierzaj\u0105ce do permanentnego krzewienia spu\u015bcizny pozosta\u0142ej po tw\u00f3rcach polskiego jedwabnictwa. Ju\u017c 17 grudnia podczas Wigilii Miejskiej w centrum Milan\u00f3wka zostanie ods\u0142oni\u0119ty pierwszy w mie\u015bcie \u201ejedwabny mural\u201d, upami\u0119tniaj\u0105cy dorobek ludzi, kt\u00f3rzy tworzyli tu przed wojn\u0105. Muzeum Jedwabnictwa Milanowskiego nie [&hellip;]<\/p>\n","protected":false},"author":2,"featured_media":441,"comment_status":"closed","ping_status":"open","sticky":false,"template":"","format":"standard","meta":{"footnotes":""},"categories":[9,6],"tags":[],"class_list":["post-440","post","type-post","status-publish","format-standard","has-post-thumbnail","hentry","category-edukacja","category-kultura"],"_links":{"self":[{"href":"https:\/\/fleschmazowsza.com.pl\/index.php?rest_route=\/wp\/v2\/posts\/440","targetHints":{"allow":["GET"]}}],"collection":[{"href":"https:\/\/fleschmazowsza.com.pl\/index.php?rest_route=\/wp\/v2\/posts"}],"about":[{"href":"https:\/\/fleschmazowsza.com.pl\/index.php?rest_route=\/wp\/v2\/types\/post"}],"author":[{"embeddable":true,"href":"https:\/\/fleschmazowsza.com.pl\/index.php?rest_route=\/wp\/v2\/users\/2"}],"replies":[{"embeddable":true,"href":"https:\/\/fleschmazowsza.com.pl\/index.php?rest_route=%2Fwp%2Fv2%2Fcomments&post=440"}],"version-history":[{"count":4,"href":"https:\/\/fleschmazowsza.com.pl\/index.php?rest_route=\/wp\/v2\/posts\/440\/revisions"}],"predecessor-version":[{"id":445,"href":"https:\/\/fleschmazowsza.com.pl\/index.php?rest_route=\/wp\/v2\/posts\/440\/revisions\/445"}],"wp:featuredmedia":[{"embeddable":true,"href":"https:\/\/fleschmazowsza.com.pl\/index.php?rest_route=\/wp\/v2\/media\/441"}],"wp:attachment":[{"href":"https:\/\/fleschmazowsza.com.pl\/index.php?rest_route=%2Fwp%2Fv2%2Fmedia&parent=440"}],"wp:term":[{"taxonomy":"category","embeddable":true,"href":"https:\/\/fleschmazowsza.com.pl\/index.php?rest_route=%2Fwp%2Fv2%2Fcategories&post=440"},{"taxonomy":"post_tag","embeddable":true,"href":"https:\/\/fleschmazowsza.com.pl\/index.php?rest_route=%2Fwp%2Fv2%2Ftags&post=440"}],"curies":[{"name":"wp","href":"https:\/\/api.w.org\/{rel}","templated":true}]}}