{"id":4394,"date":"2021-08-16T12:40:06","date_gmt":"2021-08-16T11:40:06","guid":{"rendered":"http:\/\/fleschmazowsza.com.pl\/?p=4394"},"modified":"2021-08-16T12:40:07","modified_gmt":"2021-08-16T11:40:07","slug":"we-wrzesniu-dzieci-wroca-do-szkol","status":"publish","type":"post","link":"https:\/\/fleschmazowsza.com.pl\/?p=4394","title":{"rendered":"We wrze\u015bniu dzieci wr\u00f3c\u0105 do szk\u00f3\u0142"},"content":{"rendered":"\n<p><strong>Wakacje przepo\u0142owi\u0142y si\u0119, a wraz z nimi powr\u00f3ci\u0142 temat szk\u00f3\u0142 oraz powrotu dzieci do nauki stacjonarnej. Ministerstwo Edukacji i Nauki opracowa\u0142o wsp\u00f3lnie z Ministerstwem Zdrowia i G\u0142\u00f3wnym Inspektoratem Sanitarnym specjalne wytyczne, kt\u00f3re maj\u0105 obowi\u0105zywa\u0107 w plac\u00f3wkach edukacyjnych od wrze\u015bnia. Cel: zwi\u0119kszenie bezpiecze\u0144stwa sanitarnego.<\/strong><\/p>\n\n\n\n<p>Spis zalece\u0144 i rekomendacji ma zapewni\u0107 bezpiecze\u0144stwo i higien\u0119 organizacji zaj\u0119\u0107 w warunkach nauczania stacjonarnego w nowym roku szkolnym. W wytycznych maj\u0105cych zapewni\u0107 bezpiecze\u0144stwo m\u0142odzie\u017cy i nauczycieli, sporo miejsca po\u015bwi\u0119cono zdrowiu psychicznemu dzieci. Sytuacja pandemiczna utrzymuj\u0105ca si\u0119 tak d\u0142ugo, bez w\u0105tpienia silnie wp\u0142yn\u0119\u0142a na kwestie psychologiczne i rozwojowe najm\u0142odszych.<\/p>\n\n\n\n<p class=\"has-text-align-center\"><strong>Has\u0142owe wytyczne<\/strong><\/p>\n\n\n\n<p>Og\u00f3lne zalecenia sprowadzaj\u0105 si\u0119 do hase\u0142:<\/p>\n\n\n\n<ol class=\"wp-block-list\"><li><strong>Szczepienie<\/strong> \u2013 rekomendowane dla pracownik\u00f3w szk\u00f3\u0142 oraz uczni\u00f3w w okre\u015blonych grupach wiekowych.<\/li><li><strong>Dezynfekcja<\/strong> \u2013 przed i po zaj\u0119ciach mycie powierzchni detergentem lub dezynfekcja \u015brodkiem dezynfekuj\u0105cym.<\/li><li><strong>Dystans <\/strong>\u2013 minimalna odleg\u0142o\u015b\u0107 pomi\u0119dzy osobami: 1,5 m.<\/li><li><strong>Higiena <\/strong>\u2013 cz\u0119ste mycie r\u0105k (lub dezynfekcja r\u0105k), ochrona podczas kichania i kaszlu, unikanie dotykania oczu, nosa i ust.<\/li><li><strong>Maseczka <\/strong>\u2013 w przestrzeniach wsp\u00f3lnych, gdy nie mo\u017cna zachowa\u0107 dystansu.<\/li><li><strong>Wietrzenie <\/strong>\u2013 przed, po i w trakcie zaj\u0119\u0107 oraz przerw, a tak\u017ce w dni wolne od zaj\u0119\u0107.<\/li><\/ol>\n\n\n\n<p class=\"has-text-align-center\"><strong>Zaj\u0119cia lekcyjne<\/strong><\/p>\n\n\n\n<p>W lekcjach b\u0119dzie m\u00f3g\u0142 bra\u0107 udzia\u0142 ucze\u0144, kt\u00f3ry nie ma objaw\u00f3w infekcji lub choroby zaka\u017anej, a tak\u017ce nie jest na\u0142o\u017cona na niego kwarantanna lub izolacja. MEiN rekomenduje r\u00f3wnie\u017c docieranie do szko\u0142y w\u0142asnym pojazdem i rezygnacj\u0119 z transportu publicznego. Pozostanie obowi\u0105zek dezynfekcji \u2013 przy wej\u015bciu do plac\u00f3wki, a tak\u017ce mi\u0119dzy lekcjami oraz noszenia maseczki. Na rodzicach b\u0119dzie spoczywa\u0142 obowi\u0105zek wyposa\u017cenia dzieci w maseczki ochronne, kt\u00f3re spe\u0142niaj\u0105 wymogi obowi\u0105zuj\u0105cego prawa. Maseczki b\u0119d\u0105 obowi\u0105zkowe we wszystkich miejscach bez mo\u017cliwo\u015bci zachowania dystansu spo\u0142ecznego.<\/p>\n\n\n\n<p>Klasy b\u0119d\u0105 przebywa\u0142y w miar\u0119 mo\u017cliwo\u015bci w salach lekcyjnych przypisanych im na sta\u0142e. Sale b\u0119d\u0105 musia\u0142y by\u0107 regularnie wietrzone \u2013 co najmniej raz w ci\u0105gu godziny, a wszystkie przedmioty naukowe dezynfekowane. Je\u015bli u nauczyciela wykryty zostanie wirus SARS-CoV-2, powinien on natychmiastowo zosta\u0107 odsuni\u0119ty od obowi\u0105zk\u00f3w, a dyrektor powinien powiadomi\u0107 stacj\u0119 sanitarno-epidemiologiczn\u0105.<\/p>\n\n\n\n<p class=\"has-text-align-center\"><strong>\u015awietlica<\/strong><\/p>\n\n\n\n<p>Zaj\u0119cia \u015bwietlicowe b\u0119d\u0105 odbywa\u0142y si\u0119 w \u015bwietlicy szkolnej, w miar\u0119 mo\u017cliwo\u015bci w grupach uczni\u00f3w z danej klasy oraz w razie potrzeby w innych salach dydaktycznych, kt\u00f3re nie s\u0105 wykorzystywane do bie\u017c\u0105cej nauki. Zaleca si\u0119 w pierwszej kolejno\u015bci regularne mycie r\u0105k wod\u0105 z myd\u0142em, ewentualnie dezynfekcj\u0119 r\u0105k. \u015awietlice nale\u017cy wietrzy\u0107 (nie rzadziej ni\u017c co godzin\u0119 w trakcie przebywania dzieci w \u015bwietlicy), w tym w szczeg\u00f3lno\u015bci przed przyj\u0119ciem dzieci oraz po przeprowadzeniu prac porz\u0105dkowych \u2013 czyszczenie przy u\u017cyciu wody z detergentem lub dezynfekcji.<\/p>\n\n\n\n<p class=\"has-text-align-right\"><strong>(ak)<\/strong>, Fot.: <em><strong>Pixabay<\/strong><\/em><\/p>\n","protected":false},"excerpt":{"rendered":"<p>Wakacje przepo\u0142owi\u0142y si\u0119, a wraz z nimi powr\u00f3ci\u0142 temat szk\u00f3\u0142 oraz powrotu dzieci do nauki stacjonarnej. Ministerstwo Edukacji i Nauki opracowa\u0142o wsp\u00f3lnie z Ministerstwem Zdrowia i G\u0142\u00f3wnym Inspektoratem Sanitarnym specjalne wytyczne, kt\u00f3re maj\u0105 obowi\u0105zywa\u0107 w plac\u00f3wkach edukacyjnych od wrze\u015bnia. Cel: zwi\u0119kszenie bezpiecze\u0144stwa sanitarnego. Spis zalece\u0144 i rekomendacji ma zapewni\u0107 bezpiecze\u0144stwo i higien\u0119 organizacji zaj\u0119\u0107 w [&hellip;]<\/p>\n","protected":false},"author":2,"featured_media":4396,"comment_status":"closed","ping_status":"open","sticky":false,"template":"","format":"standard","meta":{"footnotes":""},"categories":[9,5],"tags":[],"class_list":["post-4394","post","type-post","status-publish","format-standard","has-post-thumbnail","hentry","category-edukacja","category-wiadomosci"],"_links":{"self":[{"href":"https:\/\/fleschmazowsza.com.pl\/index.php?rest_route=\/wp\/v2\/posts\/4394","targetHints":{"allow":["GET"]}}],"collection":[{"href":"https:\/\/fleschmazowsza.com.pl\/index.php?rest_route=\/wp\/v2\/posts"}],"about":[{"href":"https:\/\/fleschmazowsza.com.pl\/index.php?rest_route=\/wp\/v2\/types\/post"}],"author":[{"embeddable":true,"href":"https:\/\/fleschmazowsza.com.pl\/index.php?rest_route=\/wp\/v2\/users\/2"}],"replies":[{"embeddable":true,"href":"https:\/\/fleschmazowsza.com.pl\/index.php?rest_route=%2Fwp%2Fv2%2Fcomments&post=4394"}],"version-history":[{"count":1,"href":"https:\/\/fleschmazowsza.com.pl\/index.php?rest_route=\/wp\/v2\/posts\/4394\/revisions"}],"predecessor-version":[{"id":4397,"href":"https:\/\/fleschmazowsza.com.pl\/index.php?rest_route=\/wp\/v2\/posts\/4394\/revisions\/4397"}],"wp:featuredmedia":[{"embeddable":true,"href":"https:\/\/fleschmazowsza.com.pl\/index.php?rest_route=\/wp\/v2\/media\/4396"}],"wp:attachment":[{"href":"https:\/\/fleschmazowsza.com.pl\/index.php?rest_route=%2Fwp%2Fv2%2Fmedia&parent=4394"}],"wp:term":[{"taxonomy":"category","embeddable":true,"href":"https:\/\/fleschmazowsza.com.pl\/index.php?rest_route=%2Fwp%2Fv2%2Fcategories&post=4394"},{"taxonomy":"post_tag","embeddable":true,"href":"https:\/\/fleschmazowsza.com.pl\/index.php?rest_route=%2Fwp%2Fv2%2Ftags&post=4394"}],"curies":[{"name":"wp","href":"https:\/\/api.w.org\/{rel}","templated":true}]}}