{"id":4388,"date":"2021-08-16T12:33:41","date_gmt":"2021-08-16T11:33:41","guid":{"rendered":"http:\/\/fleschmazowsza.com.pl\/?p=4388"},"modified":"2021-08-16T12:33:42","modified_gmt":"2021-08-16T11:33:42","slug":"wakacje-w-unii-upewnij-sie-ze-masz-ubezpieczenie-zdrowotne","status":"publish","type":"post","link":"https:\/\/fleschmazowsza.com.pl\/?p=4388","title":{"rendered":"Wakacje w Unii? Upewnij si\u0119, \u017ce masz ubezpieczenie zdrowotne"},"content":{"rendered":"\n<p><strong>Nadszed\u0142 d\u0142ugo wyczekiwany czas wakacji, urlop\u00f3w i rodzinnych wyjazd\u00f3w. Je\u015bli zamierzasz sp\u0119dzi\u0107 wakacje w Unii Europejskiej, to warto sprawdzi\u0107 swoje ubezpieczenie zdrowotne.<\/strong><\/p>\n\n\n\n<p>Ubezpieczenie zdrowotne jest potrzebne nie tylko wtedy, gdy przebywamy w Polsce, ale tak\u017ce w przypadku nag\u0142ego zachorowania podczas tymczasowego pobytu w innym kraju Unii Europejskiej. Mog\u0105 to by\u0107 zar\u00f3wno wakacje, wyjazd w celach turystycznych jak i podr\u00f3\u017c s\u0142u\u017cbowa. Warto przypomnie\u0107, \u017ce obywatelom UE przys\u0142uguje prawo do leczenia, kt\u00f3rego nie mo\u017cna od\u0142o\u017cy\u0107 do czasu powrotu do domu. Opieka b\u0119dzie odbywa\u0107 si\u0119 na takich samych warunkach jak dla os\u00f3b ubezpieczonych w kraju, w kt\u00f3rym przebywaj\u0105.<\/p>\n\n\n\n<p class=\"has-text-align-center\"><strong>Kto podlega ubezpieczeniu zdrowotnemu?<\/strong><\/p>\n\n\n\n<p>Koniecznie nale\u017cy pami\u0119ta\u0107 o tym, \u017ce ubezpieczenie zdrowotne r\u00f3\u017cni si\u0119 od ubezpieczenia chorobowego. Z tym drugim mamy do czynienia gdy zachorujemy i czasowo nie mo\u017cemy by\u0107 w pracy. Wtedy lekarz wystawia zwolnienie lekarskie i mo\u017cemy otrzyma\u0107 zasi\u0142ek chorobowy. Ubezpieczenie zdrowotne dotyczy natomiast m.in. wizyt u lekarza, pobytu w szpitalu i refundacji recept. Dzi\u0119ki niemu nie musimy p\u0142aci\u0107 za badania i leczenie gdy np. z\u0142amiemy nog\u0119.<\/p>\n\n\n\n<p>Ubezpieczenie zdrowotne daje dost\u0119p do \u015bwiadcze\u0144 opieki zdrowotnej. Ma do nich prawo ka\u017cdy, kto podlega obowi\u0105zkowi ubezpieczenia zdrowotnego, czyli jest np. pracownikiem, zleceniobiorc\u0105 lub prowadzi dzia\u0142alno\u015b\u0107 gospodarcz\u0105. Ze \u015bwiadcze\u0144 mo\u017ce korzysta\u0107 tak\u017ce cz\u0142onek rodziny osoby ubezpieczonej, kt\u00f3ry zosta\u0142 zg\u0142oszony do ubezpieczenia.<\/p>\n\n\n\n<p>Status cz\u0142onka rodziny posiada: dziecko w\u0142asne, dziecko ma\u0142\u017conka, dziecko przysposobione, wnuk albo dziecko obce, dla kt\u00f3rego ustanowiono opiek\u0119, albo dziecko obce w ramach rodziny zast\u0119pczej lub rodzinnego domu dziecka. Cz\u0142onkiem rodziny s\u0105 r\u00f3wnie\u017c ma\u0142\u017conek oraz wst\u0119pni pozostaj\u0105cy z ubezpieczonym we wsp\u00f3lnym gospodarstwie domowym.<\/p>\n\n\n\n<p class=\"has-text-align-center\"><strong>Ubezpieczanie dzieci i cz\u0142onk\u00f3w rodziny<\/strong><\/p>\n\n\n\n<p>Do ubezpieczenia zdrowotnego zg\u0142asza ich tw\u00f3j p\u0142atnik sk\u0142adek, a wi\u0119c firma, w kt\u00f3rej jeste\u015b zatrudniony. Musisz tylko pami\u0119ta\u0107, aby poinformowa\u0107 o tym, \u017ce posiadasz cz\u0142onk\u00f3w rodziny, kt\u00f3rzy musz\u0105 zosta\u0107 zg\u0142oszeni do twojego ubezpieczenia. Je\u015bli prowadzisz dzia\u0142alno\u015b\u0107 gospodarcz\u0105, zar\u00f3wno siebie, jak i bliskich, zg\u0142aszasz sam (robisz to na formularzu ZUS ZCNA).<\/p>\n\n\n\n<p>Dziecko mo\u017ce by\u0107 obj\u0119te ubezpieczeniem zdrowotnym jako cz\u0142onek rodziny dop\u00f3ki nie sko\u0144czy 18 lat. Je\u015bli dalej uczy si\u0119 w szkole, zak\u0142adzie kszta\u0142cenia nauczycieli lub odbywa kszta\u0142cenie w uczelni lub szkole doktorskiej, to ma prawo do ubezpieczenia zdrowotnego przy rodzicu dop\u00f3ki nie sko\u0144czy 26 lat. Je\u015bli ma orzeczenie o znacznym stopniu niepe\u0142nosprawno\u015bci lub r\u00f3wnowa\u017cne, ma prawo do ubezpieczenia zdrowotnego przy osobie obj\u0119tej ubezpieczeniem zdrowotnym bez ograniczenia wieku.<\/p>\n\n\n\n<p>Pami\u0119taj, \u017ce w momencie, gdy sko\u0144czy si\u0119 Twoja umowa o prac\u0119 albo umowa zlecenia i nie b\u0119dziesz ju\u017c zatrudniony, Tw\u00f3j p\u0142atnik sk\u0142adek wyrejestruje z ubezpieczenia Ciebie i cz\u0142onk\u00f3w Twojej rodziny. Jednak gdy staniesz si\u0119 wtedy osob\u0105 bezrobotn\u0105 i zarejestrujesz si\u0119 w urz\u0119dzie pracy, to ubezpieczenie zdrowotne nadal b\u0119dzie Ci przys\u0142ugiwa\u0107. Mo\u017cesz te\u017c zg\u0142osi\u0107 do niego dzieci, ma\u0142\u017conka, rodzic\u00f3w i dziadk\u00f3w.<\/p>\n\n\n\n<p class=\"has-text-align-center\"><strong>Ubezpieczenie zdrowotne za granic\u0105<\/strong><\/p>\n\n\n\n<p>Fakt obj\u0119cia ubezpieczeniem zdrowotnym siebie i cz\u0142onk\u00f3w rodziny mo\u017cemy sprawdzi\u0107 na Platformie Us\u0142ug Elektronicznych ZUS (PUE ZUS). Pewni uprawnie\u0144 do \u015bwiadcze\u0144 opieki zdrowotnej mo\u017cemy wyst\u0105pi\u0107 z wnioskiem o wystawienie Europejskiej Karty Ubezpieczenia Zdrowotnego (EKUZ). Potwierdza ona prawo do bezp\u0142atnego leczenia w ka\u017cdym UE lub EFTA<\/p>\n\n\n\n<p>Ka\u017cdy, kto posiada Internetowe Konto Pacjenta lub konto na portalu EPUAP mo\u017ce za ich po\u015brednictwem z\u0142o\u017cy\u0107 wniosek o wydanie karty EKUZ. Ponadto wniosek mo\u017cna z\u0142o\u017cy\u0107 osobi\u015bcie w dowolnym oddziale lub delegaturze NFZ lub wys\u0142a\u0107 mailem b\u0105d\u017a poczt\u0105 do oddzia\u0142u w\u0142a\u015bciwego ze wzgl\u0119du na miejsce zamieszkania. Karta jest wydawana bezp\u0142atnie, oddzielnie dla ka\u017cdego cz\u0142onka rodziny. Podczas wszystkich wyjazd\u00f3w zagranicznych nale\u017cy mie\u0107 j\u0105 przy sobie. Stanowi dokument potwierdzaj\u0105cy ubezpieczenie zdrowotne w jednym z kraj\u00f3w UE.<\/p>\n\n\n\n<p>Wakacje w kraju? Wci\u0105\u017c mo\u017cesz wykorzysta\u0107 Polski Bon Turystyczny<\/p>\n\n\n\n<p>Zak\u0142ad Ubezpiecze\u0144 Spo\u0142ecznych przypomina, \u017ce wci\u0105\u017c mo\u017cna korzysta\u0107 ze wsparcia w postaci Polskiego Bonu Turystycznego. Wynosi jednorazowo 500 z\u0142 na ka\u017cde dziecko do 18. roku \u017cycia oraz jedno dodatkowe \u015bwiadczenie w formie uzupe\u0142nienia bonu w wysoko\u015bci 500 z\u0142 dla dzieci z orzeczeniem o niepe\u0142nosprawno\u015bci. Za pomoc\u0105 bonu mo\u017cna zap\u0142aci\u0107 za us\u0142ugi hotelarskie lub imprezy turystyczne realizowane przez przedsi\u0119biorc\u0119 turystycznego lub organizacj\u0119 po\u017cytku publicznego na terenie kraju. Bon jest wa\u017cny do 31 marca 2022 r.<\/p>\n\n\n\n<p class=\"has-text-align-right\"><strong>Piotr Olewi\u0144ski<\/strong><br><strong>Regionalny Rzecznik Prasowy ZUS wojew\u00f3dztwa mazowieckiego<\/strong><\/p>\n","protected":false},"excerpt":{"rendered":"<p>Nadszed\u0142 d\u0142ugo wyczekiwany czas wakacji, urlop\u00f3w i rodzinnych wyjazd\u00f3w. Je\u015bli zamierzasz sp\u0119dzi\u0107 wakacje w Unii Europejskiej, to warto sprawdzi\u0107 swoje ubezpieczenie zdrowotne. Ubezpieczenie zdrowotne jest potrzebne nie tylko wtedy, gdy przebywamy w Polsce, ale tak\u017ce w przypadku nag\u0142ego zachorowania podczas tymczasowego pobytu w innym kraju Unii Europejskiej. Mog\u0105 to by\u0107 zar\u00f3wno wakacje, wyjazd w celach [&hellip;]<\/p>\n","protected":false},"author":2,"featured_media":4389,"comment_status":"closed","ping_status":"open","sticky":false,"template":"","format":"standard","meta":{"footnotes":""},"categories":[1],"tags":[],"class_list":["post-4388","post","type-post","status-publish","format-standard","has-post-thumbnail","hentry","category-uncategorized"],"_links":{"self":[{"href":"https:\/\/fleschmazowsza.com.pl\/index.php?rest_route=\/wp\/v2\/posts\/4388","targetHints":{"allow":["GET"]}}],"collection":[{"href":"https:\/\/fleschmazowsza.com.pl\/index.php?rest_route=\/wp\/v2\/posts"}],"about":[{"href":"https:\/\/fleschmazowsza.com.pl\/index.php?rest_route=\/wp\/v2\/types\/post"}],"author":[{"embeddable":true,"href":"https:\/\/fleschmazowsza.com.pl\/index.php?rest_route=\/wp\/v2\/users\/2"}],"replies":[{"embeddable":true,"href":"https:\/\/fleschmazowsza.com.pl\/index.php?rest_route=%2Fwp%2Fv2%2Fcomments&post=4388"}],"version-history":[{"count":1,"href":"https:\/\/fleschmazowsza.com.pl\/index.php?rest_route=\/wp\/v2\/posts\/4388\/revisions"}],"predecessor-version":[{"id":4390,"href":"https:\/\/fleschmazowsza.com.pl\/index.php?rest_route=\/wp\/v2\/posts\/4388\/revisions\/4390"}],"wp:featuredmedia":[{"embeddable":true,"href":"https:\/\/fleschmazowsza.com.pl\/index.php?rest_route=\/wp\/v2\/media\/4389"}],"wp:attachment":[{"href":"https:\/\/fleschmazowsza.com.pl\/index.php?rest_route=%2Fwp%2Fv2%2Fmedia&parent=4388"}],"wp:term":[{"taxonomy":"category","embeddable":true,"href":"https:\/\/fleschmazowsza.com.pl\/index.php?rest_route=%2Fwp%2Fv2%2Fcategories&post=4388"},{"taxonomy":"post_tag","embeddable":true,"href":"https:\/\/fleschmazowsza.com.pl\/index.php?rest_route=%2Fwp%2Fv2%2Ftags&post=4388"}],"curies":[{"name":"wp","href":"https:\/\/api.w.org\/{rel}","templated":true}]}}