{"id":4330,"date":"2021-07-23T11:31:08","date_gmt":"2021-07-23T10:31:08","guid":{"rendered":"http:\/\/fleschmazowsza.com.pl\/?p=4330"},"modified":"2021-07-23T11:31:09","modified_gmt":"2021-07-23T10:31:09","slug":"wypadek-na-a2-kierowca-jechal-pod-prad-nie-zyje","status":"publish","type":"post","link":"https:\/\/fleschmazowsza.com.pl\/?p=4330","title":{"rendered":"Wypadek na A2 \u2013 kierowca jecha\u0142 pod pr\u0105d, nie \u017cyje"},"content":{"rendered":"\n<p><strong>13 lipca w nocy, oko\u0142o godziny 2.00 dosz\u0142o do \u015bmiertelnego wypadku na autostradzie A2. Na 433. kilometrze trasy w Izdebnie Nowym kierowca Volkswagena uderzy\u0142 w Volvo. Po zebraniu szczeg\u00f3\u0142owych danych uda\u0142o si\u0119 ustali\u0107, \u017ce m\u0119\u017cczyzna odpowiedzialny za spowodowanie wypadku jecha\u0142 pod pr\u0105d.<\/strong><\/p>\n\n\n\n<p>\u2013 Na 433. kilometrze autostrady A2 kierowca Volkswagena uderzy\u0142 w Volvo, a Volvo w Renault. Z ustale\u0144 policjant\u00f3w wynika, i\u017c Volkswagen jecha\u0142 po autostradzie pod pr\u0105d i dlatego dosz\u0142o do wypadku \u2013 powiedzia\u0142 asp. sztab. S\u0142awomir Janowiec z Komendy Powiatowej Policji w Grodzisku Mazowieckim.<\/p>\n\n\n\n<p>P\u00f3\u017aniejsze dochodzenie policji nie wyja\u015bni\u0142o dlaczego kierowca jecha\u0142 pod pr\u0105d.<\/p>\n\n\n\n<p>\u2013 68 letni m\u0119\u017cczyzna z niewyja\u015bnionych przyczyn jecha\u0142 pod pr\u0105d autostrad\u0105 A2 w kierunku Poznania. Na wysoko\u015bci 433 km zderzy\u0142 si\u0119 czo\u0142owo z prawid\u0142owo jad\u0105cym pojazdem marki Volvo, kt\u00f3rym podr\u00f3\u017cowa\u0142a rodzina z trojgiem dzieci. W wyniku zderzenia Volvo uderzy\u0142o w jad\u0105cy obok pojazd marki Renault \u2013 podaje policja.<\/p>\n\n\n\n<p>M\u0119\u017cczyzna zmar\u0142 na miejscu. Policjanci opublikowali w sieci zdj\u0119cia z wypadku ku przestrodze dla innych uczestnik\u00f3w ruchu drogowego.<\/p>\n\n\n\n<p>\u2013 Sprawca zdarzenia poni\u00f3s\u0142 \u015bmier\u0107 na miejscu. Kieruj\u0105cy pojazdem Volvo waz z pasa\u017cerami zostali przewiezieni do szpitala, gdzie po przeprowadzeniu konsultacji lekarskiej na oddziale pozosta\u0142 tylko kieruj\u0105cy \u2013 dodaje.<\/p>\n\n\n\n<p>Grodziska policja prosi o ostro\u017cno\u015b\u0107 i rozs\u0105dek na drogach.<\/p>\n\n\n\n<p>\u2013 Szczeg\u00f3lnie w okresie wakacyjnym, jak i porze wieczorowo \u2013 nocnej nale\u017cy zwi\u0119kszy\u0107 czujno\u015b\u0107 za kierownic\u0105. Trzeba r\u00f3wnie\u017c pami\u0119ta\u0107 o zasadzie ograniczonego zaufania, gdy\u017c tak naprawd\u0119 nigdy nie wiemy co nas mo\u017ce spotka\u0107 ze strony innych uczestnik\u00f3w ruchu drogowego \u2013 zaznaczaj\u0105.<\/p>\n\n\n\n<p class=\"has-text-align-right\"><strong>(ak)<\/strong>, Fot.: <em><strong>Grodzisknews<\/strong><\/em><\/p>\n","protected":false},"excerpt":{"rendered":"<p>13 lipca w nocy, oko\u0142o godziny 2.00 dosz\u0142o do \u015bmiertelnego wypadku na autostradzie A2. Na 433. kilometrze trasy w Izdebnie Nowym kierowca Volkswagena uderzy\u0142 w Volvo. Po zebraniu szczeg\u00f3\u0142owych danych uda\u0142o si\u0119 ustali\u0107, \u017ce m\u0119\u017cczyzna odpowiedzialny za spowodowanie wypadku jecha\u0142 pod pr\u0105d. \u2013 Na 433. kilometrze autostrady A2 kierowca Volkswagena uderzy\u0142 w Volvo, a Volvo [&hellip;]<\/p>\n","protected":false},"author":2,"featured_media":4331,"comment_status":"closed","ping_status":"open","sticky":false,"template":"","format":"standard","meta":{"footnotes":""},"categories":[5],"tags":[],"class_list":["post-4330","post","type-post","status-publish","format-standard","has-post-thumbnail","hentry","category-wiadomosci"],"_links":{"self":[{"href":"https:\/\/fleschmazowsza.com.pl\/index.php?rest_route=\/wp\/v2\/posts\/4330","targetHints":{"allow":["GET"]}}],"collection":[{"href":"https:\/\/fleschmazowsza.com.pl\/index.php?rest_route=\/wp\/v2\/posts"}],"about":[{"href":"https:\/\/fleschmazowsza.com.pl\/index.php?rest_route=\/wp\/v2\/types\/post"}],"author":[{"embeddable":true,"href":"https:\/\/fleschmazowsza.com.pl\/index.php?rest_route=\/wp\/v2\/users\/2"}],"replies":[{"embeddable":true,"href":"https:\/\/fleschmazowsza.com.pl\/index.php?rest_route=%2Fwp%2Fv2%2Fcomments&post=4330"}],"version-history":[{"count":1,"href":"https:\/\/fleschmazowsza.com.pl\/index.php?rest_route=\/wp\/v2\/posts\/4330\/revisions"}],"predecessor-version":[{"id":4332,"href":"https:\/\/fleschmazowsza.com.pl\/index.php?rest_route=\/wp\/v2\/posts\/4330\/revisions\/4332"}],"wp:featuredmedia":[{"embeddable":true,"href":"https:\/\/fleschmazowsza.com.pl\/index.php?rest_route=\/wp\/v2\/media\/4331"}],"wp:attachment":[{"href":"https:\/\/fleschmazowsza.com.pl\/index.php?rest_route=%2Fwp%2Fv2%2Fmedia&parent=4330"}],"wp:term":[{"taxonomy":"category","embeddable":true,"href":"https:\/\/fleschmazowsza.com.pl\/index.php?rest_route=%2Fwp%2Fv2%2Fcategories&post=4330"},{"taxonomy":"post_tag","embeddable":true,"href":"https:\/\/fleschmazowsza.com.pl\/index.php?rest_route=%2Fwp%2Fv2%2Ftags&post=4330"}],"curies":[{"name":"wp","href":"https:\/\/api.w.org\/{rel}","templated":true}]}}