{"id":4298,"date":"2021-07-12T12:06:28","date_gmt":"2021-07-12T11:06:28","guid":{"rendered":"http:\/\/fleschmazowsza.com.pl\/?p=4298"},"modified":"2021-07-12T12:06:29","modified_gmt":"2021-07-12T11:06:29","slug":"zapalil-sie-jadacy-autobus","status":"publish","type":"post","link":"https:\/\/fleschmazowsza.com.pl\/?p=4298","title":{"rendered":"Zapali\u0142 si\u0119 jad\u0105cy autobus"},"content":{"rendered":"\n<p><strong>W \u015brod\u0119, 30 czerwca w Grodzisku Mazowieckim dosz\u0142o do niebezpiecznego incydentu. W centrum miasta zapali\u0142 si\u0119 jad\u0105cy autobus. Na szcz\u0119\u015bcie nie dosz\u0142o do tragedii i nikomu nic si\u0119 nie sta\u0142o.<\/strong><\/p>\n\n\n\n<p>Na miejsce dojecha\u0142y dwa zast\u0119py stra\u017cy po\u017carnej. W godzinach popo\u0142udniowych do grodziskiej stra\u017cy zadzwoni\u0142 jeden ze \u015bwiadk\u00f3w zdarzenia.<\/p>\n\n\n\n<p>\u2013 O godz. 16.45 otrzymali\u015bmy zg\u0142oszenie o pal\u0105cym si\u0119 autobusie, kt\u00f3ry jest w ruchu. Autobus by\u0142 na ul. Montwi\u0142\u0142a w Grodzisku, pali\u0142a si\u0119 komora silnika. Na miejsce zadysponowano jeden zast\u0119p z grodziskiej Jednostki Ratowniczo \u2013 Ga\u015bniczej oraz jeden z OSP Grodzisk Maz. Po doje\u017adzie stwierdzono po\u017car komory silnika, kt\u00f3ry zosta\u0142 ugaszony \u2013 powiedzia\u0142 asp. Krzysztof Stefaniak, rzecznik prasowy Komendy Powiatowej Pa\u0144stwowej Stra\u017cy Po\u017carnej w Grodzisku Mazowieckim. \u2013 W zdarzeniu tym nikt nie ucierpia\u0142 \u2013 doda\u0142.<\/p>\n\n\n\n<p>Ca\u0142e zdarzenie wygl\u0105da\u0142o powa\u017cnie, ale szybkie zg\u0142oszenie i interwencja s\u0142u\u017cb pozwoli\u0142y unikn\u0105\u0107 tragedii.<\/p>\n\n\n\n<p class=\"has-text-align-right\"><strong>(ak)<\/strong>, Fot.: <strong><em>Grodzisknews.pl<\/em><\/strong><\/p>\n","protected":false},"excerpt":{"rendered":"<p>W \u015brod\u0119, 30 czerwca w Grodzisku Mazowieckim dosz\u0142o do niebezpiecznego incydentu. W centrum miasta zapali\u0142 si\u0119 jad\u0105cy autobus. Na szcz\u0119\u015bcie nie dosz\u0142o do tragedii i nikomu nic si\u0119 nie sta\u0142o. Na miejsce dojecha\u0142y dwa zast\u0119py stra\u017cy po\u017carnej. W godzinach popo\u0142udniowych do grodziskiej stra\u017cy zadzwoni\u0142 jeden ze \u015bwiadk\u00f3w zdarzenia. \u2013 O godz. 16.45 otrzymali\u015bmy zg\u0142oszenie o [&hellip;]<\/p>\n","protected":false},"author":2,"featured_media":4299,"comment_status":"closed","ping_status":"open","sticky":false,"template":"","format":"standard","meta":{"footnotes":""},"categories":[5],"tags":[],"class_list":["post-4298","post","type-post","status-publish","format-standard","has-post-thumbnail","hentry","category-wiadomosci"],"_links":{"self":[{"href":"https:\/\/fleschmazowsza.com.pl\/index.php?rest_route=\/wp\/v2\/posts\/4298","targetHints":{"allow":["GET"]}}],"collection":[{"href":"https:\/\/fleschmazowsza.com.pl\/index.php?rest_route=\/wp\/v2\/posts"}],"about":[{"href":"https:\/\/fleschmazowsza.com.pl\/index.php?rest_route=\/wp\/v2\/types\/post"}],"author":[{"embeddable":true,"href":"https:\/\/fleschmazowsza.com.pl\/index.php?rest_route=\/wp\/v2\/users\/2"}],"replies":[{"embeddable":true,"href":"https:\/\/fleschmazowsza.com.pl\/index.php?rest_route=%2Fwp%2Fv2%2Fcomments&post=4298"}],"version-history":[{"count":1,"href":"https:\/\/fleschmazowsza.com.pl\/index.php?rest_route=\/wp\/v2\/posts\/4298\/revisions"}],"predecessor-version":[{"id":4300,"href":"https:\/\/fleschmazowsza.com.pl\/index.php?rest_route=\/wp\/v2\/posts\/4298\/revisions\/4300"}],"wp:featuredmedia":[{"embeddable":true,"href":"https:\/\/fleschmazowsza.com.pl\/index.php?rest_route=\/wp\/v2\/media\/4299"}],"wp:attachment":[{"href":"https:\/\/fleschmazowsza.com.pl\/index.php?rest_route=%2Fwp%2Fv2%2Fmedia&parent=4298"}],"wp:term":[{"taxonomy":"category","embeddable":true,"href":"https:\/\/fleschmazowsza.com.pl\/index.php?rest_route=%2Fwp%2Fv2%2Fcategories&post=4298"},{"taxonomy":"post_tag","embeddable":true,"href":"https:\/\/fleschmazowsza.com.pl\/index.php?rest_route=%2Fwp%2Fv2%2Ftags&post=4298"}],"curies":[{"name":"wp","href":"https:\/\/api.w.org\/{rel}","templated":true}]}}