{"id":4295,"date":"2021-07-12T12:03:32","date_gmt":"2021-07-12T11:03:32","guid":{"rendered":"http:\/\/fleschmazowsza.com.pl\/?p=4295"},"modified":"2021-07-12T12:03:34","modified_gmt":"2021-07-12T11:03:34","slug":"nowy-wyglad-dworca-w-milanowku","status":"publish","type":"post","link":"https:\/\/fleschmazowsza.com.pl\/?p=4295","title":{"rendered":"Nowy wygl\u0105d dworca w Milan\u00f3wku"},"content":{"rendered":"\n<p><strong>Bezpieczny, funkcjonalny i bardziej komfortowy \u2013 taki b\u0119dzie dworzec w Milan\u00f3wku po zako\u0144czeniu przebudowy. PKP S.A. og\u0142osi\u0142y przetarg na wyb\u00f3r wykonawcy prac budowlanych.<\/strong><\/p>\n\n\n\n<p>Dzi\u0119ki inwestycji PKP S.A. obecny budynek dworca w Milan\u00f3wku zyska zupe\u0142nie nowy wygl\u0105d. Obiekt zostanie rozbudowany, dzi\u0119ki czemu zwi\u0119kszy si\u0119 powierzchnia przeznaczona dla podr\u00f3\u017cnych. Now\u0105 cz\u0119\u015b\u0107, kt\u00f3r\u0105 zaplanowano od strony frontowej, charakteryzowa\u0107 b\u0119dzie przeszklona \u015bciana wyko\u0144czona bia\u0142\u0105 attyk\u0105 z artystycznym wzorem, nawi\u0105zuj\u0105cym r\u00f3wnie\u017c do wyko\u0144czenia sufit\u00f3w wewn\u0105trz obiektu. Historyczna cz\u0119\u015b\u0107 dworca zyska now\u0105 stolark\u0119 okienn\u0105 i&nbsp; drzwiow\u0105 oraz now\u0105 posadzk\u0119.<\/p>\n\n\n\n<p>W ramach przebudowy zaplanowano zmian\u0119 aran\u017cacji powierzchni wewn\u0105trz historycznego budynku. W holu, pe\u0142ni\u0105cym funkcj\u0119 przestrzeni do obs\u0142ugi podr\u00f3\u017cnych, znajd\u0105 si\u0119 toalety oraz pomieszczenie na kas\u0119 biletow\u0105. Natomiast w nowej, dobudowanej cz\u0119\u015bci dworca zaprojektowano niewielk\u0105 poczekalni\u0119 dla podr\u00f3\u017cnych z wydzielon\u0105 przestrzeni\u0105 przeznaczon\u0105 pod komercj\u0119. W&nbsp; zmodernizowanym budynku pojawi\u0105 si\u0119 gabloty z rozk\u0142adem jazdy, elektroniczne tablice przyjazd\u00f3w i odjazd\u00f3w poci\u0105g\u00f3w oraz system informacji g\u0142osowej. Planowany jest r\u00f3wnie\u017c monta\u017c og\u00f3lnodost\u0119pnej sieci bezprzewodowej.<\/p>\n\n\n\n<p>Na zewn\u0105trz dworca zaprojektowano kilkana\u015bcie stojak\u00f3w rowerowych. Uporz\u0105dkowane zostan\u0105 tereny zielone oraz pojawi\u0105 si\u0119 nowe, ozdobne nasadzenia.<\/p>\n\n\n\n<p>\u2013 Og\u0142oszenie przetargu na wyb\u00f3r wykonawcy przebudowy dworca w Milan\u00f3wku to kolejny element przeciwdzia\u0142ania wykluczeniu komunikacyjnemu. Mieszka\u0144cy kolejnego miasta w obr\u0119bie aglomeracji warszawskiej zyskaj\u0105 dost\u0119p do bezpiecznej i komfortowej infrastruktury kolejowej. Mam nadziej\u0119, \u017ce zmodernizowany budynek dworca stanie si\u0119 wa\u017cnym centrum spo\u0142eczno\u015bci lokalnej i u\u0142atwi pasa\u017cerom powiatu grodziskiego podr\u00f3\u017cowanie kolej\u0105 do Warszawy. Wszystko to&nbsp; dzi\u0119ki Programowi Inwestycji Dworcowych, w ramach kt\u00f3rego polski rz\u0105d przeznaczy do 2023 r. prawie 2 mld z\u0142 na modernizacj\u0119 blisko 200 dworc\u00f3w \u2013 powiedzia\u0142 Andrzej Bittel, sekretarz stanu w&nbsp; Ministerstwie Infrastruktury.<\/p>\n\n\n\n<p>Dworzec w Milan\u00f3wku zostanie dostosowany do potrzeb os\u00f3b z niepe\u0142nosprawno\u015bciami. Z szeregu usprawnie\u0144 warto wspomnie\u0107 m.in. o \u015bcie\u017ckach prowadz\u0105cych, tablicach dotykowych, oznaczeniach w alfabecie Braille`a dla os\u00f3b niewidomych i niedowidz\u0105cych oraz toaletach przystosowanych dla os\u00f3b o ograniczonej sprawno\u015bci ruchowej.<\/p>\n\n\n\n<p>Na dworcu po przebudowie b\u0119dzie r\u00f3wnie\u017c bezpieczniej. Planowane jest wykonanie nowych instalacji w budynku oraz monta\u017c nowoczesnych system\u00f3w, takich jak monitoring, kontrola dost\u0119pu czy sygnalizacja w\u0142amania i napadu. Za optymalizacj\u0119 zu\u017cycia energii elektrycznej, cieplnej i wody na dworcu b\u0119dzie odpowiada\u0142 system BMS (Building Management System), steruj\u0105cy prac\u0105 wszystkich instalacji i urz\u0105dze\u0144 na dworcu.<\/p>\n\n\n\n<p>Rozpocz\u0119cie rob\u00f3t budowlanych planowane jest na koniec tego roku, a zako\u0144czenie inwestycji na koniec 2022 roku. Zadanie b\u0119dzie realizowane z dofinansowaniem ze \u015brodk\u00f3w unijnych w ramach Programu Operacyjnego Infrastruktura i \u015arodowisko.<\/p>\n\n\n\n<p class=\"has-text-align-right\">Wydzia\u0142 Komunikacji<br>Biuro Komunikacji<br>Polskie Koleje Pa\u0144stwowe S.A.<\/p>\n","protected":false},"excerpt":{"rendered":"<p>Bezpieczny, funkcjonalny i bardziej komfortowy \u2013 taki b\u0119dzie dworzec w Milan\u00f3wku po zako\u0144czeniu przebudowy. PKP S.A. og\u0142osi\u0142y przetarg na wyb\u00f3r wykonawcy prac budowlanych. Dzi\u0119ki inwestycji PKP S.A. obecny budynek dworca w Milan\u00f3wku zyska zupe\u0142nie nowy wygl\u0105d. Obiekt zostanie rozbudowany, dzi\u0119ki czemu zwi\u0119kszy si\u0119 powierzchnia przeznaczona dla podr\u00f3\u017cnych. Now\u0105 cz\u0119\u015b\u0107, kt\u00f3r\u0105 zaplanowano od strony frontowej, charakteryzowa\u0107 [&hellip;]<\/p>\n","protected":false},"author":2,"featured_media":4296,"comment_status":"closed","ping_status":"open","sticky":false,"template":"","format":"standard","meta":{"footnotes":""},"categories":[5],"tags":[],"class_list":["post-4295","post","type-post","status-publish","format-standard","has-post-thumbnail","hentry","category-wiadomosci"],"_links":{"self":[{"href":"https:\/\/fleschmazowsza.com.pl\/index.php?rest_route=\/wp\/v2\/posts\/4295","targetHints":{"allow":["GET"]}}],"collection":[{"href":"https:\/\/fleschmazowsza.com.pl\/index.php?rest_route=\/wp\/v2\/posts"}],"about":[{"href":"https:\/\/fleschmazowsza.com.pl\/index.php?rest_route=\/wp\/v2\/types\/post"}],"author":[{"embeddable":true,"href":"https:\/\/fleschmazowsza.com.pl\/index.php?rest_route=\/wp\/v2\/users\/2"}],"replies":[{"embeddable":true,"href":"https:\/\/fleschmazowsza.com.pl\/index.php?rest_route=%2Fwp%2Fv2%2Fcomments&post=4295"}],"version-history":[{"count":1,"href":"https:\/\/fleschmazowsza.com.pl\/index.php?rest_route=\/wp\/v2\/posts\/4295\/revisions"}],"predecessor-version":[{"id":4297,"href":"https:\/\/fleschmazowsza.com.pl\/index.php?rest_route=\/wp\/v2\/posts\/4295\/revisions\/4297"}],"wp:featuredmedia":[{"embeddable":true,"href":"https:\/\/fleschmazowsza.com.pl\/index.php?rest_route=\/wp\/v2\/media\/4296"}],"wp:attachment":[{"href":"https:\/\/fleschmazowsza.com.pl\/index.php?rest_route=%2Fwp%2Fv2%2Fmedia&parent=4295"}],"wp:term":[{"taxonomy":"category","embeddable":true,"href":"https:\/\/fleschmazowsza.com.pl\/index.php?rest_route=%2Fwp%2Fv2%2Fcategories&post=4295"},{"taxonomy":"post_tag","embeddable":true,"href":"https:\/\/fleschmazowsza.com.pl\/index.php?rest_route=%2Fwp%2Fv2%2Ftags&post=4295"}],"curies":[{"name":"wp","href":"https:\/\/api.w.org\/{rel}","templated":true}]}}