{"id":4267,"date":"2021-06-30T12:07:47","date_gmt":"2021-06-30T11:07:47","guid":{"rendered":"http:\/\/fleschmazowsza.com.pl\/?p=4267"},"modified":"2021-06-30T12:07:48","modified_gmt":"2021-06-30T11:07:48","slug":"baseny-w-strzeniowce-otwarte","status":"publish","type":"post","link":"https:\/\/fleschmazowsza.com.pl\/?p=4267","title":{"rendered":"Baseny w Strzeni\u00f3wce otwarte"},"content":{"rendered":"\n<p><strong>19 czerwca otwarto kompleks basenowy w Strzeni\u00f3wce. Ze wzgl\u0119du na upa\u0142y, kt\u00f3re nawiedzi\u0142y Polsk\u0119, jest to \u015bwietna mo\u017cliwo\u015b\u0107 na sp\u0119dzenie wolnego popo\u0142udnia. Warto odwiedzi\u0107 nowy obiekt \u2013 sk\u0142ada si\u0119 z trzech basen\u00f3w zewn\u0119trznych z pomostami. To idealne miejsce na sp\u0119dzenie gor\u0105cego dnia.<\/strong><\/p>\n\n\n\n<p>Najm\u0142odsi r\u00f3wnie\u017c znajd\u0105 co\u015b dla siebie, przygotowany jest dla nich najmniejszy basen wraz z wodnym placem zabaw oraz dwiema zje\u017cd\u017calniami. Na terenie basen\u00f3w mo\u017ce w tym samym czasie przebywa\u0107 nawet 700 os\u00f3b.<\/p>\n\n\n\n<p>Jedynym mankamentem kompleksu jest brak dostosowania dla os\u00f3b niepe\u0142nosprawnych.<\/p>\n\n\n\n<p>\u2013 Niestety z powod\u00f3w konstrukcyjnych oraz tempa prac nie uda\u0142o nam si\u0119 rozwi\u0105za\u0107 w tym roku bezpiecznego dost\u0119pu dla os\u00f3b na w\u00f3zkach do g\u00f3rnych pomost\u00f3w. Ten b\u0142\u0105d naprawimy do przysz\u0142ego sezonu. Wybaczcie. Na ten czas jedyn\u0105 mo\u017cliwo\u015bci\u0105 b\u0119dzie pomoc ze strony obs\u0142ugi basen\u00f3w. Pomog\u0105 oni ka\u017cdemu potrzebuj\u0105cemu w pokonaniu istniej\u0105cych barier architektonicznych \u2013 przyznaje Dariusz Zwoli\u0144ski, w\u00f3jt Nadarzyna.<\/p>\n\n\n\n<p>W inauguracyjny weekend zago\u015bci\u0142y t\u0142umy.<\/p>\n\n\n\n<p>\u2013W pierwszy weekend kompleks w Strzeni\u00f3wce odwiedzi\u0142o prawie 3000 ludzi. To by\u0142o prawdziwe \u201erozpoznanie bojem\u201d. Mamy ju\u017c swoje pierwsze na gor\u0105co czynione przemy\u015blenia, s\u0105 rzeczy do poprawki, ale generalnie by\u0142o okej. Zachowujemy \u201erewolucyjn\u0105 czujno\u015b\u0107\u201d, nie spoczywamy na laurach, bo jak m\u00f3wi prawo Murphy\u2019ego: \u201ejak co\u015b mo\u017ce p\u00f3j\u015b\u0107 \u017ale, to na pewno p\u00f3jdzie\u201d \u2013 dodaje w\u0142odarz.<\/p>\n\n\n\n<p>Zakupiony bilet wst\u0119pu b\u0119dzie upowa\u017cnia\u0142 do pobytu na obiekcie przez ca\u0142y dzie\u0144, czyli od godziny 10.00 do 18.00 jednak bez mo\u017cliwo\u015bci wyj\u015bcia z obiektu i powrotu na ten sam bilet<\/p>\n\n\n\n<p>Poni\u017cej cennik:<\/p>\n\n\n\n<p>Doro\u015bli:<\/p>\n\n\n\n<p>Normalny: 40 z\u0142<\/p>\n\n\n\n<p>Ulgowy z kart\u0105 N: 20 z\u0142<\/p>\n\n\n\n<p>Dzieci powy\u017cej 7 lat:<\/p>\n\n\n\n<p>Normalny: 15 z\u0142<\/p>\n\n\n\n<p>Ulgowy z kart\u0105 N: 10 z\u0142<\/p>\n\n\n\n<p>Studenci do 26 roku \u017cycia:<\/p>\n\n\n\n<p>Normalny: 20 z\u0142<\/p>\n\n\n\n<p>Ulgowy z kart\u0105 N: 10 z\u0142<\/p>\n\n\n\n<p>Dzieci do 7 lat, osoby niepe\u0142nosprawne, opiekunowie os\u00f3b niepe\u0142nosprawnych, renci\u015bci i emeryci wst\u0119p wolny!<\/p>\n\n\n\n<p>Rodzina z Kart\u0105 Du\u017cej Rodziny<\/p>\n\n\n\n<p>Rodziny 2+3 ( i wi\u0119cej): 80 z\u0142<\/p>\n\n\n\n<p>Rodzina z Kart\u0105 Du\u017cej Rodziny 2+3 i kart\u0105 N: 50 z\u0142<\/p>\n\n\n\n<p>Grupy zorganizowane (p\u00f3\u0142kolonie, grupy sportowe) z terenu Gminy Nadarzyn:<\/p>\n\n\n\n<p>od pon. \u2013 do pt. 1 z\u0142 od uczestnika<\/p>\n\n\n\n<p>* 1 opiekun na 10 dzieci za darmo<\/p>\n\n\n\n<p>Grupy zorganizowane (p\u00f3\u0142kolonie, grupy sportowe):<\/p>\n\n\n\n<p>od pon. \u2013 do pt. 10 z\u0142 od uczestnika<\/p>\n\n\n\n<p>* 1 opiekun na 10 dzieci za darmo<\/p>\n\n\n\n<p class=\"has-text-align-right\"><strong>(ak)<\/strong>, Fot.: <em><strong>Grodzisknews<\/strong><\/em><\/p>\n","protected":false},"excerpt":{"rendered":"<p>19 czerwca otwarto kompleks basenowy w Strzeni\u00f3wce. Ze wzgl\u0119du na upa\u0142y, kt\u00f3re nawiedzi\u0142y Polsk\u0119, jest to \u015bwietna mo\u017cliwo\u015b\u0107 na sp\u0119dzenie wolnego popo\u0142udnia. Warto odwiedzi\u0107 nowy obiekt \u2013 sk\u0142ada si\u0119 z trzech basen\u00f3w zewn\u0119trznych z pomostami. To idealne miejsce na sp\u0119dzenie gor\u0105cego dnia. Najm\u0142odsi r\u00f3wnie\u017c znajd\u0105 co\u015b dla siebie, przygotowany jest dla nich najmniejszy basen wraz [&hellip;]<\/p>\n","protected":false},"author":2,"featured_media":4269,"comment_status":"closed","ping_status":"open","sticky":false,"template":"","format":"standard","meta":{"footnotes":""},"categories":[8],"tags":[],"class_list":["post-4267","post","type-post","status-publish","format-standard","has-post-thumbnail","hentry","category-roznosci"],"_links":{"self":[{"href":"https:\/\/fleschmazowsza.com.pl\/index.php?rest_route=\/wp\/v2\/posts\/4267","targetHints":{"allow":["GET"]}}],"collection":[{"href":"https:\/\/fleschmazowsza.com.pl\/index.php?rest_route=\/wp\/v2\/posts"}],"about":[{"href":"https:\/\/fleschmazowsza.com.pl\/index.php?rest_route=\/wp\/v2\/types\/post"}],"author":[{"embeddable":true,"href":"https:\/\/fleschmazowsza.com.pl\/index.php?rest_route=\/wp\/v2\/users\/2"}],"replies":[{"embeddable":true,"href":"https:\/\/fleschmazowsza.com.pl\/index.php?rest_route=%2Fwp%2Fv2%2Fcomments&post=4267"}],"version-history":[{"count":1,"href":"https:\/\/fleschmazowsza.com.pl\/index.php?rest_route=\/wp\/v2\/posts\/4267\/revisions"}],"predecessor-version":[{"id":4270,"href":"https:\/\/fleschmazowsza.com.pl\/index.php?rest_route=\/wp\/v2\/posts\/4267\/revisions\/4270"}],"wp:featuredmedia":[{"embeddable":true,"href":"https:\/\/fleschmazowsza.com.pl\/index.php?rest_route=\/wp\/v2\/media\/4269"}],"wp:attachment":[{"href":"https:\/\/fleschmazowsza.com.pl\/index.php?rest_route=%2Fwp%2Fv2%2Fmedia&parent=4267"}],"wp:term":[{"taxonomy":"category","embeddable":true,"href":"https:\/\/fleschmazowsza.com.pl\/index.php?rest_route=%2Fwp%2Fv2%2Fcategories&post=4267"},{"taxonomy":"post_tag","embeddable":true,"href":"https:\/\/fleschmazowsza.com.pl\/index.php?rest_route=%2Fwp%2Fv2%2Ftags&post=4267"}],"curies":[{"name":"wp","href":"https:\/\/api.w.org\/{rel}","templated":true}]}}