{"id":4261,"date":"2021-06-30T11:46:15","date_gmt":"2021-06-30T10:46:15","guid":{"rendered":"http:\/\/fleschmazowsza.com.pl\/?p=4261"},"modified":"2021-06-30T11:46:16","modified_gmt":"2021-06-30T10:46:16","slug":"modernizacja-hali-przy-westfala","status":"publish","type":"post","link":"https:\/\/fleschmazowsza.com.pl\/?p=4261","title":{"rendered":"Modernizacja hali przy Westfala"},"content":{"rendered":"\n<p><strong>Hala sportowa przy ul. Westfala w Grodzisku Mazowieckim jest g\u0142\u00f3wnym miejscem trening\u00f3w grodziskich tenisist\u00f3w oraz najwi\u0119kszym tego typu zamkni\u0119tym obiektem na terenie gminy. Budynek pochodzi z lat 90. i wkr\u00f3tce odb\u0119dzie si\u0119 jego modernizacja.<\/strong><\/p>\n\n\n\n<p>W\u0142odarze Grodziska Mazowieckiego og\u0142osili zam\u00f3wienie na roboty budowlane zwi\u0105zane z remontem hali sportowej przy ul. Westfala. Modernizacja oraz gruntowne usprawnienia przejdzie g\u0142\u00f3wna hala sportowa oraz sala niebieska wraz z widowni\u0105.<\/p>\n\n\n\n<p>W zakres zam\u00f3wienia wchodzi m.in. demonta\u017c starej posadzki, skucie warstw betonu podk\u0142adowego, wykonanie warstwy wyr\u00f3wnawczej z chudego betonu w hali sportowej i izolacji termicznej posadzki w cz\u0119\u015bci hali sportowej, wykonanie p\u0142yty betonowej pod pod\u0142og\u0119 podniesion\u0105, wykonanie systemowej pod\u0142ogi sportowej, wykonanie dylatacji i warstwy wyr\u00f3wnawczej posadzki betonowej pod wyk\u0142adzin\u0119. Zaplanowano posadzk\u0119 sportow\u0105 kombi elastyczn\u0105 z rolowan\u0105 wielowarstwow\u0105 wyk\u0142adzin\u0105 sportow\u0105 PCV na konstrukcji drewnianej.<\/p>\n\n\n\n<p>Sala niebieska zyska now\u0105 posadzk\u0119 betonowan\u0105 pokryt\u0105 \u017cywic\u0105 epoksydow\u0105. Zostan\u0105 r\u00f3wnie\u017c w\u0142\u0105czone nowe, 6-rz\u0119dowe trybuny sk\u0142adane elektrycznie, kt\u00f3re zagwarantuj\u0105 miejsca dla 234 os\u00f3b. Obiekt przy Westfala zostanie r\u00f3wnie\u017c wyposa\u017cony w boisko g\u0142\u00f3wne i treningowe do siatk\u00f3wki wraz z nowym sprz\u0119tem.<\/p>\n\n\n\n<p>Oferty wykonawc\u00f3w mo\u017cna zg\u0142asza\u0107 do 28 czerwca, a na wykonanie prac zwyci\u0119zca przetargu b\u0119dzie mia\u0142 10 tygodni.<\/p>\n\n\n\n<p class=\"has-text-align-right\"><strong>(ak)<\/strong>, Fot.: <strong><em>Grodzisknews.pl<\/em><\/strong><\/p>\n","protected":false},"excerpt":{"rendered":"<p>Hala sportowa przy ul. Westfala w Grodzisku Mazowieckim jest g\u0142\u00f3wnym miejscem trening\u00f3w grodziskich tenisist\u00f3w oraz najwi\u0119kszym tego typu zamkni\u0119tym obiektem na terenie gminy. Budynek pochodzi z lat 90. i wkr\u00f3tce odb\u0119dzie si\u0119 jego modernizacja. W\u0142odarze Grodziska Mazowieckiego og\u0142osili zam\u00f3wienie na roboty budowlane zwi\u0105zane z remontem hali sportowej przy ul. Westfala. Modernizacja oraz gruntowne usprawnienia przejdzie [&hellip;]<\/p>\n","protected":false},"author":2,"featured_media":4262,"comment_status":"closed","ping_status":"open","sticky":false,"template":"","format":"standard","meta":{"footnotes":""},"categories":[4],"tags":[],"class_list":["post-4261","post","type-post","status-publish","format-standard","has-post-thumbnail","hentry","category-sport"],"_links":{"self":[{"href":"https:\/\/fleschmazowsza.com.pl\/index.php?rest_route=\/wp\/v2\/posts\/4261","targetHints":{"allow":["GET"]}}],"collection":[{"href":"https:\/\/fleschmazowsza.com.pl\/index.php?rest_route=\/wp\/v2\/posts"}],"about":[{"href":"https:\/\/fleschmazowsza.com.pl\/index.php?rest_route=\/wp\/v2\/types\/post"}],"author":[{"embeddable":true,"href":"https:\/\/fleschmazowsza.com.pl\/index.php?rest_route=\/wp\/v2\/users\/2"}],"replies":[{"embeddable":true,"href":"https:\/\/fleschmazowsza.com.pl\/index.php?rest_route=%2Fwp%2Fv2%2Fcomments&post=4261"}],"version-history":[{"count":1,"href":"https:\/\/fleschmazowsza.com.pl\/index.php?rest_route=\/wp\/v2\/posts\/4261\/revisions"}],"predecessor-version":[{"id":4263,"href":"https:\/\/fleschmazowsza.com.pl\/index.php?rest_route=\/wp\/v2\/posts\/4261\/revisions\/4263"}],"wp:featuredmedia":[{"embeddable":true,"href":"https:\/\/fleschmazowsza.com.pl\/index.php?rest_route=\/wp\/v2\/media\/4262"}],"wp:attachment":[{"href":"https:\/\/fleschmazowsza.com.pl\/index.php?rest_route=%2Fwp%2Fv2%2Fmedia&parent=4261"}],"wp:term":[{"taxonomy":"category","embeddable":true,"href":"https:\/\/fleschmazowsza.com.pl\/index.php?rest_route=%2Fwp%2Fv2%2Fcategories&post=4261"},{"taxonomy":"post_tag","embeddable":true,"href":"https:\/\/fleschmazowsza.com.pl\/index.php?rest_route=%2Fwp%2Fv2%2Ftags&post=4261"}],"curies":[{"name":"wp","href":"https:\/\/api.w.org\/{rel}","templated":true}]}}