{"id":4250,"date":"2021-06-14T11:56:28","date_gmt":"2021-06-14T10:56:28","guid":{"rendered":"http:\/\/fleschmazowsza.com.pl\/?p=4250"},"modified":"2021-06-14T11:56:29","modified_gmt":"2021-06-14T10:56:29","slug":"woda-z-butelki-czy-z-kranu","status":"publish","type":"post","link":"https:\/\/fleschmazowsza.com.pl\/?p=4250","title":{"rendered":"Woda z butelki, czy z kranu?"},"content":{"rendered":"\n<p><strong>Przeciwnicy wody w butelkach PET b\u0142\u0119dnie uwa\u017caj\u0105, \u017ce jest ona szkodliwa dla zdrowia, poniewa\u017c rzekomo przedostaj\u0105 si\u0119 do niej z tego opakowania plastyfikatory, czyli ftalany, a prawd\u0105 jest to, \u017ce tworzywa sztuczne z plastyfikatorami i bisfenolem A, nie s\u0105 u\u017cywane do opakowa\u0144 na produkty spo\u017cywcze oraz kosmetyczne. Zwolennicy wody w butelkach uwa\u017caj\u0105 z kolei, \u017ce \u201ekran\u00f3wka\u201d \u017ale smakuje, nie\u0142adnie pachnie i dlatego nie mo\u017ce by\u0107 dobra do spo\u017cycia. Jak\u0105 wod\u0119 powinni\u015bmy zatem pi\u0107 \u2013 t\u0119 z kranu, czy z butelki?<\/strong><\/p>\n\n\n\n<p>Woda jest jedn\u0105 z tych substancji, bez kt\u00f3rej nie mog\u0142oby istnie\u0107 na Ziemi \u017cycie i coraz cz\u0119\u015bciej jest towarem wr\u0119cz deficytowym. Woda butelkowana z jednej strony staje si\u0119 towarem pierwszej potrzeby, z drugiej natomiast posiada wielu przeciwnik\u00f3w.<\/p>\n\n\n\n<p class=\"has-text-align-center\"><strong>Niebezpieczne zwi\u0105zki<\/strong><\/p>\n\n\n\n<p>Pod koniec XIX wieku mo\u017cliwo\u015bci analityczne w chemii by\u0142y bardzo ograniczone, przez co znanych w\u00f3wczas zwi\u0105zk\u00f3w chemicznych by\u0142o tylko ok. 300 tys. Obecnie nauka, dzi\u0119ki nowoczesnym technologiom rozwija si\u0119 w bardzo szybkim tempie, a baza Chemical Abstracts Service zawiera ich w tym momencie a\u017c 120 mln. Oznacza to, \u017ce jeste\u015bmy w stanie wykry\u0107 niemal\u017ce ka\u017cdy zwi\u0105zek, tak\u017ce w produktach spo\u017cywczych i w wodach pitnych w\u0142\u0105cznie.<\/p>\n\n\n\n<p>Przyk\u0142adem tego mog\u0105 by\u0107 w\u0142a\u015bnie rakotw\u00f3rcze ftalany, kt\u00f3re wyst\u0119puj\u0105 wsz\u0119dzie, tak\u017ce w wodzie z kranu, jednak ich st\u0119\u017cenie jest na ultraniskim poziomie, a ich obecno\u015b\u0107 jest dla naszego organizmu ca\u0142kowicie oboj\u0119tna.<\/p>\n\n\n\n<p>Dzi\u0119ki takim mo\u017cliwo\u015bciom chemii analitycznej mo\u017cemy wykry\u0107 na Antarktydzie np. dioksyny, kt\u00f3re jednak nie pochodz\u0105 ze spalania \u015bmieci, a z naturalnej aktywno\u015bci wulkanicznej.<\/p>\n\n\n\n<p class=\"has-text-align-center\"><strong>Czysta kran\u00f3wka<\/strong><\/p>\n\n\n\n<p>Jako\u015b\u0107 wody miejskiej jest obecnie bardzo wysokiej jako\u015bci. Jej producenci, czyli stacje uzdatniania stosuj\u0105 rygorystyczne normy, kt\u00f3re decyduj\u0105 o tym, \u017ce oddaj\u0105 konsumentom wod\u0119 w pe\u0142ni nadaj\u0105c\u0105 si\u0119 do picia tak\u017ce w stanie surowym. Zanim trafi jednak ona do naszych kran\u00f3w, musi przeby\u0107 d\u0142ug\u0105 drog\u0119 i tu najcz\u0119\u015bciej pojawiaj\u0105 si\u0119 problemy &#8211; m\u00f3wi Anna Urba\u0144ska, koordynatorka kampanii edukacyjnej #rePETujemy.<\/p>\n\n\n\n<p>Chodzi o stare instalacje wodne z rur aluminiowych, o\u0142owianych czy te\u017c miedzianych nadal wyst\u0119puj\u0105ce w budynkach mieszkalnych i na osiedlach. W\u0142a\u015bnie to mo\u017ce powodowa\u0107, \u017ce woda ma nienaturalny kolor, zapach, smak i wyst\u0119puje w niej np. mied\u017a.<\/p>\n\n\n\n<p>Cz\u0119sto, aby mie\u0107 pewno\u015b\u0107, \u017ce spo\u017cywana woda jest zupe\u0142nie czysta, u\u017cywamy r\u00f3\u017cnorodnych filtr\u00f3w. Nawet je\u017celi osi\u0105gniemy zamierzony efekt, nie oznacza to, \u017ce jest to korzystne. Proste, przelewowe filtry w\u0119glowe nadadz\u0105 cieczy po\u017c\u0105dane walory smakowe, ale jednocze\u015bnie dog\u0142\u0119bnie oczyszcz\u0105 j\u0105, pozbawiaj\u0105c cennych minera\u0142\u00f3w takich jak wap\u0144 czy magnez.<\/p>\n\n\n\n<p class=\"has-text-align-center\"><strong>Wa\u017cne parametry<\/strong><\/p>\n\n\n\n<p>Obecnie w ramach weryfikacji dopuszczalnego sk\u0142adu wody pitnej zar\u00f3wno tej w butelce PET, jak i tej p\u0142yn\u0105cej z kranu uwzgl\u0119dnia si\u0119 a\u017c 57 r\u00f3\u017cnorodnych parametr\u00f3w m.in. pH, przewodnictwo, zawarto\u015b\u0107 zwi\u0105zk\u00f3w organicznych i nieorganicznych, metali ci\u0119\u017ckich, chromu. Przepisy m\u00f3wi\u0105ce o dopuszczalnej ich zawarto\u015bci w wodach pitnych s\u0105 jasno okre\u015blone i cz\u0119sto rygorystyczne. Normy te r\u00f3wnie\u017c uwzgl\u0119dniaj\u0105 to, \u017ce je\u015bli wyst\u0119puj\u0105 nawet te szkodliwe zwi\u0105zki, to w \u015bladowych ilo\u015bciach s\u0105 oboj\u0119tne dla naszego organizmu. Dopuszczalne poziomy zawarto\u015bci mog\u0105 si\u0119 r\u00f3\u017cni\u0107 dla \u201ekran\u00f3wki\u201d i wody w PET. Dla przyk\u0142adu w tej pierwszej miedzi mo\u017ce by\u0107 dwa razy wi\u0119cej, a azotan\u00f3w a\u017c pi\u0119\u0107 razy.<\/p>\n\n\n\n<p class=\"has-text-align-center\"><strong>Z kranu, czy z butelki?<\/strong><\/p>\n\n\n\n<p>Na tak postawione pytanie nie ma jednoznacznej odpowiedzi. Bardzo wysokie i ci\u0105gle rosn\u0105ce standardy jako\u015bciowe dla w\u00f3d pitnych eliminuj\u0105 mo\u017cliwo\u015b\u0107 tego, \u017ce woda z kranu i ta z butelki mo\u017ce w jakikolwiek spos\u00f3b zaszkodzi\u0107 zdrowiu. Do produkcji butelek PET nie u\u017cywa si\u0119 plastyfikator\u00f3w oraz bisfenolu A, a obecnie wykorzystuje si\u0119 je przede wszystkim do produkcji wyrob\u00f3w z PVC.<\/p>\n\n\n\n<p>Tworzywo PET, z kt\u00f3rego produkowane s\u0105 butelki do napoj\u00f3w, doskonale nadaje si\u0119 do recyklingu, a z materia\u0142u z recyklingu (rPET) mo\u017cna wyprodukowa\u0107 kolejne opakowania, nadaj\u0105c zu\u017cytym butelkom PET kolejne \u017cycie. Prawid\u0142owa segregacja odpad\u00f3w pozwala na zamkni\u0119cie obiegu surowc\u00f3w. Trzeba pami\u0119ta\u0107, \u017ce to od nas zale\u017cy czy zu\u017cyte opakowanie stanie si\u0119 porzuconym gdzie\u015b w lesie albo przy rzece \u015bmieciem, czy te\u017c dzi\u0119ki prawid\u0142owej segregacji trafi do recyklingu.<\/p>\n\n\n\n<p>Woda, bez wzgl\u0119du na to, jak\u0105 wybierzemy: kran\u00f3wk\u0119 czy mineraln\u0105 lub \u017ar\u00f3dlan\u0105 z butelki \u2013 jest kluczowa dla naszego zdrowia, wi\u0119c si\u0119gajmy po ni\u0105 jak najcz\u0119\u015bciej.<\/p>\n\n\n\n<p class=\"has-text-align-right\"><strong>Artur Cheba<br><\/strong><em>Biuro prasowe ALPLA<\/em><\/p>\n","protected":false},"excerpt":{"rendered":"<p>Przeciwnicy wody w butelkach PET b\u0142\u0119dnie uwa\u017caj\u0105, \u017ce jest ona szkodliwa dla zdrowia, poniewa\u017c rzekomo przedostaj\u0105 si\u0119 do niej z tego opakowania plastyfikatory, czyli ftalany, a prawd\u0105 jest to, \u017ce tworzywa sztuczne z plastyfikatorami i bisfenolem A, nie s\u0105 u\u017cywane do opakowa\u0144 na produkty spo\u017cywcze oraz kosmetyczne. Zwolennicy wody w butelkach uwa\u017caj\u0105 z kolei, \u017ce [&hellip;]<\/p>\n","protected":false},"author":2,"featured_media":4251,"comment_status":"closed","ping_status":"open","sticky":false,"template":"","format":"standard","meta":{"footnotes":""},"categories":[9],"tags":[],"class_list":["post-4250","post","type-post","status-publish","format-standard","has-post-thumbnail","hentry","category-edukacja"],"_links":{"self":[{"href":"https:\/\/fleschmazowsza.com.pl\/index.php?rest_route=\/wp\/v2\/posts\/4250","targetHints":{"allow":["GET"]}}],"collection":[{"href":"https:\/\/fleschmazowsza.com.pl\/index.php?rest_route=\/wp\/v2\/posts"}],"about":[{"href":"https:\/\/fleschmazowsza.com.pl\/index.php?rest_route=\/wp\/v2\/types\/post"}],"author":[{"embeddable":true,"href":"https:\/\/fleschmazowsza.com.pl\/index.php?rest_route=\/wp\/v2\/users\/2"}],"replies":[{"embeddable":true,"href":"https:\/\/fleschmazowsza.com.pl\/index.php?rest_route=%2Fwp%2Fv2%2Fcomments&post=4250"}],"version-history":[{"count":1,"href":"https:\/\/fleschmazowsza.com.pl\/index.php?rest_route=\/wp\/v2\/posts\/4250\/revisions"}],"predecessor-version":[{"id":4252,"href":"https:\/\/fleschmazowsza.com.pl\/index.php?rest_route=\/wp\/v2\/posts\/4250\/revisions\/4252"}],"wp:featuredmedia":[{"embeddable":true,"href":"https:\/\/fleschmazowsza.com.pl\/index.php?rest_route=\/wp\/v2\/media\/4251"}],"wp:attachment":[{"href":"https:\/\/fleschmazowsza.com.pl\/index.php?rest_route=%2Fwp%2Fv2%2Fmedia&parent=4250"}],"wp:term":[{"taxonomy":"category","embeddable":true,"href":"https:\/\/fleschmazowsza.com.pl\/index.php?rest_route=%2Fwp%2Fv2%2Fcategories&post=4250"},{"taxonomy":"post_tag","embeddable":true,"href":"https:\/\/fleschmazowsza.com.pl\/index.php?rest_route=%2Fwp%2Fv2%2Ftags&post=4250"}],"curies":[{"name":"wp","href":"https:\/\/api.w.org\/{rel}","templated":true}]}}