{"id":4234,"date":"2021-06-14T11:37:21","date_gmt":"2021-06-14T10:37:21","guid":{"rendered":"http:\/\/fleschmazowsza.com.pl\/?p=4234"},"modified":"2021-06-14T11:38:09","modified_gmt":"2021-06-14T10:38:09","slug":"segregacja-to-nietrudna-sprawa","status":"publish","type":"post","link":"https:\/\/fleschmazowsza.com.pl\/?p=4234","title":{"rendered":"Segregacja to (nie)trudna sprawa"},"content":{"rendered":"\n<p><strong>Jak wynika z bada\u0144 opinii publicznej zrealizowanych na potrzeby kampanii edukacyjnej #rePETujemy 68% Polak\u00f3w deklaruje, \u017ce dokonuje segregacji w swoich domach. Jednak prawid\u0142owe segregowanie odpad\u00f3w ci\u0105gle przysparza Polakom problem\u00f3w, a znacz\u0105ca cz\u0119\u015b\u0107 z nas segreguje tylko cz\u0119\u015b\u0107 frakcji. Jako spos\u00f3b na zmian\u0119 sytuacji blisko 70% badanych wskazuje wprowadzenie systemu depozytowego.<\/strong><\/p>\n\n\n\n<p>\u015awiadomo\u015b\u0107 ekologiczna Polak\u00f3w wzrasta i zdajemy sobie spraw\u0119, \u017ce poziom recyklingu odpad\u00f3w musi stale si\u0119 zwi\u0119ksza\u0107. Jednak ostatnie dane Eurostatu z wynikiem zaledwie 34,3% plasuj\u0105 Polsk\u0119 pod wzgl\u0119dem poziomu recyklingu na 20. miejscu za krajami takimi jak W\u0119gry, S\u0142owacja, Hiszpania czy Czechy. Na czele rankingu znajduj\u0105 si\u0119 Niemcy z przetwarzaniem odpad\u00f3w na poziomie a\u017c 67,3%.<\/p>\n\n\n\n<p>Jednym z warunk\u00f3w poprawy tych statystyk jest odpowiednie i konsekwentne segregowanie odpad\u00f3w w naszych domach. Ich podzia\u0142 na odpowiednie frakcje ma kluczowe znaczenie. Dane pokazuj\u0105 jednak, \u017ce niemal trzech na dziesi\u0119ciu ankietowanych (28%) sortuje tylko cz\u0119\u015b\u0107 odpad\u00f3w, a najcz\u0119\u015bciej jest to szk\u0142o (72%) i tworzywa sztuczne (63%).<\/p>\n\n\n\n<p class=\"has-text-align-center\"><strong>Warto\u015bciowe odpady<\/strong><\/p>\n\n\n\n<p>Generowane przez nas na ogromna skal\u0119 odpady traktujemy jako nieposiadaj\u0105ce \u017cadnej warto\u015bci \u015bmieci. W\u0142a\u015bnie z tego powodu nie jeste\u015bmy sk\u0142onni do podniesienia le\u017c\u0105cego na chodniku opakowania po jedzeniu czy napoju. Zastanawiaj\u0105c si\u0119 nad znaczeniem poszczeg\u00f3lnych odpad\u00f3w warto zastanowi\u0107 si\u0119, dlaczego nie znajdujemy na \u015brodku chodnika przyk\u0142adowo metalowych, mosi\u0119\u017cnych element\u00f3w? Pow\u00f3d jest prosty &#8211; wiemy, \u017ce za oddanie ich do skupu otrzymamy pieni\u0105dze.<\/p>\n\n\n\n<p>I tu na pomoc ma przyj\u015b\u0107 system depozytowy, kt\u00f3ry b\u0119dzie zach\u0119ca\u0107 do zmiany naszego nastawienia. Je\u015bli w sklepie za opakowania na napoje z tworzywa sztucznego lub aluminium zap\u0142acimy op\u0142at\u0119 depozytow\u0105, w\u00f3wczas b\u0119dziemy d\u0105\u017cy\u0107 to tego, aby odzyska\u0107 pieni\u0105dze po ich zwrocie w odpowiednim miejscu.<\/p>\n\n\n\n<p class=\"has-text-align-center\"><strong>Przyk\u0142ady z Unii<\/strong><\/p>\n\n\n\n<p>-Systemy depozytowe ju\u017c teraz dobrze funkcjonuj\u0105 w dziesi\u0119ciu krajach Unii Europejskiej i obejmuj\u0105 w sumie 133 milion\u00f3w os\u00f3b. Interesuj\u0105ce jest to, \u017ce wp\u0142ywaj\u0105 one na zwi\u0119kszanie ekologicznej \u015bwiadomo\u015bci ludzi i powoduj\u0105, \u017ce podnosi si\u0119 poziom recyklingu odpad\u00f3w opakowaniowych. Doskona\u0142ym przyk\u0142adem takiego trendu s\u0105 Dania, Holandia, czy te\u017c Niemcy &#8211; m\u00f3wi Anna Urba\u0144ska, koordynatorka kampanii edukacyjnej #rePETujemy.<\/p>\n\n\n\n<p>Badania realizowane na potrzeby kampanii edukacyjnej #rePETujemy pokaza\u0142y r\u00f3wnie\u017c, \u017ce 15% Polak\u00f3w ma problem z segregacj\u0105 w\u0142a\u015bnie butelek PET, g\u0142\u00f3wnie z powodu braku miejsca na oddzielny kosz w domu oraz czasoch\u0142onno\u015b\u0107 segregacji. Jest zatem szansa, \u017ce i to nastawienie mo\u017ce by\u0107 zmienione poprzez system depozytowy pozwalaj\u0105c odzyskiwa\u0107 pieni\u0105dze, poniewa\u017c a\u017c 68% Polak\u00f3w deklaruje, \u017ce to w\u0142a\u015bnie kaucja najbardziej zach\u0119ca do zwrotu butelek.<\/p>\n\n\n\n<p>Warto te\u017c wiedzie\u0107, \u017ce opr\u00f3\u017cnion\u0105 butelk\u0119 nale\u017cy dok\u0142adnie zgnie\u015b\u0107 i zakr\u0119ci\u0107. Dzi\u0119ki temu zajmie ona znacznie mniej miejsca w transporcie, a sama zakr\u0119tka nie b\u0119dzie oddzielnym odpadem trafiaj\u0105cym cz\u0119sto do frakcji mieszanych.<\/p>\n\n\n\n<p class=\"has-text-align-center\"><strong>Niebieski, zielony, \u017c\u00f3\u0142ty?<\/strong><\/p>\n\n\n\n<p>Z koszami podzielonymi na r\u00f3\u017cne frakcje mamy do czynienia nie od dzi\u015b, a jednak ci\u0105gle nie do ko\u0144ca jest dla nas jasne, do kt\u00f3rego koloru powinny trafi\u0107 nasze odpadki. Badania pokaza\u0142y, \u017ce Polacy generalnie s\u0105 w tym do\u015b\u0107 dobrze zorientowani, ale nadal cz\u0119sto nie wiemy, gdzie wyrzuci\u0107 resztki mi\u0119sa b\u0142\u0119dnie przyporz\u0105dkowuj\u0105c je do odpad\u00f3w BIO, a styropianowe opakowania po \u017cywno\u015bci na wynos traktujemy, jako tworzywa sztuczne.<\/p>\n\n\n\n<p>Nieprawid\u0142owo podchodzimy r\u00f3wnie\u017c do papieru, traktuj\u0105c ka\u017cdy jego rodzaj na r\u00f3wni. Wyra\u017anym tego przyk\u0142adem jest to, \u017ce zat\u0142uszczone pude\u0142ka po pizzy, czy te\u017c zu\u017cyte r\u0119czniki papierowe wyrzucamy do kosza na papier. Okazuje si\u0119, \u017ce wszystkie wspomniane odpady powinny znale\u017a\u0107 si\u0119 w koszu czarnym, czyli przeznaczonym na frakcj\u0119 zmieszan\u0105.<\/p>\n\n\n\n<p>W przypadku trudno\u015bci z ocen\u0105, do jakiego kosza nale\u017cy wyrzuci\u0107 konkretny odpad, warto skorzysta\u0107 z dost\u0119pnych wyszukiwarek podpowiadaj\u0105cych, do jakiej frakcji nale\u017cy dany \u015bmie\u0107. Jedna z takich wyszukiwarek dost\u0119pna jest na stronie internetowej Urz\u0119du Miasta Sto\u0142ecznego Warszawa. U\u017cyteczna mo\u017ce by\u0107 ona jednak nie tylko dla mieszka\u0144c\u00f3w stolicy.<\/p>\n\n\n\n<p>Wyszukiwarka dost\u0119pna jest pod linkiem: <a href=\"https:\/\/segregujna5.um.warszawa.pl\/\"><u>Zasady segregacji odpad\u00f3w Warszawa &#8211; jak segregowa\u0107 odpady (um.warszawa.pl)<\/u><\/a><\/p>\n\n\n\n<p class=\"has-text-align-right\"><strong>Artur Cheba<\/strong><\/p>\n","protected":false},"excerpt":{"rendered":"<p>Jak wynika z bada\u0144 opinii publicznej zrealizowanych na potrzeby kampanii edukacyjnej #rePETujemy 68% Polak\u00f3w deklaruje, \u017ce dokonuje segregacji w swoich domach. Jednak prawid\u0142owe segregowanie odpad\u00f3w ci\u0105gle przysparza Polakom problem\u00f3w, a znacz\u0105ca cz\u0119\u015b\u0107 z nas segreguje tylko cz\u0119\u015b\u0107 frakcji. Jako spos\u00f3b na zmian\u0119 sytuacji blisko 70% badanych wskazuje wprowadzenie systemu depozytowego. \u015awiadomo\u015b\u0107 ekologiczna Polak\u00f3w wzrasta i [&hellip;]<\/p>\n","protected":false},"author":2,"featured_media":4235,"comment_status":"closed","ping_status":"open","sticky":false,"template":"","format":"standard","meta":{"footnotes":""},"categories":[9],"tags":[],"class_list":["post-4234","post","type-post","status-publish","format-standard","has-post-thumbnail","hentry","category-edukacja"],"_links":{"self":[{"href":"https:\/\/fleschmazowsza.com.pl\/index.php?rest_route=\/wp\/v2\/posts\/4234","targetHints":{"allow":["GET"]}}],"collection":[{"href":"https:\/\/fleschmazowsza.com.pl\/index.php?rest_route=\/wp\/v2\/posts"}],"about":[{"href":"https:\/\/fleschmazowsza.com.pl\/index.php?rest_route=\/wp\/v2\/types\/post"}],"author":[{"embeddable":true,"href":"https:\/\/fleschmazowsza.com.pl\/index.php?rest_route=\/wp\/v2\/users\/2"}],"replies":[{"embeddable":true,"href":"https:\/\/fleschmazowsza.com.pl\/index.php?rest_route=%2Fwp%2Fv2%2Fcomments&post=4234"}],"version-history":[{"count":2,"href":"https:\/\/fleschmazowsza.com.pl\/index.php?rest_route=\/wp\/v2\/posts\/4234\/revisions"}],"predecessor-version":[{"id":4237,"href":"https:\/\/fleschmazowsza.com.pl\/index.php?rest_route=\/wp\/v2\/posts\/4234\/revisions\/4237"}],"wp:featuredmedia":[{"embeddable":true,"href":"https:\/\/fleschmazowsza.com.pl\/index.php?rest_route=\/wp\/v2\/media\/4235"}],"wp:attachment":[{"href":"https:\/\/fleschmazowsza.com.pl\/index.php?rest_route=%2Fwp%2Fv2%2Fmedia&parent=4234"}],"wp:term":[{"taxonomy":"category","embeddable":true,"href":"https:\/\/fleschmazowsza.com.pl\/index.php?rest_route=%2Fwp%2Fv2%2Fcategories&post=4234"},{"taxonomy":"post_tag","embeddable":true,"href":"https:\/\/fleschmazowsza.com.pl\/index.php?rest_route=%2Fwp%2Fv2%2Ftags&post=4234"}],"curies":[{"name":"wp","href":"https:\/\/api.w.org\/{rel}","templated":true}]}}