{"id":4221,"date":"2021-06-14T11:24:00","date_gmt":"2021-06-14T10:24:00","guid":{"rendered":"http:\/\/fleschmazowsza.com.pl\/?p=4221"},"modified":"2021-06-14T11:24:02","modified_gmt":"2021-06-14T10:24:02","slug":"parkuj-przy-wkd-otrebusy","status":"publish","type":"post","link":"https:\/\/fleschmazowsza.com.pl\/?p=4221","title":{"rendered":"Parkuj przy WKD Otr\u0119busy"},"content":{"rendered":"\n<p><strong>Bezpiecznie i bezp\u0142atnie \u2013 w taki spos\u00f3b kierowcy mog\u0105 korzysta\u0107 z parkingu \u201eParkuj i Jed\u017a\u201d w centrum Otr\u0119bus.<\/strong><\/p>\n\n\n\n<p>Parking znajduje si\u0119 w rejonie przystanku WKD i przystank\u00f3w brwinowskiej komunikacji miejskiej, dzi\u0119ki czemu jest dogodnym punktem przesiadkowym. Mo\u017cna tam zostawi\u0107 pojazd, a nast\u0119pnie skorzysta\u0107 z transportu zbiorowego. Takie rozwi\u0105zanie zapewnia wygodny dojazd do szko\u0142y lub pracy. Wyb\u00f3r r\u00f3\u017cnych sposob\u00f3w przemieszczania si\u0119 ma r\u00f3wnie\u017c pozytywny wp\u0142yw na \u015brodowisko.<\/p>\n\n\n\n<p>Bezp\u0142atny parking jest dost\u0119pny dla kierowc\u00f3w i rowerzyst\u00f3w. Auto mo\u017cna zaparkowa\u0107 na jednym z 69 dost\u0119pnych miejsc postojowych, w tym dw\u00f3ch dla os\u00f3b z niepe\u0142nosprawno\u015bciami. Dwie zadaszone wiaty i stojaki na 22 rowery s\u0142u\u017c\u0105 mi\u0142o\u015bnikom dw\u00f3ch k\u00f3\u0142ek. Parking jest po\u0142\u0105czony zjazdem z ul. Natali\u0144sk\u0105 oraz ci\u0105giem pieszo-rowerowym. Aby u\u0142atwi\u0107 poruszanie si\u0119 na terenie parkingu, kierowcy mog\u0105 korzysta\u0107 z drogi manewrowej zako\u0144czonej okr\u0105g\u0142ym placem manewrowym. W rejonie parkingu na wysoko\u015bci drogi wojew\u00f3dzkiej znajduje si\u0119 przej\u015bcie dla pieszych wraz z przejazdem dla rower\u00f3w. Parking jest czynny ca\u0142\u0105 dob\u0119, a jego teren w ca\u0142o\u015bci obj\u0119ty jest monitoringiem wizyjnym, co zapewnia bezpiecze\u0144stwo jego u\u017cytkownikom.<\/p>\n\n\n\n<p>Korzystanie z parkingu jest bardzo \u0142atwe. Przy wje\u017adzie na parking pobiera si\u0119 bilet, kt\u00f3ry nale\u017cy zachowa\u0107 i wykorzysta\u0107 przy opuszczaniu parkingu. Szlaban przy wyje\u017adzie otworzy si\u0119 po zeskanowaniu biletu. Parking nie jest przeznaczony do parkowania przez d\u0142ugi okres \u2013 bezp\u0142atny czas postoju wynosi 24 godziny.<\/p>\n\n\n\n<p>Gmina Brwin\u00f3w otrzyma\u0142a na budow\u0119 parkingu 723 120,98 z\u0142 unijnego wsparcia z Regionalnego Programu Operacyjnego WM 2014\u20132020 w ramach konkursu z Dzia\u0142ania 4.3 \u201eRedukcja emisji zanieczyszcze\u0144 powietrza\u201d. Kwota dofinansowania stanowi 80% koszt\u00f3w kwalifikowalnych projektu. Ca\u0142kowita kwota projektu to 1 197 856,16 z\u0142.<\/p>\n\n\n\n<p class=\"has-text-align-right\">Tekst i foto: <strong>U.G. Brwin\u00f3w<\/strong><\/p>\n","protected":false},"excerpt":{"rendered":"<p>Bezpiecznie i bezp\u0142atnie \u2013 w taki spos\u00f3b kierowcy mog\u0105 korzysta\u0107 z parkingu \u201eParkuj i Jed\u017a\u201d w centrum Otr\u0119bus. Parking znajduje si\u0119 w rejonie przystanku WKD i przystank\u00f3w brwinowskiej komunikacji miejskiej, dzi\u0119ki czemu jest dogodnym punktem przesiadkowym. Mo\u017cna tam zostawi\u0107 pojazd, a nast\u0119pnie skorzysta\u0107 z transportu zbiorowego. Takie rozwi\u0105zanie zapewnia wygodny dojazd do szko\u0142y lub pracy. [&hellip;]<\/p>\n","protected":false},"author":2,"featured_media":4222,"comment_status":"closed","ping_status":"open","sticky":false,"template":"","format":"standard","meta":{"footnotes":""},"categories":[5],"tags":[],"class_list":["post-4221","post","type-post","status-publish","format-standard","has-post-thumbnail","hentry","category-wiadomosci"],"_links":{"self":[{"href":"https:\/\/fleschmazowsza.com.pl\/index.php?rest_route=\/wp\/v2\/posts\/4221","targetHints":{"allow":["GET"]}}],"collection":[{"href":"https:\/\/fleschmazowsza.com.pl\/index.php?rest_route=\/wp\/v2\/posts"}],"about":[{"href":"https:\/\/fleschmazowsza.com.pl\/index.php?rest_route=\/wp\/v2\/types\/post"}],"author":[{"embeddable":true,"href":"https:\/\/fleschmazowsza.com.pl\/index.php?rest_route=\/wp\/v2\/users\/2"}],"replies":[{"embeddable":true,"href":"https:\/\/fleschmazowsza.com.pl\/index.php?rest_route=%2Fwp%2Fv2%2Fcomments&post=4221"}],"version-history":[{"count":1,"href":"https:\/\/fleschmazowsza.com.pl\/index.php?rest_route=\/wp\/v2\/posts\/4221\/revisions"}],"predecessor-version":[{"id":4223,"href":"https:\/\/fleschmazowsza.com.pl\/index.php?rest_route=\/wp\/v2\/posts\/4221\/revisions\/4223"}],"wp:featuredmedia":[{"embeddable":true,"href":"https:\/\/fleschmazowsza.com.pl\/index.php?rest_route=\/wp\/v2\/media\/4222"}],"wp:attachment":[{"href":"https:\/\/fleschmazowsza.com.pl\/index.php?rest_route=%2Fwp%2Fv2%2Fmedia&parent=4221"}],"wp:term":[{"taxonomy":"category","embeddable":true,"href":"https:\/\/fleschmazowsza.com.pl\/index.php?rest_route=%2Fwp%2Fv2%2Fcategories&post=4221"},{"taxonomy":"post_tag","embeddable":true,"href":"https:\/\/fleschmazowsza.com.pl\/index.php?rest_route=%2Fwp%2Fv2%2Ftags&post=4221"}],"curies":[{"name":"wp","href":"https:\/\/api.w.org\/{rel}","templated":true}]}}