{"id":4196,"date":"2021-05-14T11:18:25","date_gmt":"2021-05-14T10:18:25","guid":{"rendered":"http:\/\/fleschmazowsza.com.pl\/?p=4196"},"modified":"2021-05-14T11:18:26","modified_gmt":"2021-05-14T10:18:26","slug":"za-napadem-na-bank-stoja-ojciec-i-syn","status":"publish","type":"post","link":"https:\/\/fleschmazowsza.com.pl\/?p=4196","title":{"rendered":"Za napadem na bank stoj\u0105 ojciec i syn"},"content":{"rendered":"\n<p><strong>Dwaj m\u0119\u017cczy\u017ani \u2013 ojciec i syn zostali zatrzymani w zwi\u0105zku z podejrzeniem napadu na oddzia\u0142 banku w B\u0142oniu \u2013 poinformowa\u0142 Wydzia\u0142 do walki z Terrorem Kryminalnym. Prawdopodobnie to oni s\u0105 odpowiedzialni za gro\u017aby wobec pracownik\u00f3w plac\u00f3wki oraz strza\u0142y. Grozi im od 3 do 15 lat wi\u0119zienia.<\/strong><\/p>\n\n\n\n<p>O napadzie na plac\u00f3wk\u0119 Kasy Stefczyka w B\u0142oniu pisali\u015bmy w poprzednim numerze FM. W\u00f3wczas mia\u0142 miejsce napad, o kt\u00f3rym nie by\u0142o zbyt wiele wiadomo. Dzi\u015b, z ustale\u0144 policji wynika, \u017ce jeden z napastnik\u00f3w posiada\u0142 bro\u0144, kt\u00f3rej u\u017cy\u0142 we wn\u0119trzu budynku. Grozi\u0142 te\u017c pracownikom banku. \u015aledczy ustalili tak\u017ce, \u017ce grozili urz\u0105dzeniem, kt\u00f3re przypomina\u0142o \u0142adunek wybuchowy. Zastraszone pracownice banku odda\u0142y pieni\u0105dze, po czym zamaskowani m\u0119\u017cczy\u017ani odjechali samochodem zaparkowanym pod bankiem.<\/p>\n\n\n\n<p>\u2013 M\u0119\u017cczy\u017ani poruszaj\u0105c si\u0119 ulicami B\u0142onia odjechali w kierunku Rokitna. Na jednej z ulic drog\u0119 uciekaj\u0105cym utrudni\u0142 stoj\u0105cy wzd\u0142u\u017c ulicy samoch\u00f3d ci\u0119\u017carowy. Wobec jego kierowcy, uciekaj\u0105cy m\u0119\u017cczy\u017ani, zacz\u0119li wymachiwa\u0107 przedmiotem przypominaj\u0105cym bro\u0144, co mia\u0142o oznacza\u0107, \u017ce powinien jak najszybciej u\u0142atwi\u0107 im przejazd \u2013 relacjonuje Edyta Adamus z Komendy Sto\u0142ecznej Policji.<\/p>\n\n\n\n<p>W miejscu zdarzenia najpierw pojawili si\u0119 pirotechnicy, kt\u00f3rzy zabezpieczyli obszar przed hipotetycznym wybuchem. Wszyscy pracownicy banku zostali ewakuowani. Policyjni pirotechnicy ustalili, \u017ce urz\u0105dzenie by\u0142o jedynie atrap\u0105.<\/p>\n\n\n\n<p>\u2013 W kolejnych dniach, w toku prowadzonego pod nadzorem Prokuratury Okr\u0119gowej w Warszawie \u015bledztwa, policjanci Wydzia\u0142u do walki z Terrorem Kryminalnym i Zab\u00f3jstw ustalili, kto mo\u017ce odpowiada\u0107 za rozb\u00f3j z u\u017cyciem niebezpiecznego narz\u0119dzia w plac\u00f3wce w B\u0142oniu. Wraz z funkcjonariuszami Samodzielnego Pododdzia\u0142u Kontrterrorystycznego Policji w Warszawie udali si\u0119 do ustalonej miejscowo\u015bci, gdzie, jak si\u0119 okaza\u0142o zatrzymali ojca i syna w wieku 55 i 23 lat, podejrzanych o napad na plac\u00f3wk\u0119 bankow\u0105 z u\u017cyciem broni i kradzie\u017c pieni\u0119dzy pochodz\u0105cych z napadu \u2013 dodaje Adamus.<\/p>\n\n\n\n<p>Podejrzani us\u0142yszeli ju\u017c zarzuty dokonania wsp\u00f3lnie i w porozumieniu rozboju z u\u017cyciem niebezpiecznego narz\u0119dzia i kradzie\u017cy pieni\u0119dzy. M\u0119\u017cczy\u017ani zostali tymczasowo aresztowani, a za pope\u0142nione przest\u0119pstwo grozi im kara do 15 lat pozbawienia wolno\u015bci.<\/p>\n\n\n\n<p class=\"has-text-align-right\"><strong>(ak)<\/strong>, Fot.: <em><strong>Pixabay<\/strong><\/em><\/p>\n","protected":false},"excerpt":{"rendered":"<p>Dwaj m\u0119\u017cczy\u017ani \u2013 ojciec i syn zostali zatrzymani w zwi\u0105zku z podejrzeniem napadu na oddzia\u0142 banku w B\u0142oniu \u2013 poinformowa\u0142 Wydzia\u0142 do walki z Terrorem Kryminalnym. Prawdopodobnie to oni s\u0105 odpowiedzialni za gro\u017aby wobec pracownik\u00f3w plac\u00f3wki oraz strza\u0142y. Grozi im od 3 do 15 lat wi\u0119zienia. O napadzie na plac\u00f3wk\u0119 Kasy Stefczyka w B\u0142oniu pisali\u015bmy [&hellip;]<\/p>\n","protected":false},"author":2,"featured_media":4197,"comment_status":"closed","ping_status":"open","sticky":false,"template":"","format":"standard","meta":{"footnotes":""},"categories":[5],"tags":[],"class_list":["post-4196","post","type-post","status-publish","format-standard","has-post-thumbnail","hentry","category-wiadomosci"],"_links":{"self":[{"href":"https:\/\/fleschmazowsza.com.pl\/index.php?rest_route=\/wp\/v2\/posts\/4196","targetHints":{"allow":["GET"]}}],"collection":[{"href":"https:\/\/fleschmazowsza.com.pl\/index.php?rest_route=\/wp\/v2\/posts"}],"about":[{"href":"https:\/\/fleschmazowsza.com.pl\/index.php?rest_route=\/wp\/v2\/types\/post"}],"author":[{"embeddable":true,"href":"https:\/\/fleschmazowsza.com.pl\/index.php?rest_route=\/wp\/v2\/users\/2"}],"replies":[{"embeddable":true,"href":"https:\/\/fleschmazowsza.com.pl\/index.php?rest_route=%2Fwp%2Fv2%2Fcomments&post=4196"}],"version-history":[{"count":1,"href":"https:\/\/fleschmazowsza.com.pl\/index.php?rest_route=\/wp\/v2\/posts\/4196\/revisions"}],"predecessor-version":[{"id":4198,"href":"https:\/\/fleschmazowsza.com.pl\/index.php?rest_route=\/wp\/v2\/posts\/4196\/revisions\/4198"}],"wp:featuredmedia":[{"embeddable":true,"href":"https:\/\/fleschmazowsza.com.pl\/index.php?rest_route=\/wp\/v2\/media\/4197"}],"wp:attachment":[{"href":"https:\/\/fleschmazowsza.com.pl\/index.php?rest_route=%2Fwp%2Fv2%2Fmedia&parent=4196"}],"wp:term":[{"taxonomy":"category","embeddable":true,"href":"https:\/\/fleschmazowsza.com.pl\/index.php?rest_route=%2Fwp%2Fv2%2Fcategories&post=4196"},{"taxonomy":"post_tag","embeddable":true,"href":"https:\/\/fleschmazowsza.com.pl\/index.php?rest_route=%2Fwp%2Fv2%2Ftags&post=4196"}],"curies":[{"name":"wp","href":"https:\/\/api.w.org\/{rel}","templated":true}]}}