{"id":4193,"date":"2021-05-14T11:16:15","date_gmt":"2021-05-14T10:16:15","guid":{"rendered":"http:\/\/fleschmazowsza.com.pl\/?p=4193"},"modified":"2021-05-14T11:16:17","modified_gmt":"2021-05-14T10:16:17","slug":"walka-ze-swoimi-slabosciami","status":"publish","type":"post","link":"https:\/\/fleschmazowsza.com.pl\/?p=4193","title":{"rendered":"Walka ze swoimi s\u0142abo\u015bciami"},"content":{"rendered":"\n<p><strong>109 \u017co\u0142nierzy w weekend w Pomiech\u00f3wku i Radomiu wypowiedzia\u0142o s\u0142owa roty. Tu\u017c obok sk\u0142adaj\u0105cych przysi\u0119g\u0119, sta\u0142o ponad 100 \u017co\u0142nierzy ko\u0144cz\u0105cych szkolenie wyr\u00f3wnawcze. Miniony weekend by\u0142 wyj\u0105tkowym dla 6 Mazowieckiej Brygady Obrony Terytorialnej, a ju\u017c nast\u0119pnego dnia prawie 2 tys. Terytorials\u00f3w obchodzi\u0142o swoje \u015bwi\u0119to.<\/strong><\/p>\n\n\n\n<p>&#8211; Spotykamy si\u0119 w przededniu \u015bwi\u0119ta naszej brygady. Dzie\u0144 \u015bwi\u0119ta upami\u0119tnia ucieczk\u0119 naszego patrona &#8211; rtm. Witolda Pileckiego z obozu koncentracyjnego, w kt\u00f3rym jako ochotnik sp\u0119dzi\u0142 trzy lata. \u017bycz\u0119 Wam, aby\u015bcie w ka\u017cdej chwili swojego \u017cycia mogli z pe\u0142nym przekonaniem powiedzie\u0107 za rotmistrzem Pileckim: Stara\u0142em si\u0119 tak \u017cy\u0107, abym w godzinie \u015bmierci m\u00f3g\u0142 si\u0119 raczej cieszy\u0107 ni\u017c l\u0119ka\u0107 \u2013 m\u00f3wi\u0142 p\u0142k Witold Bubak, dow\u00f3dca 6 Mazowieckiej Brygady OT.<\/p>\n\n\n\n<p class=\"has-text-align-center\"><strong>Dni pe\u0142ne wyzwa\u0144<\/strong><\/p>\n\n\n\n<p>Za najm\u0142odszymi \u017co\u0142nierzami 16 trudnych dni szkolenia. Dni pe\u0142nych wyzwa\u0144, trudu, cz\u0119sto walki ze swoimi s\u0142abo\u015bciami. \u017bo\u0142nierze jednak podo\u0142ali wyzwaniu! Przysi\u0119ga wojskowa to podnios\u0142y moment, kt\u00f3ry na zawsze pozostaje w sercach. Jest przypiecz\u0119towaniem przynale\u017cno\u015bci do Wojska Polskiego. Tego samego dnia \u017co\u0142nierze zobowi\u0105zuj\u0105 si\u0119 s\u0142u\u017cy\u0107 wiernie Ojczy\u017anie \u2013 tej ma\u0142ej \u2013 swoim miejscowo\u015bciom, gminom, powiatom, i tej wielkiej, kt\u00f3r\u0105 jest Rzeczpospolita Polska.<\/p>\n\n\n\n<p>&#8211; Trudno\u015bci i zm\u0119czenie nie przeszkodzi\u0142y nam w uko\u0144czeniu szkolenia. Wiemy, \u017ce czekaj\u0105 nas kolejne wyzwania. Jednak jeste\u015bmy pewni, \u017ce nie zawiedziemy. Obiecujemy sumiennie podnosi\u0107 swoje umiej\u0119tno\u015bci i kwalifikacje, aby w pe\u0142ni odpowiedzialnie dba\u0107 o nasz\u0105 Ojczyzn\u0119, lokalne spo\u0142eczno\u015bci oraz ludzi, kt\u00f3rych kochamy \u2013 m\u00f3wi\u0142a w imieniu wszystkich nowych \u017co\u0142nierzy szer. Bogna Kalus.<\/p>\n\n\n\n<p class=\"has-text-align-center\"><strong>Patron brygady<\/strong><\/p>\n\n\n\n<p>\u201eKochajcie ojczyst\u0105 ziemi\u0119. Kochajcie swoj\u0105 \u015bwi\u0119t\u0105 wiar\u0119 i tradycj\u0119 w\u0142asnego Narodu. Wyro\u015bnijcie na ludzi honoru, zawsze wierni uznanym przez siebie najwy\u017cszym warto\u015bciom, kt\u00f3rym trzeba s\u0142u\u017cy\u0107 ca\u0142ym swoim \u017cyciem\u201d &#8211; tak rtm. Witold Pilecki m\u00f3wi\u0142 do swoich dzieci. Dzi\u015b tym s\u0142owom ho\u0142duj\u0105 \u017co\u0142nierze 6 Mazowieckiej Brygady OT.&nbsp;<\/p>\n\n\n\n<p>28 lutego 2018, brygada przyj\u0119\u0142a wyr\u00f3\u017cniaj\u0105c\u0105 nazw\u0119 \u201eMazowiecka\u201d i otrzyma\u0142a imi\u0119 rotmistrza Witolda Pileckiego. Rotmistrz Witold Pilecki herbu Leliwa ps. \u201eWitold\u201d, \u201eDruh\u201d. Wsp\u00f3\u0142za\u0142o\u017cyciel Tajnej Armii Polskiej, \u017co\u0142nierz Armii Krajowej. Jako ochotnik trafi\u0142 do obozu koncentracyjnego, by w nocy z 26 na 27 kwietnia 1943 r. uciec z obozu w Auschwitz. Oskar\u017cony i skazany przez w\u0142adze komunistyczne Polski Ludowej na kar\u0119 \u015bmierci, stracony w 1948 r. Uniewa\u017cnienie wyroku nast\u0105pi\u0142o w 1990. Po\u015bmiertnie (w 2006 roku) otrzyma\u0142 Order Or\u0142a Bia\u0142ego, a w 2013 r. zosta\u0142 awansowany do stopnia pu\u0142kownika.<\/p>\n\n\n\n<p class=\"has-text-align-center\"><strong>\u015awi\u0119to ze sztandarem<\/strong><\/p>\n\n\n\n<p>Jest to wyj\u0105tkowy dzie\u0144 dla 6MBOT z jeszcze jednego powodu &#8211; brygada po raz pierwszy obchodzi swoje \u015bwi\u0119to ze sztandarem, kt\u00f3ry otrzyma\u0142a we wrze\u015bniu 2020 roku jako dar od spo\u0142ecze\u0144stwa Ziemi Mazowieckiej. Sztandar jest nie tylko znakiem jednostki wojskowej, jest on symbolem s\u0142awy wojennej i tradycji oraz wierno\u015bci, honoru i m\u0119stwa, kt\u00f3rych Ojczyzna wymaga od \u017co\u0142nierzy 6 Mazowieckiej BOT. To r\u00f3wnie\u017c pierwsze \u015bwi\u0119to brygady w nowej dyslokacji &#8211; Radomiu.<\/p>\n\n\n\n<p>\u017bo\u0142nierze 6MBOT od samego pocz\u0105tku aktywnie dzia\u0142aj\u0105 najpierw w ramach operacji #OdpornaWiosna, p\u00f3\u017aniej&nbsp; #Trwa\u0142aOdporno\u015b\u0107. Pomagaj\u0105 na pierwszej linii frontu z walce z pandemi\u0105. W szeregach s\u0142u\u017cy blisko 2000 \u017co\u0142nierzy.<\/p>\n\n\n\n<p>Wszystkim \u017co\u0142nierzom i Pracownikom RON 6MBOT w dniu ich \u015bwi\u0119ta \u017cyczymy wszystkiego najlepszego!<\/p>\n\n\n\n<p class=\"has-text-align-right\"><strong>Marlena Ros\u0142aniec\u00a0<\/strong><br><em><strong>Zesp\u00f3\u0142 Prasowy<br>6 MAZOWIECKA BRYGADA<br>OBRONY TERYTORIALNE<\/strong><\/em>J<\/p>\n","protected":false},"excerpt":{"rendered":"<p>109 \u017co\u0142nierzy w weekend w Pomiech\u00f3wku i Radomiu wypowiedzia\u0142o s\u0142owa roty. Tu\u017c obok sk\u0142adaj\u0105cych przysi\u0119g\u0119, sta\u0142o ponad 100 \u017co\u0142nierzy ko\u0144cz\u0105cych szkolenie wyr\u00f3wnawcze. Miniony weekend by\u0142 wyj\u0105tkowym dla 6 Mazowieckiej Brygady Obrony Terytorialnej, a ju\u017c nast\u0119pnego dnia prawie 2 tys. Terytorials\u00f3w obchodzi\u0142o swoje \u015bwi\u0119to. &#8211; Spotykamy si\u0119 w przededniu \u015bwi\u0119ta naszej brygady. Dzie\u0144 \u015bwi\u0119ta upami\u0119tnia ucieczk\u0119 [&hellip;]<\/p>\n","protected":false},"author":2,"featured_media":4194,"comment_status":"closed","ping_status":"open","sticky":false,"template":"","format":"standard","meta":{"footnotes":""},"categories":[5],"tags":[],"class_list":["post-4193","post","type-post","status-publish","format-standard","has-post-thumbnail","hentry","category-wiadomosci"],"_links":{"self":[{"href":"https:\/\/fleschmazowsza.com.pl\/index.php?rest_route=\/wp\/v2\/posts\/4193","targetHints":{"allow":["GET"]}}],"collection":[{"href":"https:\/\/fleschmazowsza.com.pl\/index.php?rest_route=\/wp\/v2\/posts"}],"about":[{"href":"https:\/\/fleschmazowsza.com.pl\/index.php?rest_route=\/wp\/v2\/types\/post"}],"author":[{"embeddable":true,"href":"https:\/\/fleschmazowsza.com.pl\/index.php?rest_route=\/wp\/v2\/users\/2"}],"replies":[{"embeddable":true,"href":"https:\/\/fleschmazowsza.com.pl\/index.php?rest_route=%2Fwp%2Fv2%2Fcomments&post=4193"}],"version-history":[{"count":1,"href":"https:\/\/fleschmazowsza.com.pl\/index.php?rest_route=\/wp\/v2\/posts\/4193\/revisions"}],"predecessor-version":[{"id":4195,"href":"https:\/\/fleschmazowsza.com.pl\/index.php?rest_route=\/wp\/v2\/posts\/4193\/revisions\/4195"}],"wp:featuredmedia":[{"embeddable":true,"href":"https:\/\/fleschmazowsza.com.pl\/index.php?rest_route=\/wp\/v2\/media\/4194"}],"wp:attachment":[{"href":"https:\/\/fleschmazowsza.com.pl\/index.php?rest_route=%2Fwp%2Fv2%2Fmedia&parent=4193"}],"wp:term":[{"taxonomy":"category","embeddable":true,"href":"https:\/\/fleschmazowsza.com.pl\/index.php?rest_route=%2Fwp%2Fv2%2Fcategories&post=4193"},{"taxonomy":"post_tag","embeddable":true,"href":"https:\/\/fleschmazowsza.com.pl\/index.php?rest_route=%2Fwp%2Fv2%2Ftags&post=4193"}],"curies":[{"name":"wp","href":"https:\/\/api.w.org\/{rel}","templated":true}]}}