{"id":419,"date":"2016-12-01T12:44:00","date_gmt":"2016-12-01T11:44:00","guid":{"rendered":"http:\/\/fleschmazowsza.com.pl\/?p=419"},"modified":"2016-12-01T13:43:57","modified_gmt":"2016-12-01T12:43:57","slug":"malzenstwa-z-medalami","status":"publish","type":"post","link":"https:\/\/fleschmazowsza.com.pl\/?p=419","title":{"rendered":"Ma\u0142\u017ce\u0144stwa z medalami"},"content":{"rendered":"<p><strong>W pi\u0105tek 25 listopada 2016 r. burmistrz Arkadiusz Kosi\u0144ski wr\u0119czy\u0142 dziesi\u0119ciu parom z terenu gminy Brwin\u00f3w medale przyznane przez Prezydenta RP za ponad 50 lat ma\u0142\u017ce\u0144stwa.<\/strong><\/p>\n<p>Na t\u0119 wyj\u0105tkow\u0105 uroczysto\u015b\u0107 burmistrz gminy Brwin\u00f3w Arkadiusz Kosi\u0144ski wraz z kierownikiem Urz\u0119du Stanu Cywilnego Miros\u0142aw\u0105 Os\u0119k\u0105 zaprosili jubilat\u00f3w z d\u0142ugim sta\u017cem ma\u0142\u017ce\u0144skim. Ponad 50 lat razem \u015bwi\u0119towali: <strong>J\u00f3zefa<\/strong> i <strong>Micha\u0142 Nowocieniowie<\/strong>, <strong>Helena<\/strong> i <strong>Karol Soko\u0142owscy<\/strong>, <strong>Irena<\/strong> i <strong>Zbigniew Marczakiewiczowie<\/strong>, <strong>Janina<\/strong> i <strong>Boles\u0142aw Margasowie<\/strong>, <strong>Anna<\/strong> i <strong>Zdzis\u0142aw Iwanowscy<\/strong>, <strong>Katarzyna<\/strong> i <strong>Zbigniew Matuszewscy<\/strong>, <strong>Romana<\/strong> i <strong>Jan Szymczakowie<\/strong>, <strong>Krystyna<\/strong> i <strong>J\u00f3zef Burzcowie<\/strong>, <strong>Lilia<\/strong> i <strong>Ryszard Galkowie<\/strong>, <strong>Maria<\/strong> i <strong>Zbigniew Ziemscy<\/strong>.<\/p>\n<p>Najd\u0142u\u017cszym, ponad 68-letnim sta\u017cem mog\u0105 pochwali\u0107 si\u0119 J\u00f3zefa i Micha\u0142 Nowocieniowie, kt\u00f3rzy zawarli zwi\u0105zek ma\u0142\u017ce\u0144ski w 1948 roku. 60 lat razem \u015bwi\u0119towali Helena i Karol Soko\u0142owscy. Irena i Zbigniew Marczakiewiczowie oraz Janina i Boles\u0142aw Margasowie zawarli zwi\u0105zek ma\u0142\u017ce\u0144ski w 1965 roku. Pozosta\u0142e pary w 1966 roku.<\/p>\n<p>Burmistrz Arkadiusz Kosi\u0144ski z\u0142o\u017cy\u0142 gratulacje i \u017cyczenia, by nadchodz\u0105ce dni, miesi\u0105ce, lata up\u0142ywa\u0142y im w spokoju, w otoczeniu kochaj\u0105cej rodziny, dzieci i wnuk\u00f3w \u2013 we wsp\u00f3lnej mi\u0142o\u015bci, przyja\u017ani i zaufaniu \u2013 a zdrowie jak najd\u0142u\u017cej dopisywa\u0142o. Jubilaci otrzymali bukiety kwiat\u00f3w oraz kosze wype\u0142nione s\u0142odyczami. \u015awi\u0119towali w gronie najbli\u017cszej rodziny i przyjaci\u00f3\u0142. Nie zabrak\u0142o tortu z napisem \u201eJubileusz ma\u0142\u017ce\u0144stwa\u201d. Kr\u00f3tki koncert skrzypcowy zaprezentowa\u0142 \u0141ukasz Parcheta.<\/p>\n<p>Pary ma\u0142\u017ce\u0144skie, kt\u00f3re w najbli\u017cszym czasie obchodzi\u0107 b\u0119d\u0105 okr\u0105g\u0142\u0105 50. rocznic\u0119 zawarcia zwi\u0105zku ma\u0142\u017ce\u0144skiego, oraz pary, kt\u00f3re s\u0105 ma\u0142\u017ce\u0144stwem d\u0142u\u017cej ni\u017c 50 lat, a nie otrzyma\u0142y jeszcze medali przyznawanych przez Prezydenta RP, proszone s\u0105 o kontakt z Urz\u0119dem Stanu Cywilnego w Urz\u0119dzie Gminy Brwin\u00f3w pod numerem telefonu 22\u00a0738 25 61.<\/p>\n<p style=\"text-align: right;\">Tekst i foto: <strong>U.G. Brwin\u00f3w<\/strong><\/p>\n","protected":false},"excerpt":{"rendered":"<p>W pi\u0105tek 25 listopada 2016 r. burmistrz Arkadiusz Kosi\u0144ski wr\u0119czy\u0142 dziesi\u0119ciu parom z terenu gminy Brwin\u00f3w medale przyznane przez Prezydenta RP za ponad 50 lat ma\u0142\u017ce\u0144stwa. Na t\u0119 wyj\u0105tkow\u0105 uroczysto\u015b\u0107 burmistrz gminy Brwin\u00f3w Arkadiusz Kosi\u0144ski wraz z kierownikiem Urz\u0119du Stanu Cywilnego Miros\u0142aw\u0105 Os\u0119k\u0105 zaprosili jubilat\u00f3w z d\u0142ugim sta\u017cem ma\u0142\u017ce\u0144skim. Ponad 50 lat razem \u015bwi\u0119towali: J\u00f3zefa [&hellip;]<\/p>\n","protected":false},"author":2,"featured_media":420,"comment_status":"closed","ping_status":"open","sticky":false,"template":"","format":"standard","meta":{"footnotes":""},"categories":[8],"tags":[],"class_list":["post-419","post","type-post","status-publish","format-standard","has-post-thumbnail","hentry","category-roznosci"],"_links":{"self":[{"href":"https:\/\/fleschmazowsza.com.pl\/index.php?rest_route=\/wp\/v2\/posts\/419","targetHints":{"allow":["GET"]}}],"collection":[{"href":"https:\/\/fleschmazowsza.com.pl\/index.php?rest_route=\/wp\/v2\/posts"}],"about":[{"href":"https:\/\/fleschmazowsza.com.pl\/index.php?rest_route=\/wp\/v2\/types\/post"}],"author":[{"embeddable":true,"href":"https:\/\/fleschmazowsza.com.pl\/index.php?rest_route=\/wp\/v2\/users\/2"}],"replies":[{"embeddable":true,"href":"https:\/\/fleschmazowsza.com.pl\/index.php?rest_route=%2Fwp%2Fv2%2Fcomments&post=419"}],"version-history":[{"count":3,"href":"https:\/\/fleschmazowsza.com.pl\/index.php?rest_route=\/wp\/v2\/posts\/419\/revisions"}],"predecessor-version":[{"id":422,"href":"https:\/\/fleschmazowsza.com.pl\/index.php?rest_route=\/wp\/v2\/posts\/419\/revisions\/422"}],"wp:featuredmedia":[{"embeddable":true,"href":"https:\/\/fleschmazowsza.com.pl\/index.php?rest_route=\/wp\/v2\/media\/420"}],"wp:attachment":[{"href":"https:\/\/fleschmazowsza.com.pl\/index.php?rest_route=%2Fwp%2Fv2%2Fmedia&parent=419"}],"wp:term":[{"taxonomy":"category","embeddable":true,"href":"https:\/\/fleschmazowsza.com.pl\/index.php?rest_route=%2Fwp%2Fv2%2Fcategories&post=419"},{"taxonomy":"post_tag","embeddable":true,"href":"https:\/\/fleschmazowsza.com.pl\/index.php?rest_route=%2Fwp%2Fv2%2Ftags&post=419"}],"curies":[{"name":"wp","href":"https:\/\/api.w.org\/{rel}","templated":true}]}}