{"id":4185,"date":"2021-04-30T13:03:39","date_gmt":"2021-04-30T12:03:39","guid":{"rendered":"http:\/\/fleschmazowsza.com.pl\/?p=4185"},"modified":"2021-04-30T13:03:41","modified_gmt":"2021-04-30T12:03:41","slug":"na-ratunek-ginacej-planety","status":"publish","type":"post","link":"https:\/\/fleschmazowsza.com.pl\/?p=4185","title":{"rendered":"Na ratunek gin\u0105cej planety"},"content":{"rendered":"\n<p><strong>Niepohamowana produkcja i konsumpcja wyka\u0144czaj\u0105 nasz\u0105 planet\u0119. Potrzebujemy gospodarki dobrostanu. Rusza kampania #KlimatNaZmiany.<\/strong><\/p>\n\n\n\n<p>80% polskiej m\u0142odzie\u017cy \u0142\u0105czy zachowania konsumpcyjne z degradacj\u0105 \u015brodowiska i uwa\u017ca, \u017ce nadszed\u0142 czas na zmiany. Zdecydowana wi\u0119kszo\u015b\u0107 m\u0142odych Europejczyk\u00f3w s\u0105dzi, \u017ce rz\u0105d powinien d\u0105\u017cy\u0107 do gospodarki zr\u00f3wnowa\u017conej. Tak wynika z raportu kampanii #KlimatNaZmiany: \u201eCo m\u0142odzie\u017c m\u00f3wi o zmianach klimatu? Wyniki sonda\u017cu\u201d. Prezentuje on rezultaty bada\u0144 przeprowadzonych w\u015br\u00f3d m\u0142odych mieszka\u0144c\u00f3w 23 kraj\u00f3w europejskich, w tym Polski.<\/p>\n\n\n\n<p class=\"has-text-align-center\"><strong>Model gospodarczy a zmiany klimatu<\/strong><\/p>\n\n\n\n<p>W Dzie\u0144 Ziemi, 22 kwietnia, wystartowa\u0142a kampania #KlimatNaZmiany prowadzona przez organizacje z 13 kraj\u00f3w europejskich. <a href=\"http:\/\/www.ekonsument.pl\/\"><u>Fundacja Kupuj Odpowiedzialnie<\/u><\/a> jest jej polskim partnerem. G\u0142\u00f3wnym celem kampanii jest zwr\u00f3cenie uwagi na wp\u0142yw obecnego modelu gospodarczego i naszego stylu \u017cycia na zmiany klimatu, a w rezultacie na migracje klimatyczne. #KlimatNaZmiany nag\u0142a\u015bnia problemy, wskazuje rozwi\u0105zania, anga\u017cuje m\u0142odzie\u017c.<\/p>\n\n\n\n<p>Start mi\u0119dzynarodowej kampanii #KlimatNaZmiany w \u015awiatowy Dzie\u0144 Ziemi, to nie przypadek. W Unii Europejskiej \u017cyjemy tak, jakby\u015bmy mieli do dyspozycji nie jedn\u0105 planet\u0119, a 2,8 Ziemi. Nadmierna konsumpcja w Europie i innych regionach o wysokim dochodzie nap\u0119dza degradacj\u0119 \u015brodowiska tak\u017ce w mniej uprzywilejowanych krajach oraz prowadzi do utraty bezpiecznego miejsca i \u015brodk\u00f3w do \u017cycia przez mieszkaj\u0105cych tam ludzi. Zmiana jest potrzebna od zaraz.<\/p>\n\n\n\n<p class=\"has-text-align-center\"><strong>Wyniki bada\u0144<\/strong><\/p>\n\n\n\n<p>Nawet w \u015brodku pandemii COVID-19 europejska m\u0142odzie\u017c uwa\u017ca walk\u0119 ze zmianami klimatu za priorytet i obawia si\u0119, \u017ce odczuje ich skutki osobi\u015bcie. 77% zgadza si\u0119, \u017ce nasze spo\u0142ecze\u0144stwo nie mo\u017ce trwa\u0107 przy swoich nawykach konsumpcyjnych, je\u015bli chcemy chroni\u0107 \u015brodowisko naturalne. Ponad 70% uwa\u017ca, \u017ce je\u015bli plany rz\u0105du nie obejmuj\u0105 przeciwdzia\u0142ania zmianom klimatycznym, wp\u0142ywa to negatywnie na gospodark\u0119. S\u0105 to wyniki sonda\u017cu Ipsos przeprowadzonego w\u015br\u00f3d m\u0142odych ludzi w 23 krajach europejskich, opublikowane raporcie \u201eCo m\u0142odzie\u017c m\u00f3wi o zmianach klimatu?\u201d. Sonda\u017c zleci\u0142a kampania #KlimatNaZmiany.<\/p>\n\n\n\n<p>Wed\u0142ug raportu m\u0142odzi Polacy wydaj\u0105 si\u0119 by\u0107 krytycznie nastawieni do obecnego modelu ekonomicznego: 80% \u0142\u0105czy zachowania konsumpcyjne z degradacj\u0105 \u015brodowiska, a 65% zgadza si\u0119 ze stwierdzeniem, \u017ce model ekonomiczny faworyzuje osoby bogate i wp\u0142ywowe. Znaczna cz\u0119\u015b\u0107 m\u0142odych ludzi w Europie uwa\u017ca, \u017ce najwi\u0119ksz\u0105 odpowiedzialno\u015b\u0107 za walk\u0119 ze zmianami klimatu ponosz\u0105 biznes i przemys\u0142 (52%) oraz rz\u0105dy kraj\u00f3w (49%).<\/p>\n\n\n\n<p class=\"has-text-align-center\"><strong>Gospodarka dobrostanu<\/strong><\/p>\n\n\n\n<p>Odczucia m\u0142odych Europejczyk\u00f3w dotycz\u0105ce przyczyn i skutk\u00f3w kryzysu klimatycznego, a tak\u017ce konieczno\u015b\u0107 wprowadzenia zmian, potwierdzaj\u0105 autorzy innego raportu kampanii #KlimatNaZmiany pt. \u201eKu gospodarce dobrostanu\u201d.<\/p>\n\n\n\n<p>Raport identyfikuje przyczyny \u017ar\u00f3d\u0142owe kryzysu klimatycznego i spo\u0142ecznego w jakim si\u0119 znale\u017ali\u015bmy: dawne i obecne nier\u00f3wno\u015bci mi\u0119dzy krajami i wewn\u0105trz kraj\u00f3w, pog\u0142\u0119biaj\u0105c\u0105 si\u0119 koncentracj\u0119 w\u0142adzy gospodarczej i politycznej oraz skupienie si\u0119 na wzro\u015bcie gospodarczym i strukturaln\u0105 zale\u017cno\u015b\u0107 od tego wzrostu. Wskazuje r\u00f3wnie\u017c kierunek zmian. Sprawiedliwy pod wzgl\u0119dem spo\u0142ecznym i ekologicznym system gospodarczy musi zak\u0142ada\u0107 koniec struktur wyzysku, demokratyzacj\u0119 gospodarki, mniejsze zu\u017cycie surowc\u00f3w i uniezale\u017cnienie si\u0119 od potrzeby ci\u0105g\u0142ego wzrostu. Idee te obrazuje przedstawiony w raporcie model \u201eekonomii obwarzanka\u201d opracowany przez ekonomistk\u0119 Kate Raworth. Zak\u0142ada on stworzenie gospodarki, kt\u00f3ra zaspokaja potrzeby spo\u0142eczne i prawa cz\u0142owieka wszystkich ludzi, przy jednoczesnym poszanowaniu granic planety. Raport zawiera pog\u0142\u0119bione analizy i rekomendacje zmian.<\/p>\n\n\n\n<p class=\"has-text-align-center\"><strong>Zamiast zmian klimatu klimat na zmiany<\/strong><\/p>\n\n\n\n<p>Z rekomendacji zawartych w raporcie wynikaj\u0105 postulaty kampanii #KlimatNaZmiany dotycz\u0105ce przy\u015bpieszenia neutralno\u015bci klimatycznej UE, przej\u015bcia do gospodarki odpowiedzialnej ekologicznie i spo\u0142ecznie, zapewnienia wsparcia krajom dotkni\u0119tym zmianami klimatu i ochrony migrant\u00f3w klimatycznych oraz umo\u017cliwienie m\u0142odzie\u017cy udzia\u0142u w podejmowaniu decyzji politycznych. Postulaty te mo\u017cna poprze\u0107 podpisuj\u0105c petycj\u0119: <a href=\"https:\/\/www.ekonsument.pl\/KlimatNaZmiany\"><u>https:\/\/www.ekonsument.pl\/KlimatNaZmiany<\/u><\/a><\/p>\n\n\n\n<p>Petycja zostanie przekazana przewodnicz\u0105cej Komisji Europejskiej Ursuli von der Leyen.<\/p>\n\n\n\n<p class=\"has-text-align-right\"><strong>Joanna Sawicka &#8211; Gajin<\/strong><\/p>\n","protected":false},"excerpt":{"rendered":"<p>Niepohamowana produkcja i konsumpcja wyka\u0144czaj\u0105 nasz\u0105 planet\u0119. Potrzebujemy gospodarki dobrostanu. Rusza kampania #KlimatNaZmiany. 80% polskiej m\u0142odzie\u017cy \u0142\u0105czy zachowania konsumpcyjne z degradacj\u0105 \u015brodowiska i uwa\u017ca, \u017ce nadszed\u0142 czas na zmiany. Zdecydowana wi\u0119kszo\u015b\u0107 m\u0142odych Europejczyk\u00f3w s\u0105dzi, \u017ce rz\u0105d powinien d\u0105\u017cy\u0107 do gospodarki zr\u00f3wnowa\u017conej. Tak wynika z raportu kampanii #KlimatNaZmiany: \u201eCo m\u0142odzie\u017c m\u00f3wi o zmianach klimatu? Wyniki sonda\u017cu\u201d. [&hellip;]<\/p>\n","protected":false},"author":2,"featured_media":4186,"comment_status":"closed","ping_status":"open","sticky":false,"template":"","format":"standard","meta":{"footnotes":""},"categories":[5],"tags":[],"class_list":["post-4185","post","type-post","status-publish","format-standard","has-post-thumbnail","hentry","category-wiadomosci"],"_links":{"self":[{"href":"https:\/\/fleschmazowsza.com.pl\/index.php?rest_route=\/wp\/v2\/posts\/4185","targetHints":{"allow":["GET"]}}],"collection":[{"href":"https:\/\/fleschmazowsza.com.pl\/index.php?rest_route=\/wp\/v2\/posts"}],"about":[{"href":"https:\/\/fleschmazowsza.com.pl\/index.php?rest_route=\/wp\/v2\/types\/post"}],"author":[{"embeddable":true,"href":"https:\/\/fleschmazowsza.com.pl\/index.php?rest_route=\/wp\/v2\/users\/2"}],"replies":[{"embeddable":true,"href":"https:\/\/fleschmazowsza.com.pl\/index.php?rest_route=%2Fwp%2Fv2%2Fcomments&post=4185"}],"version-history":[{"count":1,"href":"https:\/\/fleschmazowsza.com.pl\/index.php?rest_route=\/wp\/v2\/posts\/4185\/revisions"}],"predecessor-version":[{"id":4187,"href":"https:\/\/fleschmazowsza.com.pl\/index.php?rest_route=\/wp\/v2\/posts\/4185\/revisions\/4187"}],"wp:featuredmedia":[{"embeddable":true,"href":"https:\/\/fleschmazowsza.com.pl\/index.php?rest_route=\/wp\/v2\/media\/4186"}],"wp:attachment":[{"href":"https:\/\/fleschmazowsza.com.pl\/index.php?rest_route=%2Fwp%2Fv2%2Fmedia&parent=4185"}],"wp:term":[{"taxonomy":"category","embeddable":true,"href":"https:\/\/fleschmazowsza.com.pl\/index.php?rest_route=%2Fwp%2Fv2%2Fcategories&post=4185"},{"taxonomy":"post_tag","embeddable":true,"href":"https:\/\/fleschmazowsza.com.pl\/index.php?rest_route=%2Fwp%2Fv2%2Ftags&post=4185"}],"curies":[{"name":"wp","href":"https:\/\/api.w.org\/{rel}","templated":true}]}}