{"id":4182,"date":"2021-04-30T13:00:09","date_gmt":"2021-04-30T12:00:09","guid":{"rendered":"http:\/\/fleschmazowsza.com.pl\/?p=4182"},"modified":"2021-04-30T13:00:10","modified_gmt":"2021-04-30T12:00:10","slug":"zdjecia-biometryczne-do-dowodu-za-darmo","status":"publish","type":"post","link":"https:\/\/fleschmazowsza.com.pl\/?p=4182","title":{"rendered":"Zdj\u0119cia biometryczne do dowodu za darmo!"},"content":{"rendered":"\n<p><strong>Z powodu obostrze\u0144 zwi\u0105zanych ze wzrostem zachorowa\u0144 na koronawirusa polskie serwisy <a href=\"https:\/\/photoaid.com\/pl\"><u>PhotoAiD.com<\/u><\/a> oraz <a href=\"https:\/\/passport-photo.online\/pl\"><u>Passport-Photo.Online<\/u><\/a> przed\u0142u\u017caj\u0105 do 30 czerwca 2021 r. mo\u017cliwo\u015b\u0107 bezp\u0142atnego wykonywania zdj\u0119\u0107 biometrycznych przy pomocy kreatora zdj\u0119\u0107 do dowod\u00f3w osobistych.<\/strong><\/p>\n\n\n\n<p>&#8211; Obecnie w wielu urz\u0119dach jest bardzo trudno um\u00f3wi\u0107 si\u0119 na wizyt\u0119 w celu z\u0142o\u017cenia wniosku o wydanie dowodu osobistego, a gdy nawet taka mo\u017cliwo\u015b\u0107 istnieje pojawia si\u0119 problem ze zrobieniem zdj\u0119cia biometrycznego, bo wi\u0119kszo\u015b\u0107 fotograf\u00f3w jest nadal zamkni\u0119ta lub zbankrutowa\u0142a &#8211; m\u00f3wi Tomasz M\u0142odzki.<\/p>\n\n\n\n<p>Bior\u0105c pod uwag\u0119 obecn\u0105 sytuacj\u0119, obydwa serwisy postanowi\u0142y przed\u0142u\u017cy\u0107 trwaj\u0105c\u0105 od grudnia akcj\u0119, w ramach kt\u00f3rej obywatele mog\u0105 zrobi\u0107 sobie zdj\u0119cie biometryczne sami przy pomocy telefonu kom\u00f3rkowego i strony internetowej.<\/p>\n\n\n\n<p>Z bezp\u0142atnego kreatora zdj\u0119\u0107 biometrycznych skorzysta\u0142o od grudnia ponad 12 000 os\u00f3b.<\/p>\n\n\n\n<p>&#8211; Popularno\u015b\u0107 akcji przesz\u0142a nasze naj\u015bmielsze oczekiwania. Wiemy, \u017ce do\u0142o\u017cyli\u015bmy swoj\u0105 cegie\u0142k\u0119 do zmniejszenia mobilno\u015bci Polak\u00f3w w tym trudnym czasie, pomagaj\u0105c w z\u0142o\u017ceniu wniosku o wydanie dowodu przez internet, a tym samym zmniejszaj\u0105c ryzyko zaka\u017cenia \u2013 m\u00f3wi Tomasz M\u0142odzki.<\/p>\n\n\n\n<p>Jak wskazuj\u0105 dane rz\u0105dowego Centrum Personalizacji Dokument\u00f3w, rok 2021 b\u0119dzie stanowi\u0142 bardzo du\u017ce wyzwanie zar\u00f3wno dla obywateli, jak i wielu urz\u0119d\u00f3w, gdy\u017c gros os\u00f3b nie z\u0142o\u017cy\u0142o w czasie pandemii wniosku o wydanie dowodu osobistego w zwi\u0105zku z czym dojdzie do kumulacji \u201eprzeterminowych\u201d dowod\u00f3w osobistych z 2020 r., kt\u00f3re powinny by\u0107 dawno wydane, z tymi kt\u00f3re powinny by\u0107 wydane w 2021 r. Do wyrobienia b\u0119dzie ponad 3000000 dokument\u00f3w!<\/p>\n\n\n\n<p>Sytuacji nie poprawia fakt, \u017ce 2 sierpnia 2021 r. zostanie wycofana mo\u017cliwo\u015b\u0107 sk\u0142adania wniosk\u00f3w o wydanie dowodu osobistego przez internet, co oznacza, \u017ce ka\u017cdy wniosek b\u0119dzie musia\u0142 by\u0107 sk\u0142adany i odbierany osobi\u015bcie w Urz\u0119dzie.<\/p>\n\n\n\n<p>&#8211; Wed\u0142ug naszych analiz b\u0119dzie to ogromne wyzwanie dla urz\u0119d\u00f3w miejskich, gdy\u017c po zako\u0144czeniu pandemii ludzie sobie przypomn\u0105, \u017ce dow\u00f3d jest niezb\u0119dny do podr\u00f3\u017cy, czy do za\u0142atwienia wszelkich spraw urz\u0119dowych, czy te\u017c cho\u0107by wizyty w banku. Chc\u0105c zapobiec katastrofie i parali\u017cowi systemu, przed\u0142u\u017camy mo\u017cliwo\u015b\u0107 bezp\u0142atnego wykonania zdj\u0119\u0107 biometrycznych przy pomocy PhotoAiD.com i Passport-Photo.Online do ko\u0144ca czerwca \u2013 m\u00f3wi Tomasz M\u0142odzki.<\/p>\n\n\n\n<p>Korzystanie z kreatora zdj\u0119\u0107 biometrycznych jest bezp\u0142atne od 1 kwietnia do 30 czerwca 2021. Kreator jest dost\u0119pny na podstronach PhotoAiD i Passport-Photo.Online, linki poni\u017cej:<\/p>\n\n\n\n<figure class=\"wp-block-embed\"><div class=\"wp-block-embed__wrapper\">\nhttps:\/\/passport-photo.online\/pl\/zrob-zdjecie-do-dowodu,\n<\/div><\/figure>\n\n\n\n<figure class=\"wp-block-embed\"><div class=\"wp-block-embed__wrapper\">\nhttps:\/\/photoaid.com\/pl\/zdjecie-do-dowodu-osobistego-kreator.\n<\/div><\/figure>\n\n\n\n<p class=\"has-text-align-right\">\u0179r\u00f3d\u0142o informacji: <strong><em>fotoexpress.biz<\/em><\/strong><\/p>\n","protected":false},"excerpt":{"rendered":"<p>Z powodu obostrze\u0144 zwi\u0105zanych ze wzrostem zachorowa\u0144 na koronawirusa polskie serwisy PhotoAiD.com oraz Passport-Photo.Online przed\u0142u\u017caj\u0105 do 30 czerwca 2021 r. mo\u017cliwo\u015b\u0107 bezp\u0142atnego wykonywania zdj\u0119\u0107 biometrycznych przy pomocy kreatora zdj\u0119\u0107 do dowod\u00f3w osobistych. &#8211; Obecnie w wielu urz\u0119dach jest bardzo trudno um\u00f3wi\u0107 si\u0119 na wizyt\u0119 w celu z\u0142o\u017cenia wniosku o wydanie dowodu osobistego, a gdy nawet [&hellip;]<\/p>\n","protected":false},"author":2,"featured_media":4183,"comment_status":"closed","ping_status":"open","sticky":false,"template":"","format":"standard","meta":{"footnotes":""},"categories":[8],"tags":[],"class_list":["post-4182","post","type-post","status-publish","format-standard","has-post-thumbnail","hentry","category-roznosci"],"_links":{"self":[{"href":"https:\/\/fleschmazowsza.com.pl\/index.php?rest_route=\/wp\/v2\/posts\/4182","targetHints":{"allow":["GET"]}}],"collection":[{"href":"https:\/\/fleschmazowsza.com.pl\/index.php?rest_route=\/wp\/v2\/posts"}],"about":[{"href":"https:\/\/fleschmazowsza.com.pl\/index.php?rest_route=\/wp\/v2\/types\/post"}],"author":[{"embeddable":true,"href":"https:\/\/fleschmazowsza.com.pl\/index.php?rest_route=\/wp\/v2\/users\/2"}],"replies":[{"embeddable":true,"href":"https:\/\/fleschmazowsza.com.pl\/index.php?rest_route=%2Fwp%2Fv2%2Fcomments&post=4182"}],"version-history":[{"count":1,"href":"https:\/\/fleschmazowsza.com.pl\/index.php?rest_route=\/wp\/v2\/posts\/4182\/revisions"}],"predecessor-version":[{"id":4184,"href":"https:\/\/fleschmazowsza.com.pl\/index.php?rest_route=\/wp\/v2\/posts\/4182\/revisions\/4184"}],"wp:featuredmedia":[{"embeddable":true,"href":"https:\/\/fleschmazowsza.com.pl\/index.php?rest_route=\/wp\/v2\/media\/4183"}],"wp:attachment":[{"href":"https:\/\/fleschmazowsza.com.pl\/index.php?rest_route=%2Fwp%2Fv2%2Fmedia&parent=4182"}],"wp:term":[{"taxonomy":"category","embeddable":true,"href":"https:\/\/fleschmazowsza.com.pl\/index.php?rest_route=%2Fwp%2Fv2%2Fcategories&post=4182"},{"taxonomy":"post_tag","embeddable":true,"href":"https:\/\/fleschmazowsza.com.pl\/index.php?rest_route=%2Fwp%2Fv2%2Ftags&post=4182"}],"curies":[{"name":"wp","href":"https:\/\/api.w.org\/{rel}","templated":true}]}}