{"id":4179,"date":"2021-04-30T12:58:07","date_gmt":"2021-04-30T11:58:07","guid":{"rendered":"http:\/\/fleschmazowsza.com.pl\/?p=4179"},"modified":"2021-04-30T12:58:08","modified_gmt":"2021-04-30T11:58:08","slug":"napad-z-bronia-na-kase-stefczyka-w-bloniu","status":"publish","type":"post","link":"https:\/\/fleschmazowsza.com.pl\/?p=4179","title":{"rendered":"Napad z broni\u0105 na Kas\u0119 Stefczyka w B\u0142oniu"},"content":{"rendered":"\n<p><strong>Trwaj\u0105 poszukiwania sprawc\u00f3w napadu na bank w dniu 23 kwietnia w B\u0142oniu. Policja apeluje do \u015bwiadk\u00f3w zdarzenia, aby zg\u0142osi\u0142y si\u0119 na komend\u0119 w celu ustalenia maksymalnej liczby szczeg\u00f3\u0142\u00f3w. Taka pomoc jest bardzo potrzebna. Funkcjonariuszom zale\u017cy na nagraniach z kamer samochodowych, kt\u00f3re mog\u0142y zarejestrowa\u0107 zdarzenie.<\/strong><\/p>\n\n\n\n<p>Do napadu dosz\u0142o w pi\u0105tek, 23 kwietnia. Obrabowana zosta\u0142a plac\u00f3wka Kasy Stefczyka w B\u0142oniu. Policjanci otrzymali zg\u0142oszenie w godzinach popo\u0142udniowych o wtargni\u0119ciu dw\u00f3ch m\u0119\u017cczyzn do siedziby banku.<\/p>\n\n\n\n<p>\uf02d Na drogach zosta\u0142y od razu wystawione posterunki blokadowe.&nbsp; Ca\u0142y czas trwaj\u0105 te\u017c policyjne czynno\u015bci na miejscu napadu. B\u0119dziemy ustala\u0107 dok\u0142adne okoliczno\u015bci i przebieg tego zdarzenia \u2013&nbsp; poinformowa\u0142a tu\u017c po zdarzeniu podinspektor Ewelina Gromek-O\u0107wieja, oficer prasowa Komendy Powiatowej Policji dla Powiatu Warszawskiego Zachodniego.<\/p>\n\n\n\n<p>Podczas napadu nikt nie ucierpia\u0142, jednak z dotychczasowych ustale\u0144 wynika, \u017ce jeden z napastnik\u00f3w wystrzeli\u0142 z broni w sufit budynku. Policja jednak podkre\u015bla, \u017ce na tym etapie dochodzenia, nie mo\u017cna ujawni\u0107 wi\u0119cej szczeg\u00f3\u0142\u00f3w zwi\u0105zanych ze spraw\u0105.<\/p>\n\n\n\n<p>\uf02d Jeden z napastnik\u00f3w by\u0142&nbsp; kr\u0119pej, a drugi szczup\u0142ej budowy cia\u0142a \u2013 podinsp. Gromek-O\u0107wieja. Z\u0142odzieje wraz ze skradzionymi pieni\u0119dzmi odjechali czarnym Peugotem. \uf02d Apelujemy do wszystkich os\u00f3b, kt\u00f3re mog\u0142y by\u0107 \u015bwiadkami kradzie\u017cy, b\u0105d\u017a maj\u0105 wiedz\u0119 na ten temat, o kontakt z komisariatem policji w B\u0142oniu. Zale\u017cy nam r\u00f3wnie\u017c na nagraniach z kamer samochodowych, kt\u00f3re mog\u0142y ewentualnie zarejestrowa\u0107 moment zdarzenia \u2013 dodaje policjantka.<\/p>\n\n\n\n<p class=\"has-text-align-right\"><strong>(ak)<\/strong>, Fot.: <strong><em>wiadomosci.dziennik.pl<\/em><\/strong><\/p>\n","protected":false},"excerpt":{"rendered":"<p>Trwaj\u0105 poszukiwania sprawc\u00f3w napadu na bank w dniu 23 kwietnia w B\u0142oniu. Policja apeluje do \u015bwiadk\u00f3w zdarzenia, aby zg\u0142osi\u0142y si\u0119 na komend\u0119 w celu ustalenia maksymalnej liczby szczeg\u00f3\u0142\u00f3w. Taka pomoc jest bardzo potrzebna. Funkcjonariuszom zale\u017cy na nagraniach z kamer samochodowych, kt\u00f3re mog\u0142y zarejestrowa\u0107 zdarzenie. Do napadu dosz\u0142o w pi\u0105tek, 23 kwietnia. Obrabowana zosta\u0142a plac\u00f3wka Kasy [&hellip;]<\/p>\n","protected":false},"author":2,"featured_media":4180,"comment_status":"closed","ping_status":"open","sticky":false,"template":"","format":"standard","meta":{"footnotes":""},"categories":[5],"tags":[],"class_list":["post-4179","post","type-post","status-publish","format-standard","has-post-thumbnail","hentry","category-wiadomosci"],"_links":{"self":[{"href":"https:\/\/fleschmazowsza.com.pl\/index.php?rest_route=\/wp\/v2\/posts\/4179","targetHints":{"allow":["GET"]}}],"collection":[{"href":"https:\/\/fleschmazowsza.com.pl\/index.php?rest_route=\/wp\/v2\/posts"}],"about":[{"href":"https:\/\/fleschmazowsza.com.pl\/index.php?rest_route=\/wp\/v2\/types\/post"}],"author":[{"embeddable":true,"href":"https:\/\/fleschmazowsza.com.pl\/index.php?rest_route=\/wp\/v2\/users\/2"}],"replies":[{"embeddable":true,"href":"https:\/\/fleschmazowsza.com.pl\/index.php?rest_route=%2Fwp%2Fv2%2Fcomments&post=4179"}],"version-history":[{"count":1,"href":"https:\/\/fleschmazowsza.com.pl\/index.php?rest_route=\/wp\/v2\/posts\/4179\/revisions"}],"predecessor-version":[{"id":4181,"href":"https:\/\/fleschmazowsza.com.pl\/index.php?rest_route=\/wp\/v2\/posts\/4179\/revisions\/4181"}],"wp:featuredmedia":[{"embeddable":true,"href":"https:\/\/fleschmazowsza.com.pl\/index.php?rest_route=\/wp\/v2\/media\/4180"}],"wp:attachment":[{"href":"https:\/\/fleschmazowsza.com.pl\/index.php?rest_route=%2Fwp%2Fv2%2Fmedia&parent=4179"}],"wp:term":[{"taxonomy":"category","embeddable":true,"href":"https:\/\/fleschmazowsza.com.pl\/index.php?rest_route=%2Fwp%2Fv2%2Fcategories&post=4179"},{"taxonomy":"post_tag","embeddable":true,"href":"https:\/\/fleschmazowsza.com.pl\/index.php?rest_route=%2Fwp%2Fv2%2Ftags&post=4179"}],"curies":[{"name":"wp","href":"https:\/\/api.w.org\/{rel}","templated":true}]}}