{"id":4173,"date":"2021-04-30T12:54:39","date_gmt":"2021-04-30T11:54:39","guid":{"rendered":"http:\/\/fleschmazowsza.com.pl\/?p=4173"},"modified":"2021-04-30T12:54:40","modified_gmt":"2021-04-30T11:54:40","slug":"ponad-220-nowych-zolnierzy","status":"publish","type":"post","link":"https:\/\/fleschmazowsza.com.pl\/?p=4173","title":{"rendered":"Ponad 220 nowych \u017co\u0142nierzy"},"content":{"rendered":"\n<p><strong>Rekordowa liczba nowych \u017co\u0142nierzy zasili szeregi 6. Mazowieckiej Brygady Obrony Terytorialnej. Trwa szkolenie podstawowe i wyr\u00f3wnawcze, w kt\u00f3rym bierze udzia\u0142 222 osoby z terenu ca\u0142ego po\u0142udniowo-zachodniego Mazowsza.<\/strong><\/p>\n\n\n\n<p>W kwietniu 2018 roku po raz pierwszy 6 Mazowiecka Brygada Obrony Terytorialnej zorganizowa\u0142a szkolenie dla ochotnik\u00f3w chc\u0105cych wst\u0105pi\u0107 w szeregi Wojsk Obrony Terytorialnej. Dok\u0142adnie 3 lata p\u00f3\u017aniej rozpocz\u0119\u0142o si\u0119 kolejne, wyj\u0105tkowe \u2013 bo rekordowe je\u015bli chodzi o liczb\u0119 uczestnik\u00f3w szkolenie. 10 kwietnia mury jednostek wojskowych przekroczy\u0142o 111 \u017co\u0142nierzy.<\/p>\n\n\n\n<p>Ze wzgl\u0119du na re\u017cim sanitarny i du\u017c\u0105 ilo\u015b\u0107 ochotnik\u00f3w, po raz pierwszy w naszej historii szkolenie zosta\u0142o podzielone i odbywa si\u0119 r\u00f3wnolegle w dw\u00f3ch miejscach. Za 16-dniowe szkolenie podstawowe w Radomiu odpowiedzialny jest 62 batalion lekkiej piechoty. Drugie ze szkole\u0144 odbywa si\u0119 w Pomiech\u00f3wku, a prowadzi je 65 batalion lekkiej piechoty.<\/p>\n\n\n\n<p>Swoj\u0105 wojskow\u0105 s\u0142u\u017cb\u0119 rozpocz\u0119\u0142o m.in. ma\u0142\u017ce\u0144stwo z powiatu radomskiego i rodze\u0144stwo z powiatu nowodworskiego. Najm\u0142odsza osoba ma 18 lat a najstarsza 51 lat. W\u015br\u00f3d ochotnik\u00f3w jest m.in. utytu\u0142owany zawodnik MMA, rekonstruktor historyczny i by\u0142y policjant.<\/p>\n\n\n\n<p>Do ochotnik\u00f3w, kt\u00f3rzy przebywaj\u0105 na poligonie od siedmiu dni, 18 kwietnia 2021 r. do\u0142\u0105czy\u0142a ponad setka nowych os\u00f3b. To rezerwi\u015bci, kt\u00f3rzy przysi\u0119g\u0119 wojskow\u0105 maj\u0105 ju\u017c za sob\u0105, a na poligonie b\u0119d\u0105 doskonali\u0107 tylko swoje wojskowe rzemios\u0142o.<\/p>\n\n\n\n<p>Teraz przyszli \u017co\u0142nierze 6 Mazowieckiej BOT szlifowa\u0107 swoje umiej\u0119tno\u015bci taktyczne i strzeleckie. Najwi\u0119kszy nacisk podczas szkolenia po\u0142o\u017cony jest na nauk\u0119 praktycznych umiej\u0119tno\u015bci pos\u0142ugiwania si\u0119 broni\u0105, zasad zachowania na polu walki oraz przetrwania. Wa\u017cnymi elementami jest r\u00f3wnie\u017c pomoc przedmedyczna i topografia.<\/p>\n\n\n\n<p>Szkolenie podstawowe i wyr\u00f3wnawcze zako\u0144czy si\u0119 uroczystym apelem, na kt\u00f3rym \u017co\u0142nierze wypowiedz\u0105 s\u0142owa roty przysi\u0119gi. Uroczysto\u015b\u0107 odb\u0119dzie si\u0119 24 kwietnia w Pomiech\u00f3wku oraz 25 kwietnia w Radomiu. Na\u0142o\u017cone obostrzenia epidemiczne spowodowa\u0142y, \u017ce r\u00f3wnie\u017c tym razem przysi\u0119ga b\u0119dzie zamkni\u0119ta dla rodzin i go\u015bci.<\/p>\n\n\n\n<p class=\"has-text-align-right\"><strong>Marlena Ros\u0142aniec\u00a0<\/strong><br><em><strong>Rzecznik Prasowy<br>6 MAZOWIECKA BRYGADA<br>OBRONY TERYTORIALNEJ<\/strong><\/em><\/p>\n","protected":false},"excerpt":{"rendered":"<p>Rekordowa liczba nowych \u017co\u0142nierzy zasili szeregi 6. Mazowieckiej Brygady Obrony Terytorialnej. Trwa szkolenie podstawowe i wyr\u00f3wnawcze, w kt\u00f3rym bierze udzia\u0142 222 osoby z terenu ca\u0142ego po\u0142udniowo-zachodniego Mazowsza. W kwietniu 2018 roku po raz pierwszy 6 Mazowiecka Brygada Obrony Terytorialnej zorganizowa\u0142a szkolenie dla ochotnik\u00f3w chc\u0105cych wst\u0105pi\u0107 w szeregi Wojsk Obrony Terytorialnej. Dok\u0142adnie 3 lata p\u00f3\u017aniej rozpocz\u0119\u0142o [&hellip;]<\/p>\n","protected":false},"author":2,"featured_media":4174,"comment_status":"closed","ping_status":"open","sticky":false,"template":"","format":"standard","meta":{"footnotes":""},"categories":[5],"tags":[],"class_list":["post-4173","post","type-post","status-publish","format-standard","has-post-thumbnail","hentry","category-wiadomosci"],"_links":{"self":[{"href":"https:\/\/fleschmazowsza.com.pl\/index.php?rest_route=\/wp\/v2\/posts\/4173","targetHints":{"allow":["GET"]}}],"collection":[{"href":"https:\/\/fleschmazowsza.com.pl\/index.php?rest_route=\/wp\/v2\/posts"}],"about":[{"href":"https:\/\/fleschmazowsza.com.pl\/index.php?rest_route=\/wp\/v2\/types\/post"}],"author":[{"embeddable":true,"href":"https:\/\/fleschmazowsza.com.pl\/index.php?rest_route=\/wp\/v2\/users\/2"}],"replies":[{"embeddable":true,"href":"https:\/\/fleschmazowsza.com.pl\/index.php?rest_route=%2Fwp%2Fv2%2Fcomments&post=4173"}],"version-history":[{"count":1,"href":"https:\/\/fleschmazowsza.com.pl\/index.php?rest_route=\/wp\/v2\/posts\/4173\/revisions"}],"predecessor-version":[{"id":4175,"href":"https:\/\/fleschmazowsza.com.pl\/index.php?rest_route=\/wp\/v2\/posts\/4173\/revisions\/4175"}],"wp:featuredmedia":[{"embeddable":true,"href":"https:\/\/fleschmazowsza.com.pl\/index.php?rest_route=\/wp\/v2\/media\/4174"}],"wp:attachment":[{"href":"https:\/\/fleschmazowsza.com.pl\/index.php?rest_route=%2Fwp%2Fv2%2Fmedia&parent=4173"}],"wp:term":[{"taxonomy":"category","embeddable":true,"href":"https:\/\/fleschmazowsza.com.pl\/index.php?rest_route=%2Fwp%2Fv2%2Fcategories&post=4173"},{"taxonomy":"post_tag","embeddable":true,"href":"https:\/\/fleschmazowsza.com.pl\/index.php?rest_route=%2Fwp%2Fv2%2Ftags&post=4173"}],"curies":[{"name":"wp","href":"https:\/\/api.w.org\/{rel}","templated":true}]}}