{"id":4156,"date":"2021-04-19T12:28:55","date_gmt":"2021-04-19T11:28:55","guid":{"rendered":"http:\/\/fleschmazowsza.com.pl\/?p=4156"},"modified":"2021-04-19T12:28:57","modified_gmt":"2021-04-19T11:28:57","slug":"kolejnych-50-zolnierzy-wot-ukonczylo-kurs-wsparcia-personelu-medycznego","status":"publish","type":"post","link":"https:\/\/fleschmazowsza.com.pl\/?p=4156","title":{"rendered":"Kolejnych 50 \u017co\u0142nierzy WOT uko\u0144czy\u0142o kurs wsparcia personelu medycznego"},"content":{"rendered":"\n<p><strong>Piel\u0119gnacja, toaleta przeciwodle\u017cynowa, karmienie. Kolejni \u017co\u0142nierze 6 Mazowieckiej Brygady OT zako\u0144czyli kurs wsparcia personelu medycznego w opiece nad pacjentem le\u017c\u0105cym. \u0141\u0105cznie w\u015br\u00f3d terytorials\u00f3w z po\u0142udniowego Mazowsza jest ju\u017c 50 gotowych do wsparcia w ka\u017cdej chwili pacjent\u00f3w le\u017c\u0105cych.<\/strong><\/p>\n\n\n\n<p>W zwi\u0105zku ze zwi\u0119kszaj\u0105c\u0105 si\u0119 liczb\u0105 pacjent\u00f3w chorych na COVID-19 w szpitalach, DPS-ach i podmiotach sprawuj\u0105cych opiek\u0119 nad pacjentem przewlekle chorym, du\u017cym wyzwaniem staje si\u0119 nie tylko samo zaka\u017cenie wirusem personelu, ale obci\u0105\u017cenie opiek\u0105 nad pacjentem le\u017c\u0105cym. Wychodz\u0105c naprzeciw tym potrzebom, w WOT zako\u0144czono kolejne szkolenie, kt\u00f3re ma na celu wsparcie personelu medycznego w codziennej pracy.<\/p>\n\n\n\n<p class=\"has-text-align-center\"><strong>Ju\u017c wspieraj\u0105<\/strong><\/p>\n\n\n\n<p>Od jesieni ubieg\u0142ego roku, w Wojskach Obrony Terytorialnej prowadzone s\u0105 kursy wsparcia personelu medycznego w opiece nad pacjentem le\u017c\u0105cym. 50 \u017co\u0142nierzy z Gr\u00f3jca, Radomia, P\u0142ocka i Pomiech\u00f3wka uko\u0144czy\u0142o tego typu szkolenie. Cz\u0119\u015b\u0107 z mazowieckich terytorials\u00f3w ju\u017c jest zaanga\u017cowanych we wsparcie personelu medycznego w obszarze zada\u0144 zwi\u0105zanych z opiek\u0105 nad pacjentem le\u017c\u0105cym.<\/p>\n\n\n\n<p>Jedn\u0105 z os\u00f3b, kt\u00f3re uko\u0144czy\u0142y kurs jest st. szer. Ma\u0142gorzata Nowicka:<\/p>\n\n\n\n<p>&#8211; Uwa\u017cam, \u017ce ka\u017cdy z nas powinien zrobi\u0107 taki kurs ze wzgl\u0119du na to, \u017ce jest on przydatny nie tylko teraz gdy walczymy z pandemi\u0105, ale te\u017c w przysz\u0142o\u015bci b\u0119dziemy wiedzieli jak pomaga\u0107 naszym bliskim. Kurs by\u0142 bardzo profesjonalnie przygotowany, przekazano nam ogrom wiedzy praktycznej i teoretycznej, kt\u00f3r\u0105 z ca\u0142\u0105 pewno\u015bci\u0105 nie raz wykorzystamy.<\/p>\n\n\n\n<p class=\"has-text-align-center\"><strong>Kursy cykliczne<\/strong><\/p>\n\n\n\n<p>Celem cyklicznie odbywaj\u0105cych si\u0119 kurs\u00f3w jest przygotowanie \u017co\u0142nierzy do wykonywania zada\u0144 opieku\u0144czo &#8211; piel\u0119gnacyjnych u pacjent\u00f3w le\u017c\u0105cych, nabycie wiedzy i umiej\u0119tno\u015bci z zakresu opieki nad osobami starszymi i niepe\u0142nosprawnymi oraz przygotowanie \u017co\u0142nierzy do roli opiekuna pacjent\u00f3w le\u017c\u0105cych.<\/p>\n\n\n\n<p>Program szkolenia obejmuje takie aspekty jak pomoc w codziennych czynno\u015bciach piel\u0119gnacyjnych u os\u00f3b le\u017c\u0105cych (zmiana po\u015bcieli, codzienna toaleta osobista), karmienie pacjent\u00f3w, wsp\u00f3\u0142praca i pomoc personelowi piel\u0119gniarskiemu w zakresie realizowania planu opieki nad pacjentami le\u017c\u0105cymi. \u017bo\u0142nierze poznaj\u0105 psychologiczne aspekty i specyfik\u0119 opieki nad pacjentem starszym, niesamodzielnym, przewlekle chorym oraz nabywaj\u0105 praktyczn\u0105 wiedz\u0119 niezb\u0119dn\u0105 do sprawowania opieki nad pacjentem le\u017c\u0105cym, nawi\u0105zywania i utrzymywania kontakt\u00f3w z osobami chorymi i niesamodzielnymi. S\u0105 wprowadzeni do tego, z czym trzeba si\u0119 zmierzy\u0107 w codziennej pracy.<\/p>\n\n\n\n<p class=\"has-text-align-center\"><strong>M\u0142odzi, ch\u0119tni do pomocy<\/strong><\/p>\n\n\n\n<p>Szczeg\u00f3lnie cieszy fakt, \u017ce du\u017ca liczba zg\u0142aszaj\u0105cych si\u0119 na kursy \u017co\u0142nierzy OT, to osoby w wieku 20-paru lat. \u015awiadczy to o tym, \u017ce m\u0142odzi Polacy s\u0105 ideowi i pe\u0142ni ch\u0119ci pomocy najbardziej potrzebuj\u0105cym rodakom.<\/p>\n\n\n\n<p class=\"has-text-align-right\"><strong>Marlena Ros\u0142aniec\u00a0<\/strong><br><em>Zesp\u00f3\u0142 Prasowy<br>6 MAZOWIECKA BRYGADA<br>OBRONY TERYTORIALNEJ<\/em><\/p>\n","protected":false},"excerpt":{"rendered":"<p>Piel\u0119gnacja, toaleta przeciwodle\u017cynowa, karmienie. Kolejni \u017co\u0142nierze 6 Mazowieckiej Brygady OT zako\u0144czyli kurs wsparcia personelu medycznego w opiece nad pacjentem le\u017c\u0105cym. \u0141\u0105cznie w\u015br\u00f3d terytorials\u00f3w z po\u0142udniowego Mazowsza jest ju\u017c 50 gotowych do wsparcia w ka\u017cdej chwili pacjent\u00f3w le\u017c\u0105cych. W zwi\u0105zku ze zwi\u0119kszaj\u0105c\u0105 si\u0119 liczb\u0105 pacjent\u00f3w chorych na COVID-19 w szpitalach, DPS-ach i podmiotach sprawuj\u0105cych opiek\u0119 nad [&hellip;]<\/p>\n","protected":false},"author":2,"featured_media":4157,"comment_status":"closed","ping_status":"open","sticky":false,"template":"","format":"standard","meta":{"footnotes":""},"categories":[8],"tags":[],"class_list":["post-4156","post","type-post","status-publish","format-standard","has-post-thumbnail","hentry","category-roznosci"],"_links":{"self":[{"href":"https:\/\/fleschmazowsza.com.pl\/index.php?rest_route=\/wp\/v2\/posts\/4156","targetHints":{"allow":["GET"]}}],"collection":[{"href":"https:\/\/fleschmazowsza.com.pl\/index.php?rest_route=\/wp\/v2\/posts"}],"about":[{"href":"https:\/\/fleschmazowsza.com.pl\/index.php?rest_route=\/wp\/v2\/types\/post"}],"author":[{"embeddable":true,"href":"https:\/\/fleschmazowsza.com.pl\/index.php?rest_route=\/wp\/v2\/users\/2"}],"replies":[{"embeddable":true,"href":"https:\/\/fleschmazowsza.com.pl\/index.php?rest_route=%2Fwp%2Fv2%2Fcomments&post=4156"}],"version-history":[{"count":1,"href":"https:\/\/fleschmazowsza.com.pl\/index.php?rest_route=\/wp\/v2\/posts\/4156\/revisions"}],"predecessor-version":[{"id":4158,"href":"https:\/\/fleschmazowsza.com.pl\/index.php?rest_route=\/wp\/v2\/posts\/4156\/revisions\/4158"}],"wp:featuredmedia":[{"embeddable":true,"href":"https:\/\/fleschmazowsza.com.pl\/index.php?rest_route=\/wp\/v2\/media\/4157"}],"wp:attachment":[{"href":"https:\/\/fleschmazowsza.com.pl\/index.php?rest_route=%2Fwp%2Fv2%2Fmedia&parent=4156"}],"wp:term":[{"taxonomy":"category","embeddable":true,"href":"https:\/\/fleschmazowsza.com.pl\/index.php?rest_route=%2Fwp%2Fv2%2Fcategories&post=4156"},{"taxonomy":"post_tag","embeddable":true,"href":"https:\/\/fleschmazowsza.com.pl\/index.php?rest_route=%2Fwp%2Fv2%2Ftags&post=4156"}],"curies":[{"name":"wp","href":"https:\/\/api.w.org\/{rel}","templated":true}]}}