{"id":4141,"date":"2021-04-02T10:06:59","date_gmt":"2021-04-02T09:06:59","guid":{"rendered":"http:\/\/fleschmazowsza.com.pl\/?p=4141"},"modified":"2021-04-02T10:07:00","modified_gmt":"2021-04-02T09:07:00","slug":"zlomiarze-wlamywacze","status":"publish","type":"post","link":"https:\/\/fleschmazowsza.com.pl\/?p=4141","title":{"rendered":"Z\u0142omiarze \u2013 w\u0142amywacze"},"content":{"rendered":"\n<p><strong>W Grodzisku Mazowieckim dosz\u0142o do zatrzymania dw\u00f3ch m\u0119\u017cczyzn: 21 i 24-latk\u00f3w, kt\u00f3rzy s\u0105 oskar\u017ceni o liczne w\u0142amania i kradzie\u017ce. Obecnie grozi im nawet 10 lat wi\u0119zienia.<\/strong><\/p>\n\n\n\n<p>W ci\u0105gu ostatnich kilku tygodni pojawi\u0142y si\u0119 liczne oskar\u017cenia zwi\u0105zane s\u0105 z kradzie\u017cami i w\u0142amaniami na posesje w gminie Jaktor\u00f3w. Uda\u0142o si\u0119 ustali\u0107, \u017ce w spraw\u0119 zamieszani s\u0105 m\u0142odzi m\u0119\u017cczy\u017ani z s\u0105siedniego powiatu. Obecnie s\u0105 oni zatrzymani.<\/p>\n\n\n\n<p>\u2013 Podczas prowadzonych czynno\u015bci dochodzeniowo \u2013 \u015bledczych jaktorowscy policjanci ustalili, \u017ce zatrzymani od d\u0142u\u017cszego czasu zajmowali si\u0119 zbieraniem z\u0142omu. Jak si\u0119 szybko okaza\u0142o, zabierali jednak nie tylko nikomu niepotrzebne metalowe przedmioty, ale tak\u017ce wchodzili na otwarte posesje i do budynk\u00f3w, kt\u00f3re mia\u0142y w\u0142a\u015bcicieli i kradli wszystko, co mo\u017cna by\u0142o z nich wynie\u015b\u0107. W jednym z dom\u00f3w wyrwali nawet kuchni\u0119 w\u0119glow\u0105 z mocowa\u0144 oraz ca\u0142\u0105 instalacj\u0119 elektryczn\u0105 \u2013 poinformowa\u0142a asp. sztab. Katarzyna Zych, rzecznik prasowy Komendy Powiatowej Policji w Grodzisku Mazowieckim.<\/p>\n\n\n\n<p>Starszemu, 24-latkowi zosta\u0142o postawionych 6 zarzut\u00f3w.<\/p>\n\n\n\n<p>&#8211; Dwa z nich dotyczy\u0142y w\u0142ama\u0144, a trzy kradzie\u017cy. Policjanci ustalili tak\u017ce, \u017ce 24-latek je\u017adzi\u0142 samochodem mimo orzeczonego przez s\u0105d zakazu prowadzenia pojazd\u00f3w, kt\u00f3ry obowi\u0105zuje go jeszcze do 2025 r. Drugi z zatrzymanych us\u0142ysza\u0142 zarzuty dokonania razem z koleg\u0105 w\u0142amania do budynku mieszkalnego i kradzie\u017cy r\u00f3\u017cnych przedmiot\u00f3w z nieogrodzonej posesji \u2013 dodaje asp. sztab. Zych.<\/p>\n\n\n\n<p>Podejrzanym grozi obecnie 10 lat pozbawienia wolno\u015bci. Szacuje si\u0119, \u017ce warto\u015b\u0107 strat, kt\u00f3re ponie\u015bli w\u0142a\u015bciciele posesji to ok. 19 tys. z\u0142.<\/p>\n\n\n\n<p class=\"has-text-align-right\"><strong>(ak)<\/strong>, Fot.: <em><strong>KPP Grodzisk Maz.<\/strong><\/em><\/p>\n","protected":false},"excerpt":{"rendered":"<p>W Grodzisku Mazowieckim dosz\u0142o do zatrzymania dw\u00f3ch m\u0119\u017cczyzn: 21 i 24-latk\u00f3w, kt\u00f3rzy s\u0105 oskar\u017ceni o liczne w\u0142amania i kradzie\u017ce. Obecnie grozi im nawet 10 lat wi\u0119zienia. W ci\u0105gu ostatnich kilku tygodni pojawi\u0142y si\u0119 liczne oskar\u017cenia zwi\u0105zane s\u0105 z kradzie\u017cami i w\u0142amaniami na posesje w gminie Jaktor\u00f3w. Uda\u0142o si\u0119 ustali\u0107, \u017ce w spraw\u0119 zamieszani s\u0105 m\u0142odzi [&hellip;]<\/p>\n","protected":false},"author":2,"featured_media":4142,"comment_status":"closed","ping_status":"open","sticky":false,"template":"","format":"standard","meta":{"footnotes":""},"categories":[5],"tags":[],"class_list":["post-4141","post","type-post","status-publish","format-standard","has-post-thumbnail","hentry","category-wiadomosci"],"_links":{"self":[{"href":"https:\/\/fleschmazowsza.com.pl\/index.php?rest_route=\/wp\/v2\/posts\/4141","targetHints":{"allow":["GET"]}}],"collection":[{"href":"https:\/\/fleschmazowsza.com.pl\/index.php?rest_route=\/wp\/v2\/posts"}],"about":[{"href":"https:\/\/fleschmazowsza.com.pl\/index.php?rest_route=\/wp\/v2\/types\/post"}],"author":[{"embeddable":true,"href":"https:\/\/fleschmazowsza.com.pl\/index.php?rest_route=\/wp\/v2\/users\/2"}],"replies":[{"embeddable":true,"href":"https:\/\/fleschmazowsza.com.pl\/index.php?rest_route=%2Fwp%2Fv2%2Fcomments&post=4141"}],"version-history":[{"count":1,"href":"https:\/\/fleschmazowsza.com.pl\/index.php?rest_route=\/wp\/v2\/posts\/4141\/revisions"}],"predecessor-version":[{"id":4143,"href":"https:\/\/fleschmazowsza.com.pl\/index.php?rest_route=\/wp\/v2\/posts\/4141\/revisions\/4143"}],"wp:featuredmedia":[{"embeddable":true,"href":"https:\/\/fleschmazowsza.com.pl\/index.php?rest_route=\/wp\/v2\/media\/4142"}],"wp:attachment":[{"href":"https:\/\/fleschmazowsza.com.pl\/index.php?rest_route=%2Fwp%2Fv2%2Fmedia&parent=4141"}],"wp:term":[{"taxonomy":"category","embeddable":true,"href":"https:\/\/fleschmazowsza.com.pl\/index.php?rest_route=%2Fwp%2Fv2%2Fcategories&post=4141"},{"taxonomy":"post_tag","embeddable":true,"href":"https:\/\/fleschmazowsza.com.pl\/index.php?rest_route=%2Fwp%2Fv2%2Ftags&post=4141"}],"curies":[{"name":"wp","href":"https:\/\/api.w.org\/{rel}","templated":true}]}}