{"id":414,"date":"2016-12-01T11:58:29","date_gmt":"2016-12-01T10:58:29","guid":{"rendered":"http:\/\/fleschmazowsza.com.pl\/?p=414"},"modified":"2016-12-01T11:58:29","modified_gmt":"2016-12-01T10:58:29","slug":"rondo-przy-promyka-i-przejazdowej-oficjalnie-otwarte","status":"publish","type":"post","link":"https:\/\/fleschmazowsza.com.pl\/?p=414","title":{"rendered":"Rondo przy Promyka i Przejazdowej oficjalnie otwarte"},"content":{"rendered":"<p><strong>Kolejny element tzw. ma\u0142ej obwodnicy zosta\u0142 oddany dzi\u015b o godzinie 8:30. Przedstawiciele w\u0142adz Wojew\u00f3dztwa Mazowieckiego, Powiatu Pruszkowskiego i Miasta Pruszkowa oficjalnie otworzyli rondo przy ulicach Promyka i Przejazdowej w Pruszkowie. To kolejna inwestycja zrealizowana w ramach drugiego etapu tworzenia tzw. Po\u0142udniowo-Zachodniej Obwodnicy Miasta Pruszkowa.<\/strong><\/p>\n<p>Rondo przy Promyka i Przejazdowej jest cz\u0119\u015bci\u0105 tzw. ma\u0142ej obwodnicy Pruszkowa, czyli w\u0119z\u0142a Pruszk\u00f3w Autostrady A2 \u0142\u0105cz\u0105cego go z drogami wojew\u00f3dzkimi 719, 701 i 718 Co najwa\u017cniejsze pozwala kierowcom omin\u0105\u0107 centrum miasta. W uroczystym otwarciu wzi\u0119li udzia\u0142 Wojewoda Mazowiecki Zdzis\u0142aw Sipiera, Starosta Pruszkowski Maksym Go\u0142o\u015b i Prezydent Miasta Pruszkowa Jan Starzy\u0144ski.<br \/>\nTa wsp\u00f3lna inwestycja by\u0142a niezwykle wa\u017cna dla ca\u0142ego powiatu, a w szczeg\u00f3lno\u015bci dla mieszka\u0144c\u00f3w Pruszkowa. Budowa ronda by\u0142a ostatnim etapem zamykania tzw. ma\u0142ej obwodnicy Pruszkowa, czyli ci\u0105gu ulic \u017bbikowskiej, Przejazdowej, Solidarno\u015bci i Przysz\u0142o\u015bci.<\/p>\n<p>\u201eDzi\u0119ki tej inwestycji, kierowcy kt\u00f3rzy chc\u0105 dojecha\u0107 do autostrady A2 lub drogi wojew\u00f3dzkiej 719 mog\u0105 omin\u0105\u0107 centrum Pruszkowa, a oddane dzi\u015b rondo pozwala jeszcze bardziej usprawni\u0107 szybki przep\u0142yw pojazd\u00f3w\u201d \u2013 komentuje Starosta Pruszkowski Maksym Go\u0142o\u015b i dodaje: \u201eWarto przypomnie\u0107, \u017ce inwestycj\u0119 zapocz\u0105tkowa\u0142 \u00f3wczesny Starosta Pruszkowski, a dzisiejszy Wojewoda Mazowiecki Zdzis\u0142aw Sipiera\u201d.<\/p>\n<p>Inwestycja kosztowa\u0142a 3,8 mln, z czego Powiat Pruszkowski dofinansowa\u0142 budow\u0119 kwot\u0105 1,6 miliona z\u0142otych, a 1,8 zosta\u0142o przekazane z bud\u017cetu pa\u0144stwa. Zadanie zrealizowa\u0142o Miasto Pruszk\u00f3w na mocy porozumienia i wsparcia ze strony Urz\u0119du Wojew\u00f3dzkim i Powiatu Pruszkowskiego.<\/p>\n<p style=\"text-align: right;\"><strong>Krzysztof Bukowski,<\/strong><\/p>\n<p style=\"text-align: right;\">Zast\u0119pca Naczelnika Biura Zarz\u0105du<\/p>\n","protected":false},"excerpt":{"rendered":"<p>Kolejny element tzw. ma\u0142ej obwodnicy zosta\u0142 oddany dzi\u015b o godzinie 8:30. Przedstawiciele w\u0142adz Wojew\u00f3dztwa Mazowieckiego, Powiatu Pruszkowskiego i Miasta Pruszkowa oficjalnie otworzyli rondo przy ulicach Promyka i Przejazdowej w Pruszkowie. To kolejna inwestycja zrealizowana w ramach drugiego etapu tworzenia tzw. Po\u0142udniowo-Zachodniej Obwodnicy Miasta Pruszkowa. Rondo przy Promyka i Przejazdowej jest cz\u0119\u015bci\u0105 tzw. ma\u0142ej obwodnicy Pruszkowa, [&hellip;]<\/p>\n","protected":false},"author":2,"featured_media":418,"comment_status":"closed","ping_status":"open","sticky":false,"template":"","format":"standard","meta":{"footnotes":""},"categories":[5],"tags":[],"class_list":["post-414","post","type-post","status-publish","format-standard","has-post-thumbnail","hentry","category-wiadomosci"],"_links":{"self":[{"href":"https:\/\/fleschmazowsza.com.pl\/index.php?rest_route=\/wp\/v2\/posts\/414","targetHints":{"allow":["GET"]}}],"collection":[{"href":"https:\/\/fleschmazowsza.com.pl\/index.php?rest_route=\/wp\/v2\/posts"}],"about":[{"href":"https:\/\/fleschmazowsza.com.pl\/index.php?rest_route=\/wp\/v2\/types\/post"}],"author":[{"embeddable":true,"href":"https:\/\/fleschmazowsza.com.pl\/index.php?rest_route=\/wp\/v2\/users\/2"}],"replies":[{"embeddable":true,"href":"https:\/\/fleschmazowsza.com.pl\/index.php?rest_route=%2Fwp%2Fv2%2Fcomments&post=414"}],"version-history":[{"count":1,"href":"https:\/\/fleschmazowsza.com.pl\/index.php?rest_route=\/wp\/v2\/posts\/414\/revisions"}],"predecessor-version":[{"id":416,"href":"https:\/\/fleschmazowsza.com.pl\/index.php?rest_route=\/wp\/v2\/posts\/414\/revisions\/416"}],"wp:featuredmedia":[{"embeddable":true,"href":"https:\/\/fleschmazowsza.com.pl\/index.php?rest_route=\/wp\/v2\/media\/418"}],"wp:attachment":[{"href":"https:\/\/fleschmazowsza.com.pl\/index.php?rest_route=%2Fwp%2Fv2%2Fmedia&parent=414"}],"wp:term":[{"taxonomy":"category","embeddable":true,"href":"https:\/\/fleschmazowsza.com.pl\/index.php?rest_route=%2Fwp%2Fv2%2Fcategories&post=414"},{"taxonomy":"post_tag","embeddable":true,"href":"https:\/\/fleschmazowsza.com.pl\/index.php?rest_route=%2Fwp%2Fv2%2Ftags&post=414"}],"curies":[{"name":"wp","href":"https:\/\/api.w.org\/{rel}","templated":true}]}}