{"id":4138,"date":"2021-04-02T10:05:09","date_gmt":"2021-04-02T09:05:09","guid":{"rendered":"http:\/\/fleschmazowsza.com.pl\/?p=4138"},"modified":"2021-04-02T10:05:10","modified_gmt":"2021-04-02T09:05:10","slug":"centrum-misji-afrykanskich-w-borzecinie-duzym","status":"publish","type":"post","link":"https:\/\/fleschmazowsza.com.pl\/?p=4138","title":{"rendered":"Centrum Misji Afryka\u0144skich w Borz\u0119cinie Du\u017cym"},"content":{"rendered":"\n<p><strong>Cisza, spok\u00f3j, harmonia, a do tego afryka\u0144ski folklor, a nawet majestatyczny baobab\u2026 Czy to opis afryka\u0144skiej sawanny? Nie! Tak wygl\u0105daj\u0105 wn\u0119trza Centrum Misji Afryka\u0144skich, nowo wybudowanego, nowoczesnego o\u015brodka rekolekcyjno \u2013 konferencyjnego w Borz\u0119cinie Du\u017cym, zaledwie 15 minut od Warszawy.<\/strong><\/p>\n\n\n\n<p>Sk\u0105d tak oryginalne i pi\u0119kne miejsce w niewielkiej i ca\u0142kiem niepozornej podwarszawskiej miejscowo\u015bci? Historia tej \u201eafryka\u0144skiej enklawy\u201d zaczyna si\u0119 w 2014 roku, gdy do Borz\u0119cina Du\u017cego przybyli ksi\u0119\u017ca ze zgromadzenia Stowarzyszenia Misji Afryka\u0144skich (SMA).<\/p>\n\n\n\n<p class=\"has-text-align-center\"><strong>Wielka mi\u0119dzynarodowa rodzina<\/strong><\/p>\n\n\n\n<p>SMA to m\u0119skie rzymskokatolickie zgromadzenie misyjne, za\u0142o\u017cone w 1856 roku przez ks. bp Melchiora de Marion-Br\u00e9sillac w celu g\u0142oszenia Chrystusa ludom Afryki, w szczeg\u00f3lno\u015bci tym, kt\u00f3re jeszcze o Nim nie s\u0142ysza\u0142y. SMA od samego pocz\u0105tku mia\u0142o charakter mi\u0119dzynarodowy.<\/p>\n\n\n\n<p>Pierwsi misjonarze pochodzili z Francji, Hiszpanii i W\u0142och. W miar\u0119 up\u0142ywu czasu kolejne kraje do\u0142\u0105cza\u0142y si\u0119 do tego dzie\u0142a, wysy\u0142aj\u0105c swoich misjonarzy do Afryki. Dzisiaj SMA to wielka mi\u0119dzynarodowa rodzina, skupiaj\u0105ca nie tylko misjonarzy pochodz\u0105cych z Europy czy Ameryki, ale r\u00f3wnie\u017c z Indii, Filipin i wielu kraj\u00f3w Afryki.<\/p>\n\n\n\n<p>Charyzmatem, czyli szczeg\u00f3lnym powo\u0142aniem zgromadzenia Stowarzyszenia Misji Afryka\u0144skich jest: g\u0142oszenie Dobrej Nowiny na terenach jeszcze nieewangelizowanych w Afryce i w\u015br\u00f3d ludno\u015bci pochodzenia afryka\u0144skiego, tworzenie samodzielnych wsp\u00f3lnot chrze\u015bcija\u0144skich, a tak\u017ce szeroko rozumiana promocja Afryki, w tym przybli\u017canie Europie bogactwa kultury i cywilizacji afryka\u0144skiej.<\/p>\n\n\n\n<p class=\"has-text-align-center\"><strong>Misjonarze \u2013 Polacy<\/strong><\/p>\n\n\n\n<p>W\u015br\u00f3d misjonarzy SMA s\u0105 r\u00f3wnie\u017c Polacy. Cz\u0119\u015b\u0107 z nich z ogromnym po\u015bwi\u0119ceniem bierze udzia\u0142 bezpo\u015brednio w zadaniach ewangelizacyjnych na kontynencie afryka\u0144skim, ale s\u0105 r\u00f3wnie\u017c tacy, kt\u00f3rzy realizuj\u0105 sw\u00f3j charyzmat, pracuj\u0105c w Polsce. Oni wspieraj\u0105 misje w nieco inny, cho\u0107 w niemniej wa\u017cny spos\u00f3b, tj. w\u0142a\u015bnie poprzez promocj\u0119 Afryki i jej bogatej kultury, a tak\u017ce zbieranie \u015brodk\u00f3w na rzecz zada\u0144 realizowanych przez ich braci na Czarnym L\u0105dzie.<\/p>\n\n\n\n<p>Takie w\u0142a\u015bnie zadanie ma wype\u0142nia\u0107 Centrum Misji Afryka\u0144skich w Borz\u0119cinie Du\u017cym, budowane od 2014 do 2018 roku, a otwarte i po\u015bwi\u0119cone dnia 15 wrze\u015bnia 2018 roku przez J. Ekselenci\u0119 Kardyna\u0142a Kazimierza Nycza, arcybiskupa metropolit\u0119 warszawskiego.<\/p>\n\n\n\n<p>&#8211; O\u015brodek ma s\u0142u\u017cy\u0107 dzie\u0142u ewangelizacji i promocji misji w Polsce, by\u0107 miejscem konferencji, rekolekcji, i spotka\u0144, miejscem, w kt\u00f3rym b\u0119d\u0105 prowadzone warsztaty i duchowa formacja, kt\u00f3re pomog\u0105 uczestnikom w rozwijaniu i pog\u0142\u0119bianiu ich relacji z Bogiem i z drugim cz\u0142owiekiem. Ma pomaga\u0107 ono w pe\u0142niejszym otwieraniu si\u0119 na powo\u0142ania kap\u0142a\u0144skie i misyjne, kt\u00f3rych ci\u0105gle potrzeba dla budowania solidnego ko\u015bcio\u0142a lokalnego w Afryce; dzia\u0142alno\u015b\u0107 ma r\u00f3wnie\u017c sprzyja\u0107 promowaniu pos\u0142ugi misyjnej oraz wolontariatu os\u00f3b \u015bwieckich na Czarnym L\u0105dzie. \u2013 opowiada nam ks. Waldemar Krzempek, dyrektor o\u015brodka. &#8211; CMA ma by\u0107 skrzy\u017cowaniem dr\u00f3g mi\u0119dzy Polsk\u0105 i Afryk\u0105 w wymiarze religijnym, duchowym, kulturowym oraz materialnym. \u00ad \u2013 podsumowuje.<\/p>\n\n\n\n<p class=\"has-text-align-center\"><strong>To nie jest zwyk\u0142y hotel<\/strong><\/p>\n\n\n\n<p>Ten ostatni jest o tyle istotny, \u017ce, zgodnie z has\u0142em promocyjnym o\u015brodka, goszcz\u0105c w nim dos\u0142ownie wspieramy misje. Doch\u00f3d z dzia\u0142alno\u015bci domu wspomaga bowiem bezpo\u015brednio dzia\u0142alno\u015b\u0107 misjonarzy SMA w Afryce.<\/p>\n\n\n\n<p>\u2013 To niesamowite, \u017ce rezerwuj\u0105c nocleg, czy kupuj\u0105c kaw\u0119 w domu rekolekcyjnym pod Warszaw\u0105, mo\u017cemy realnie pom\u00f3c potrzebuj\u0105cym z Afryki! &#8211; relacjonuje entuzjastycznie pani Dominika, manager o\u015brodka, kt\u00f3ry posiada nie tylko pi\u0119kn\u0105 kaplic\u0119 i sale konferencyjne, ale r\u00f3wnie\u017c przytulne pokoje, a nawet sal\u0119 fitness i saun\u0119.<\/p>\n\n\n\n<p>\u2013 O to w\u0142a\u015bnie chodzi, taka jest idea tego miejsca. Aby w tym zabieganym \u015bwiecie, m\u00f3c si\u0119 na chwil\u0119 zatrzyma\u0107 i naprawd\u0119 odpocz\u0105\u0107. U nas mo\u017cna znale\u017a\u0107 przestrze\u0144 i czas na regeneracj\u0119 cia\u0142a, umys\u0142u i\u2026 odpocznienie duszy. \u2013 zaprasza pan Bartek, odpowiedzialny za promocj\u0119 miejsca.<\/p>\n\n\n\n<p>&#8211; To prawda, pandemia powa\u017cnie pokrzy\u017cowa\u0142a nam plany. Wobec aktualnych obostrze\u0144, trudno by nasz o\u015brodek funkcjonowa\u0142 w spos\u00f3b normalny \u2013 opowiada ze smutkiem pan Bartek. \u2013 Mimo to dzia\u0142amy dalej: tworzymy pakiety pobytowe, planujemy nowe turnusy rekolekcyjne, aktualizujemy stron\u0119 internetow\u0105 i facebooka. Pracujemy nad tym, by nasza oferta jak najlepiej odpowiada\u0142a na potrzeby fizyczne i duchowe naszych przysz\u0142ych go\u015bci \u2013 dodaje. \u2013 Nie poddajemy si\u0119. Mamy motywacj\u0119, by zawalczy\u0107 o to miejsce. \u2013 opowiada pani Dominika. &#8211; To nie jest zwyk\u0142y hotel. Chcemy by nasz dom realnie zmienia\u0142 \u017cycie ludzi: naszych go\u015bci, kt\u00f3rzy tu efektywnie odpoczn\u0105 oraz potrzebuj\u0105cych w Afryce, kt\u00f3rych wspomaga dzia\u0142alno\u015b\u0107 naszego centrum \u2013 ko\u0144czy pe\u0142na nadziei.<\/p>\n\n\n\n<p class=\"has-text-align-right\">\u0179r\u00f3d\u0142o:<br>Strona internetowa: <em><strong>https:\/\/cma.sma.pl\/oferta-20659<\/strong><\/em><br>Strona Facebook: <em><strong>https:\/\/www.facebook.com\/centrumisjiafrykanskich<\/strong><\/em><\/p>\n","protected":false},"excerpt":{"rendered":"<p>Cisza, spok\u00f3j, harmonia, a do tego afryka\u0144ski folklor, a nawet majestatyczny baobab\u2026 Czy to opis afryka\u0144skiej sawanny? Nie! Tak wygl\u0105daj\u0105 wn\u0119trza Centrum Misji Afryka\u0144skich, nowo wybudowanego, nowoczesnego o\u015brodka rekolekcyjno \u2013 konferencyjnego w Borz\u0119cinie Du\u017cym, zaledwie 15 minut od Warszawy. Sk\u0105d tak oryginalne i pi\u0119kne miejsce w niewielkiej i ca\u0142kiem niepozornej podwarszawskiej miejscowo\u015bci? Historia tej \u201eafryka\u0144skiej [&hellip;]<\/p>\n","protected":false},"author":2,"featured_media":4139,"comment_status":"closed","ping_status":"open","sticky":false,"template":"","format":"standard","meta":{"footnotes":""},"categories":[8],"tags":[],"class_list":["post-4138","post","type-post","status-publish","format-standard","has-post-thumbnail","hentry","category-roznosci"],"_links":{"self":[{"href":"https:\/\/fleschmazowsza.com.pl\/index.php?rest_route=\/wp\/v2\/posts\/4138","targetHints":{"allow":["GET"]}}],"collection":[{"href":"https:\/\/fleschmazowsza.com.pl\/index.php?rest_route=\/wp\/v2\/posts"}],"about":[{"href":"https:\/\/fleschmazowsza.com.pl\/index.php?rest_route=\/wp\/v2\/types\/post"}],"author":[{"embeddable":true,"href":"https:\/\/fleschmazowsza.com.pl\/index.php?rest_route=\/wp\/v2\/users\/2"}],"replies":[{"embeddable":true,"href":"https:\/\/fleschmazowsza.com.pl\/index.php?rest_route=%2Fwp%2Fv2%2Fcomments&post=4138"}],"version-history":[{"count":1,"href":"https:\/\/fleschmazowsza.com.pl\/index.php?rest_route=\/wp\/v2\/posts\/4138\/revisions"}],"predecessor-version":[{"id":4140,"href":"https:\/\/fleschmazowsza.com.pl\/index.php?rest_route=\/wp\/v2\/posts\/4138\/revisions\/4140"}],"wp:featuredmedia":[{"embeddable":true,"href":"https:\/\/fleschmazowsza.com.pl\/index.php?rest_route=\/wp\/v2\/media\/4139"}],"wp:attachment":[{"href":"https:\/\/fleschmazowsza.com.pl\/index.php?rest_route=%2Fwp%2Fv2%2Fmedia&parent=4138"}],"wp:term":[{"taxonomy":"category","embeddable":true,"href":"https:\/\/fleschmazowsza.com.pl\/index.php?rest_route=%2Fwp%2Fv2%2Fcategories&post=4138"},{"taxonomy":"post_tag","embeddable":true,"href":"https:\/\/fleschmazowsza.com.pl\/index.php?rest_route=%2Fwp%2Fv2%2Ftags&post=4138"}],"curies":[{"name":"wp","href":"https:\/\/api.w.org\/{rel}","templated":true}]}}