{"id":4127,"date":"2021-03-19T14:20:04","date_gmt":"2021-03-19T13:20:04","guid":{"rendered":"http:\/\/fleschmazowsza.com.pl\/?p=4127"},"modified":"2021-03-19T14:20:05","modified_gmt":"2021-03-19T13:20:05","slug":"od-lipca-nowy-rejestr-ogrzewania-domow","status":"publish","type":"post","link":"https:\/\/fleschmazowsza.com.pl\/?p=4127","title":{"rendered":"Od lipca nowy rejestr ogrzewania dom\u00f3w"},"content":{"rendered":"\n<p><strong>Wkr\u00f3tce wejd\u0105 w \u017cycie nowe przepisy dotycz\u0105ce ogrzewania dom\u00f3w i budynk\u00f3w u\u017cytkowych. Od 1 lipca b\u0119dzie obowi\u0105zywa\u0142 warunek zg\u0142oszenia do rejestru przez w\u0142a\u015bciciela i zarz\u0105dcy domu, czym ogrzewana jest nieruchomo\u015b\u0107. Ma to by\u0107 formu\u0142a zapewniaj\u0105ca eko-podej\u015bcie do zmian klimatycznych oraz zapobiegni\u0119cia rozprzestrzeniania si\u0119 smogu.<\/strong><\/p>\n\n\n\n<p>Od po\u0142owy roku zacznie funkcjonowa\u0107 przepis zwi\u0105zany z obowi\u0105zkiem rejestru \u017ar\u00f3de\u0142 ciep\u0142a. Ka\u017cdy w\u0142a\u015bciciel i zarz\u0105dca budynku b\u0119dzie zobligowany do z\u0142o\u017cenia deklaracji. Formalno\u015bci te b\u0119dzie mo\u017cna z\u0142o\u017cy\u0107 drog\u0105 elektroniczn\u0105. W przypadku nowo wybudowanych dom\u00f3w deklaracj\u0119 trzeba b\u0119dzie z\u0142o\u017cy\u0107 w ci\u0105gu 14 dni od uruchomienia \u017ar\u00f3d\u0142a ciep\u0142a.<\/p>\n\n\n\n<p class=\"has-text-align-center\"><strong>Co grozi, je\u015bli nie z\u0142o\u017cymy?<\/strong><\/p>\n\n\n\n<p>Wa\u017cnym do odnotowania jest fakt, \u017ce brak deklaracji b\u0119dzie oznacza\u0142 kar\u0119. Do rejestru musz\u0105 zosta\u0107 wpisane budynki mieszkalne, us\u0142ugowe, ale i budynki u\u017cyteczno\u015bci publicznej z nominaln\u0105 moc\u0105 \u017ar\u00f3d\u0142a spalania paliw w budynku do 1 MW. W Centralnej Ewidencji Emisyjno\u015bci Budynk\u00f3w docelowo mo\u017ce si\u0119 znale\u017a\u0107 nawet 6 mln budynk\u00f3w.<\/p>\n\n\n\n<p class=\"has-text-align-center\"><strong>Po co rejestr?<\/strong><\/p>\n\n\n\n<p>\u2013 Je\u015bli wpiszemy, jakie mamy parametry naszego budynku, jaki spos\u00f3b ogrzewania, w kolejnych etapach \u2013 jakie mamy drzwi i okna itd., to w\u00f3wczas mo\u017cemy uzyska\u0107 informacj\u0119, jakie dzia\u0142ania musimy podj\u0105\u0107, \u017ceby nasz budynek doprowadzi\u0107 do po\u017c\u0105danego stanu jego efektywno\u015bci energetycznej. To nie jest mechanizm karania za niew\u0142a\u015bciwy spos\u00f3b ogrzewania domu \u2013 wyja\u015bnia\u0142a w programie \u201eMoney. To si\u0119 liczy\u201d Anna Kornecka, wiceminister rozwoju, pracy i technologii.<\/p>\n\n\n\n<p class=\"has-text-align-right\"><strong>(ak)<\/strong>, Fot.: <strong><em>Pixabay<\/em><\/strong><\/p>\n","protected":false},"excerpt":{"rendered":"<p>Wkr\u00f3tce wejd\u0105 w \u017cycie nowe przepisy dotycz\u0105ce ogrzewania dom\u00f3w i budynk\u00f3w u\u017cytkowych. Od 1 lipca b\u0119dzie obowi\u0105zywa\u0142 warunek zg\u0142oszenia do rejestru przez w\u0142a\u015bciciela i zarz\u0105dcy domu, czym ogrzewana jest nieruchomo\u015b\u0107. Ma to by\u0107 formu\u0142a zapewniaj\u0105ca eko-podej\u015bcie do zmian klimatycznych oraz zapobiegni\u0119cia rozprzestrzeniania si\u0119 smogu. Od po\u0142owy roku zacznie funkcjonowa\u0107 przepis zwi\u0105zany z obowi\u0105zkiem rejestru \u017ar\u00f3de\u0142 [&hellip;]<\/p>\n","protected":false},"author":2,"featured_media":4128,"comment_status":"closed","ping_status":"open","sticky":false,"template":"","format":"standard","meta":{"footnotes":""},"categories":[9],"tags":[],"class_list":["post-4127","post","type-post","status-publish","format-standard","has-post-thumbnail","hentry","category-edukacja"],"_links":{"self":[{"href":"https:\/\/fleschmazowsza.com.pl\/index.php?rest_route=\/wp\/v2\/posts\/4127","targetHints":{"allow":["GET"]}}],"collection":[{"href":"https:\/\/fleschmazowsza.com.pl\/index.php?rest_route=\/wp\/v2\/posts"}],"about":[{"href":"https:\/\/fleschmazowsza.com.pl\/index.php?rest_route=\/wp\/v2\/types\/post"}],"author":[{"embeddable":true,"href":"https:\/\/fleschmazowsza.com.pl\/index.php?rest_route=\/wp\/v2\/users\/2"}],"replies":[{"embeddable":true,"href":"https:\/\/fleschmazowsza.com.pl\/index.php?rest_route=%2Fwp%2Fv2%2Fcomments&post=4127"}],"version-history":[{"count":1,"href":"https:\/\/fleschmazowsza.com.pl\/index.php?rest_route=\/wp\/v2\/posts\/4127\/revisions"}],"predecessor-version":[{"id":4129,"href":"https:\/\/fleschmazowsza.com.pl\/index.php?rest_route=\/wp\/v2\/posts\/4127\/revisions\/4129"}],"wp:featuredmedia":[{"embeddable":true,"href":"https:\/\/fleschmazowsza.com.pl\/index.php?rest_route=\/wp\/v2\/media\/4128"}],"wp:attachment":[{"href":"https:\/\/fleschmazowsza.com.pl\/index.php?rest_route=%2Fwp%2Fv2%2Fmedia&parent=4127"}],"wp:term":[{"taxonomy":"category","embeddable":true,"href":"https:\/\/fleschmazowsza.com.pl\/index.php?rest_route=%2Fwp%2Fv2%2Fcategories&post=4127"},{"taxonomy":"post_tag","embeddable":true,"href":"https:\/\/fleschmazowsza.com.pl\/index.php?rest_route=%2Fwp%2Fv2%2Ftags&post=4127"}],"curies":[{"name":"wp","href":"https:\/\/api.w.org\/{rel}","templated":true}]}}