{"id":4124,"date":"2021-03-19T14:18:21","date_gmt":"2021-03-19T13:18:21","guid":{"rendered":"http:\/\/fleschmazowsza.com.pl\/?p=4124"},"modified":"2021-03-19T14:18:22","modified_gmt":"2021-03-19T13:18:22","slug":"areszt-za-zabojstwo","status":"publish","type":"post","link":"https:\/\/fleschmazowsza.com.pl\/?p=4124","title":{"rendered":"Areszt za zab\u00f3jstwo"},"content":{"rendered":"\n<p><strong>W Milan\u00f3wku 40-latka zosta\u0142a zatrzymana pod zarzutem zab\u00f3jstwa. Jest podejrzana o ugodzenie no\u017cem 49-letniego m\u0119\u017cczyzny, kt\u00f3ry w wyniku zdarzenia zmar\u0142. S\u0105d zdecydowa\u0142 o trzymiesi\u0119cznym areszcie.<\/strong><\/p>\n\n\n\n<p>W niedziel\u0119, 28 lutego przed p\u00f3\u0142noc\u0105 dosz\u0142o do dramatycznego zdarzenia w Milan\u00f3wku. Tu\u017c przed p\u00f3\u0142noc\u0105 policjanci otrzymali zg\u0142oszenie, \u017ce w jednym z blok\u00f3w dosz\u0142o do tragedii. Tam mia\u0142o doj\u015b\u0107 do \u015bmiertelnego ugodzenia no\u017cem m\u0119\u017cczyzny.<\/p>\n\n\n\n<p>\u2013 Przybyli pod wskazany adres funkcjonariusze razem z za\u0142og\u0105 pogotowia ratunkowego na klatce schodowej zastali zakrwawion\u0105 kobiet\u0119, kt\u00f3ra powiedzia\u0142a im, \u017ce \u201eona to zrobi\u0142a\u201d. Wewn\u0105trz jednego z mieszka\u0144 policjanci zobaczyli le\u017c\u0105cego na pod\u0142odze m\u0119\u017cczyzn\u0119, kt\u00f3ry krwawi\u0142. Natychmiast rozpocz\u0119\u0142a si\u0119 reanimacja nieprzytomnego m\u0119\u017cczyzny. Niestety na pomoc by\u0142o ju\u017c za p\u00f3\u017ano i po czynno\u015bciach lekarz stwierdzi\u0142 zgon \u2013 poinformowa\u0142a Komenda Powiatowa Policji w Grodzisku Mazowieckim.<\/p>\n\n\n\n<p>Narz\u0119dzie zbrodni zosta\u0142o zabezpieczone, a 40-latka zatrzymana. 2 marca s\u0105d postanowi\u0142 o trzymiesi\u0119cznym areszcie. Kobiecie grozi do\u017cywocie.<\/p>\n\n\n\n<p class=\"has-text-align-right\"><strong>(ak)<\/strong>, Fot.: <strong><em>grodzisknews.pl<\/em><\/strong><\/p>\n","protected":false},"excerpt":{"rendered":"<p>W Milan\u00f3wku 40-latka zosta\u0142a zatrzymana pod zarzutem zab\u00f3jstwa. Jest podejrzana o ugodzenie no\u017cem 49-letniego m\u0119\u017cczyzny, kt\u00f3ry w wyniku zdarzenia zmar\u0142. S\u0105d zdecydowa\u0142 o trzymiesi\u0119cznym areszcie. W niedziel\u0119, 28 lutego przed p\u00f3\u0142noc\u0105 dosz\u0142o do dramatycznego zdarzenia w Milan\u00f3wku. Tu\u017c przed p\u00f3\u0142noc\u0105 policjanci otrzymali zg\u0142oszenie, \u017ce w jednym z blok\u00f3w dosz\u0142o do tragedii. Tam mia\u0142o doj\u015b\u0107 do [&hellip;]<\/p>\n","protected":false},"author":2,"featured_media":4125,"comment_status":"closed","ping_status":"open","sticky":false,"template":"","format":"standard","meta":{"footnotes":""},"categories":[8],"tags":[],"class_list":["post-4124","post","type-post","status-publish","format-standard","has-post-thumbnail","hentry","category-roznosci"],"_links":{"self":[{"href":"https:\/\/fleschmazowsza.com.pl\/index.php?rest_route=\/wp\/v2\/posts\/4124","targetHints":{"allow":["GET"]}}],"collection":[{"href":"https:\/\/fleschmazowsza.com.pl\/index.php?rest_route=\/wp\/v2\/posts"}],"about":[{"href":"https:\/\/fleschmazowsza.com.pl\/index.php?rest_route=\/wp\/v2\/types\/post"}],"author":[{"embeddable":true,"href":"https:\/\/fleschmazowsza.com.pl\/index.php?rest_route=\/wp\/v2\/users\/2"}],"replies":[{"embeddable":true,"href":"https:\/\/fleschmazowsza.com.pl\/index.php?rest_route=%2Fwp%2Fv2%2Fcomments&post=4124"}],"version-history":[{"count":1,"href":"https:\/\/fleschmazowsza.com.pl\/index.php?rest_route=\/wp\/v2\/posts\/4124\/revisions"}],"predecessor-version":[{"id":4126,"href":"https:\/\/fleschmazowsza.com.pl\/index.php?rest_route=\/wp\/v2\/posts\/4124\/revisions\/4126"}],"wp:featuredmedia":[{"embeddable":true,"href":"https:\/\/fleschmazowsza.com.pl\/index.php?rest_route=\/wp\/v2\/media\/4125"}],"wp:attachment":[{"href":"https:\/\/fleschmazowsza.com.pl\/index.php?rest_route=%2Fwp%2Fv2%2Fmedia&parent=4124"}],"wp:term":[{"taxonomy":"category","embeddable":true,"href":"https:\/\/fleschmazowsza.com.pl\/index.php?rest_route=%2Fwp%2Fv2%2Fcategories&post=4124"},{"taxonomy":"post_tag","embeddable":true,"href":"https:\/\/fleschmazowsza.com.pl\/index.php?rest_route=%2Fwp%2Fv2%2Ftags&post=4124"}],"curies":[{"name":"wp","href":"https:\/\/api.w.org\/{rel}","templated":true}]}}