{"id":4121,"date":"2021-03-19T14:16:41","date_gmt":"2021-03-19T13:16:41","guid":{"rendered":"http:\/\/fleschmazowsza.com.pl\/?p=4121"},"modified":"2021-03-19T14:16:43","modified_gmt":"2021-03-19T13:16:43","slug":"czy-przejazd-kolejowy-w-parzniewie-bedzie-zamkniety","status":"publish","type":"post","link":"https:\/\/fleschmazowsza.com.pl\/?p=4121","title":{"rendered":"Czy przejazd kolejowy w Parzniewie b\u0119dzie zamkni\u0119ty?"},"content":{"rendered":"\n<p><strong>Kolejny ju\u017c raz na tapet\u0119 powraca temat zamkni\u0119cia jednego z przejazd\u00f3w kolejowych w Parzniewie. Kolejarze wnioskuj\u0105 o jego zamkni\u0119cie przy ul. Przejazdowej. Co jest powodem?<\/strong><\/p>\n\n\n\n<p>Przeprawa kolejowa, o kt\u00f3rej mowa powsta\u0142a 7 lat temu na skutek zast\u0119pstwa po zamkni\u0119tym w\u00f3wczas przeje\u017adzie przy ul. Dzia\u0142kowej z powodu budowy tunelu. Od roku natomiast tunel dzia\u0142a. Poza nim, przejazd kolejowy przy ul. Przejazdowej tak\u017ce funkcjonuje. W obu miejscach nat\u0119\u017cenie ruchu jest bardzo du\u017ce. Usprawiedliwione jest zatem istnienie przejazdu, tym bardziej, \u017ce ci\u0119\u017car\u00f3wki nie mog\u0105 skorzysta\u0107 z tunelu.<\/p>\n\n\n\n<p class=\"has-text-align-center\"><strong>Temat wraca<\/strong><\/p>\n\n\n\n<p>Rok temu kolejarze odpowiedzialni za utrzymanie przeprawy na pograniczu miasta Pruszk\u00f3w i gminy Brwin\u00f3w zapowiadali zamkni\u0119cie przejazdu. Ostatecznie jednak kolej wsp\u00f3lnie z obu samorz\u0105dami mia\u0142a ustali\u0107 podzia\u0142 koszt\u00f3w zwi\u0105zanych z wyposa\u017ceniem przejazdu w dodatkowe zabezpieczenia oraz koszt\u00f3w zwi\u0105zanych z jego utrzymaniem. Nic jednak nie uda\u0142o si\u0119 ustali\u0107. Temat ponownie powr\u00f3ci\u0142.<\/p>\n\n\n\n<p>Poinformowa\u0142 o tym wiceprezydent Pruszkowa Konrad Sipiera:<\/p>\n\n\n\n<p>\u2013 W dniu 5 lutego 2021 r., na zaproszenie PKP PLK, uczestniczy\u0142em w spotkaniu, kt\u00f3rego tematem by\u0142 przejazd kolejowo-drogowy w km 18,475 linii kolejowych nr 1 i 447 w Parzniewie, a dok\u0142adnie ch\u0119\u0107 likwidacji tego w\u0142a\u015bnie przejazdu. G\u0142\u00f3wny argument ze strony PKP PLK, z kt\u00f3rym oczywi\u015bcie trudno dyskutowa\u0107, to zachowanie bezpiecze\u0144stwa na linii kolejowej w zwi\u0105zku z podniesieniem pr\u0119dko\u015bci linii do 200 km\/h.<\/p>\n\n\n\n<p class=\"has-text-align-center\"><strong>Stanowisko Pruszkowa<\/strong><\/p>\n\n\n\n<p>Magistrat Pruszkowa stoi na stanowisku, \u017ce przeprawa przy ul. Przejazdowej nie mo\u017ce zosta\u0107 zamkni\u0119ta za powodu powt\u00f3rnego powrotu ci\u0119\u017car\u00f3wek do centrum miasta.<\/p>\n\n\n\n<p>\u2013 Dodatkowe obci\u0105\u017cenie dla naszego g\u0142\u00f3wnego wiaduktu w Pruszkowie b\u0119dzie stanowi\u0142o du\u017ce zagro\u017cenie w kontek\u015bcie jego \u017cywotno\u015bci do czasu wybudowania dw\u00f3ch nowych obiekt\u00f3w \u2013 podkre\u015bla Sipiera.<\/p>\n\n\n\n<p>Wiceprezydent Pruszkowa stoi na stanowisku, \u017ce jest to nieadekwatny pomys\u0142 i zaznacza, \u017ce na spotkaniu wyrazi\u0142 sprzeciw:<\/p>\n\n\n\n<p>\u2013 Poinformowa\u0142em, \u017ce miasto Pruszk\u00f3w nie widzi mo\u017cliwo\u015bci likwidacji przejazdu kolejowego w Parzniewie do czasu powstania trasy tzw. Paszkowianki. Powo\u0142a\u0142em si\u0119 r\u00f3wnie\u017c na porozumienie z 2015 r. zawarte mi\u0119dzy Miastem Pruszk\u00f3w a PKP PLK, w kt\u00f3rym by\u0142 jasny zapis, \u017ce przejazd ma funkcjonowa\u0107 do momentu wybudowania Paszkowianki \u2013 dodaje.<\/p>\n\n\n\n<p class=\"has-text-align-center\"><strong>Up\u00f3r Pruszkowa<\/strong><\/p>\n\n\n\n<p>W\u0142adze Pruszkowa zapowiadaj\u0105, \u017ce nie zmieni si\u0119 ich pogl\u0105d na spraw\u0119.<\/p>\n\n\n\n<p>\u2013 Obecnie czekamy na kolejne spotkanie, na kt\u00f3re PKP PLK ma zaprosi\u0107 tak\u017ce przedstawicieli Urz\u0119du Marsza\u0142kowskiego, Gminy Brwin\u00f3w oraz Zarz\u0105du Dr\u00f3g Wojew\u00f3dzkich. Wsp\u00f3lnie z panem starost\u0105 potwierdzili\u015bmy ch\u0119\u0107 udzia\u0142u w spotkaniu, kt\u00f3re planowane jest na koniec marca \u2013 zaznacza Konrad Sipiera. \u2013 To spotkanie mo\u017ce da\u0107 nam r\u00f3wnie\u017c odpowiedzi na to kiedy rozstanie zrealizowana Paszkowianka \u2013 dodaje.<\/p>\n\n\n\n<p class=\"has-text-align-right\"><strong>(ak)<\/strong>, Fot.: <strong><em>Pixabay<\/em><\/strong><\/p>\n","protected":false},"excerpt":{"rendered":"<p>Kolejny ju\u017c raz na tapet\u0119 powraca temat zamkni\u0119cia jednego z przejazd\u00f3w kolejowych w Parzniewie. Kolejarze wnioskuj\u0105 o jego zamkni\u0119cie przy ul. Przejazdowej. Co jest powodem? Przeprawa kolejowa, o kt\u00f3rej mowa powsta\u0142a 7 lat temu na skutek zast\u0119pstwa po zamkni\u0119tym w\u00f3wczas przeje\u017adzie przy ul. Dzia\u0142kowej z powodu budowy tunelu. Od roku natomiast tunel dzia\u0142a. Poza nim, [&hellip;]<\/p>\n","protected":false},"author":2,"featured_media":4122,"comment_status":"closed","ping_status":"open","sticky":false,"template":"","format":"standard","meta":{"footnotes":""},"categories":[5],"tags":[],"class_list":["post-4121","post","type-post","status-publish","format-standard","has-post-thumbnail","hentry","category-wiadomosci"],"_links":{"self":[{"href":"https:\/\/fleschmazowsza.com.pl\/index.php?rest_route=\/wp\/v2\/posts\/4121","targetHints":{"allow":["GET"]}}],"collection":[{"href":"https:\/\/fleschmazowsza.com.pl\/index.php?rest_route=\/wp\/v2\/posts"}],"about":[{"href":"https:\/\/fleschmazowsza.com.pl\/index.php?rest_route=\/wp\/v2\/types\/post"}],"author":[{"embeddable":true,"href":"https:\/\/fleschmazowsza.com.pl\/index.php?rest_route=\/wp\/v2\/users\/2"}],"replies":[{"embeddable":true,"href":"https:\/\/fleschmazowsza.com.pl\/index.php?rest_route=%2Fwp%2Fv2%2Fcomments&post=4121"}],"version-history":[{"count":1,"href":"https:\/\/fleschmazowsza.com.pl\/index.php?rest_route=\/wp\/v2\/posts\/4121\/revisions"}],"predecessor-version":[{"id":4123,"href":"https:\/\/fleschmazowsza.com.pl\/index.php?rest_route=\/wp\/v2\/posts\/4121\/revisions\/4123"}],"wp:featuredmedia":[{"embeddable":true,"href":"https:\/\/fleschmazowsza.com.pl\/index.php?rest_route=\/wp\/v2\/media\/4122"}],"wp:attachment":[{"href":"https:\/\/fleschmazowsza.com.pl\/index.php?rest_route=%2Fwp%2Fv2%2Fmedia&parent=4121"}],"wp:term":[{"taxonomy":"category","embeddable":true,"href":"https:\/\/fleschmazowsza.com.pl\/index.php?rest_route=%2Fwp%2Fv2%2Fcategories&post=4121"},{"taxonomy":"post_tag","embeddable":true,"href":"https:\/\/fleschmazowsza.com.pl\/index.php?rest_route=%2Fwp%2Fv2%2Ftags&post=4121"}],"curies":[{"name":"wp","href":"https:\/\/api.w.org\/{rel}","templated":true}]}}