{"id":4112,"date":"2021-03-19T13:50:33","date_gmt":"2021-03-19T12:50:33","guid":{"rendered":"http:\/\/fleschmazowsza.com.pl\/?p=4112"},"modified":"2021-03-19T13:50:34","modified_gmt":"2021-03-19T12:50:34","slug":"kolejnych-84-zolnierzy-zasililo-szeregi-6-mbot","status":"publish","type":"post","link":"https:\/\/fleschmazowsza.com.pl\/?p=4112","title":{"rendered":"Kolejnych 84 \u017co\u0142nierzy zasili\u0142o szeregi 6 MBOT"},"content":{"rendered":"\n<p><strong>6 Mazowiecka Brygada Obrony Terytorialnej ro\u015bnie w si\u0142\u0119. W sobot\u0119, jej szeregi powi\u0119kszy\u0142y si\u0119 w sumie o 84 kolejnych \u017co\u0142nierzy. Przysi\u0119g\u0119 wojskow\u0105 z\u0142o\u017cy\u0142o 45 z nich, reszta to rezerwi\u015bci, kt\u00f3rzy w ostatnich dniach odbywali szkolenie wyr\u00f3wnawcze.<\/strong><\/p>\n\n\n\n<p>Wielu z nich ostatnie dwa tygodnie zapami\u0119ta do ko\u0144ca \u017cycia. Stoj\u0105c przed bram\u0105 jednostki wojskowej nie wiedzieli do ko\u0144ca czego mog\u0105 si\u0119 spodziewa\u0107. Dzi\u015b wiedz\u0105 jak strzela\u0107 z karabinka, taktycznie porusza\u0107 si\u0119 w terenie i opatrywa\u0107 rany postrza\u0142owe. Nowi terytorialsi przez ostatnie dni szkolili si\u0119 na terenie O\u015brodka Szkolenia Poligonowego Wojsk L\u0105dowych w W\u0119drzynie. Ponad po\u0142owa z nich, bo a\u017c 45 ochotnik\u00f3w to osoby, kt\u00f3re dopiero rozpocz\u0119\u0142y swoj\u0105 przygod\u0119 z wojskiem. Przez 16 dni szkolili si\u0119 w W\u0119drzynie poznaj\u0105c tajniki sztuki wojskowej.<\/p>\n\n\n\n<p class=\"has-text-align-center\"><strong>Najpierw szkolenia<\/strong><\/p>\n\n\n\n<p>Kandydaci do Wojsk Obrony Terytorialnej na poligon z batalion\u00f3w w Radomiu i Pomiech\u00f3wku wyjechali 13 lutego. 8 dni p\u00f3\u017aniej do\u0142\u0105czyli do nich rezerwi\u015bci, kt\u00f3rzy od\u015bwie\u017cali i aktualizowali zdobyt\u0105 ju\u017c wiedz\u0119. Oba szkolenia \u2013 podstawowe i wyr\u00f3wnawcze \u2013 zako\u0144czy\u0142y si\u0119 \u201ep\u0119tl\u0105 taktyczn\u0105\u201d, czyli egzaminem sprawdzaj\u0105cym ca\u0142o\u015b\u0107 zdobytej wiedzy oraz przepustk\u0105 do dalszych etap\u00f3w szkolenia w Wojskach Obrony Terytorialnej.<\/p>\n\n\n\n<p class=\"has-text-align-center\"><strong>W re\u017cimie<\/strong><\/p>\n\n\n\n<p>W sobot\u0119, 27 lutego na placu apelowym OSWL w W\u0119drzynie odby\u0142a si\u0119 uroczysta przysi\u0119ga wojskowa. W zwi\u0105zku z utrzymuj\u0105cym si\u0119 stanem epidemii odby\u0142a si\u0119 ona przy zachowaniu re\u017cimu sanitarnego oraz bez udzia\u0142u rodzin. Za podj\u0119cie trudu i ch\u0119\u0107 s\u0142u\u017cby Ojczy\u017anie nowo przyj\u0119tym terytorialsom dzi\u0119kowa\u0142 p\u0142k Witold Bubak \u2013 dow\u00f3dca 6 Mazowieckiej Brygady Obrony Terytorialnej.<\/p>\n\n\n\n<p>&#8211; Musicie pami\u0119ta\u0107, \u017ce przysi\u0119ga wojskowa to nie tylko pe\u0142na wzrusze\u0144 uroczysto\u015b\u0107. To przede wszystkim chwila, w kt\u00f3rej zobowi\u0105zujecie si\u0119 do wiernej s\u0142u\u017cby Ojczy\u017anie \u2013 nawet za cen\u0119 zdrowia i \u017cycia. To chwila, kt\u00f3ra na zawsze zmieni wasze \u017cycie. Od dzi\u015b nie tylko s\u0142owami, ale przede wszystkim czynami pokazywa\u0107 b\u0119dziecie w czym przejawia si\u0119 mi\u0142o\u015b\u0107 do Ojczyzny: tej ma\u0142ej \u2013 Waszych miejscowo\u015bci, gmin, powiat\u00f3w \u2013 i&nbsp; tej wielkiej, kt\u00f3r\u0105 jest Rzeczpospolita Polska.<\/p>\n\n\n\n<p>Nikt si\u0119 nie podda\u0142, szkolenie podstawowe i wyr\u00f3wnawcze uko\u0144czyli wszyscy \u017co\u0142nierze.<\/p>\n\n\n\n<p class=\"has-text-align-center\"><strong>Bataliony lekkiej piechoty<\/strong><\/p>\n\n\n\n<p>6 Mazowiecka Brygada Obrony Terytorialnej sk\u0142ada si\u0119 z czterech batalion\u00f3w lekkiej piechoty: w Gr\u00f3jcu, Radomiu, P\u0142ocku i Pomiech\u00f3wku. S\u0142u\u017cy w nich prawie p\u00f3\u0142tora tysi\u0105ca \u017co\u0142nierzy s\u0142u\u017cby terytorialnej oraz 240 \u017co\u0142nierzy zawodowych.&nbsp;<\/p>\n\n\n\n<p>Nab\u00f3r do 6 MBOT ca\u0142y czas trwa. Osoby zainteresowane mog\u0105 zg\u0142asza\u0107 si\u0119 do rekruter\u00f3w z poszczeg\u00f3lnych batalion\u00f3w. Szczeg\u00f3\u0142owe informacje i numery telefon\u00f3w do os\u00f3b odpowiedzialnych za rekrutacj\u0119 dost\u0119pne s\u0105 na stronie internetowej 6 Mazowieckiej Brygady Obrony Terytorialnej w zak\u0142adce \u201eJak wst\u0105pi\u0107\u201d.<\/p>\n\n\n\n<p>Kolejne szkolenie podstawowe i wyr\u00f3wnawcze planowane jest na kwiecie\u0144.<\/p>\n\n\n\n<p class=\"has-text-align-right\"><strong>Marlena Ros\u0142aniec<\/strong><br><em>Zesp\u00f3\u0142 Prasowy<br>6 Mazowiecka Brygada Obrony Terytorialnej<\/em><\/p>\n","protected":false},"excerpt":{"rendered":"<p>6 Mazowiecka Brygada Obrony Terytorialnej ro\u015bnie w si\u0142\u0119. W sobot\u0119, jej szeregi powi\u0119kszy\u0142y si\u0119 w sumie o 84 kolejnych \u017co\u0142nierzy. Przysi\u0119g\u0119 wojskow\u0105 z\u0142o\u017cy\u0142o 45 z nich, reszta to rezerwi\u015bci, kt\u00f3rzy w ostatnich dniach odbywali szkolenie wyr\u00f3wnawcze. Wielu z nich ostatnie dwa tygodnie zapami\u0119ta do ko\u0144ca \u017cycia. Stoj\u0105c przed bram\u0105 jednostki wojskowej nie wiedzieli do ko\u0144ca [&hellip;]<\/p>\n","protected":false},"author":2,"featured_media":4113,"comment_status":"closed","ping_status":"open","sticky":false,"template":"","format":"standard","meta":{"footnotes":""},"categories":[5],"tags":[],"class_list":["post-4112","post","type-post","status-publish","format-standard","has-post-thumbnail","hentry","category-wiadomosci"],"_links":{"self":[{"href":"https:\/\/fleschmazowsza.com.pl\/index.php?rest_route=\/wp\/v2\/posts\/4112","targetHints":{"allow":["GET"]}}],"collection":[{"href":"https:\/\/fleschmazowsza.com.pl\/index.php?rest_route=\/wp\/v2\/posts"}],"about":[{"href":"https:\/\/fleschmazowsza.com.pl\/index.php?rest_route=\/wp\/v2\/types\/post"}],"author":[{"embeddable":true,"href":"https:\/\/fleschmazowsza.com.pl\/index.php?rest_route=\/wp\/v2\/users\/2"}],"replies":[{"embeddable":true,"href":"https:\/\/fleschmazowsza.com.pl\/index.php?rest_route=%2Fwp%2Fv2%2Fcomments&post=4112"}],"version-history":[{"count":1,"href":"https:\/\/fleschmazowsza.com.pl\/index.php?rest_route=\/wp\/v2\/posts\/4112\/revisions"}],"predecessor-version":[{"id":4114,"href":"https:\/\/fleschmazowsza.com.pl\/index.php?rest_route=\/wp\/v2\/posts\/4112\/revisions\/4114"}],"wp:featuredmedia":[{"embeddable":true,"href":"https:\/\/fleschmazowsza.com.pl\/index.php?rest_route=\/wp\/v2\/media\/4113"}],"wp:attachment":[{"href":"https:\/\/fleschmazowsza.com.pl\/index.php?rest_route=%2Fwp%2Fv2%2Fmedia&parent=4112"}],"wp:term":[{"taxonomy":"category","embeddable":true,"href":"https:\/\/fleschmazowsza.com.pl\/index.php?rest_route=%2Fwp%2Fv2%2Fcategories&post=4112"},{"taxonomy":"post_tag","embeddable":true,"href":"https:\/\/fleschmazowsza.com.pl\/index.php?rest_route=%2Fwp%2Fv2%2Ftags&post=4112"}],"curies":[{"name":"wp","href":"https:\/\/api.w.org\/{rel}","templated":true}]}}