{"id":4102,"date":"2021-03-01T13:05:34","date_gmt":"2021-03-01T12:05:34","guid":{"rendered":"http:\/\/fleschmazowsza.com.pl\/?p=4102"},"modified":"2021-03-01T13:05:35","modified_gmt":"2021-03-01T12:05:35","slug":"jak-odpowiedzialnie-korzystac-z-baterii","status":"publish","type":"post","link":"https:\/\/fleschmazowsza.com.pl\/?p=4102","title":{"rendered":"Jak odpowiedzialnie korzysta\u0107 z baterii"},"content":{"rendered":"\n<p><strong>18 lutego obchodzili\u015bmy Dzie\u0144 Baterii. To urz\u0105dzenia, kt\u00f3re towarzysz\u0105 nam w wielu sferach \u017cycia. Bez ich istnienia trudno wyobrazi\u0107 sobie funkcjonowanie i rozw\u00f3j chocia\u017cby przemys\u0142u motoryzacyjnego. Warto jednak pami\u0119ta\u0107, \u017ce nawet najnowocze\u015bniejsze ogniwa opr\u00f3cz przynoszenia niew\u0105tpliwych korzy\u015bci, mog\u0105 stanowi\u0107 niebezpiecze\u0144stwo dla \u015brodowiska. Dlatego tak wa\u017cne jest ich racjonalne wykorzystywanie.<\/strong><\/p>\n\n\n\n<p>Historia popularnych dzi\u015b akumulator\u00f3w si\u0119ga prze\u0142omu XVIII i XIX w., kiedy Alessandro Volta stworzy\u0142 pierwsz\u0105 bateri\u0119 elektromechaniczn\u0105. Dzie\u0144 Baterii zreszt\u0105 nieprzypadkowo obchodzony jest 18 lutego \u2013 to dzie\u0144, w kt\u00f3rym urodzi\u0142 si\u0119 ten w\u0142oski fizyk i wynalazca.<\/p>\n\n\n\n<p>Przez stulecia odkryta przez niego technologia sta\u0142a si\u0119 znacznie wydajniejsza i obecnie mo\u017cliwe jest zasilanie za pomoc\u0105 r\u00f3\u017cnego rodzaju ogniw zar\u00f3wno niewielkich \u017car\u00f3wek, zegark\u00f3w czy telefon\u00f3w kom\u00f3rkowych, jak i samochod\u00f3w. Nale\u017cy z nich jednak korzysta\u0107 rozs\u0105dnie.<\/p>\n\n\n\n<p class=\"has-text-align-center\"><strong>Akumulatory \u2013 zagro\u017cenie zatrucia o\u0142owiem<\/strong><\/p>\n\n\n\n<p>\u2013 Dzi\u015b baterie wykorzystywane s\u0105 w wielu obszarach przemys\u0142u i niemal ka\u017cdej dziedzinie \u017cycia codziennego. Nie mo\u017ce si\u0119 bez nich oby\u0107 m.in. motoryzacja. Akumulatory zasilaj\u0105 pojazdy elektryczne i spalinowe. Ale trzeba pami\u0119ta\u0107, \u017ce sk\u0142adaj\u0105 si\u0119 one z niebezpiecznych zwi\u0105zk\u00f3w chemicznych. Najpopularniejsze baterie rozruchowe zbudowane s\u0105 m.in. z o\u0142owiu, kt\u00f3ry niekorzystnie wp\u0142ywa na zdrowie ludzi, zwierz\u0105t i ro\u015blin, a co wi\u0119cej, mo\u017ce r\u00f3wnie\u017c doprowadzi\u0107 do ska\u017cenia \u015brodowiska. Przyk\u0142adem jest ma\u0142a bateria guzikowa, kt\u00f3ra jest zdolna do zanieczyszczenia 1 m3 gleby czy zatrucia oko\u0142o 400 litr\u00f3w wody \u2013 m\u00f3wi Kazimierz Pietras, dyrektor sk\u0142adowiska Amest Otwock Sp. z o.o.<\/p>\n\n\n\n<p>Opr\u00f3cz tego, akumulatory zawieraj\u0105 r\u00f3wnie\u017c kwas siarkowy, kt\u00f3ry z kolei charakteryzuje si\u0119 dzia\u0142aniem \u017cr\u0105cym. Z tego powodu baterie uznawane s\u0105 za odpady niebezpieczne. Nie mo\u017cna zatem ich wyrzuca\u0107 do \u015bmietnika. Powinno zanosi\u0107 si\u0119 je do punkt\u00f3w zbi\u00f3rki baterii i akumulator\u00f3w przeno\u015bnych.<\/p>\n\n\n\n<p class=\"has-text-align-center\"><strong>Coraz wi\u0119cej baterii<\/strong><\/p>\n\n\n\n<p>Wed\u0142ug przygotowanego przez G\u0142\u00f3wny Inspektorat Ochrony \u015arodowiska \u201eRaportu o funkcjonowaniu gospodarki bateriami i akumulatorami oraz zu\u017cytymi bateriami i zu\u017cytymi akumulatorami za rok 2018\u201d, tylko w 2017 r. wprowadzono do obiegu tego rodzaju urz\u0105dzenia o \u0142\u0105cznej masie 130 841 853 kg. Najwi\u0119ksz\u0105 cz\u0119\u015b\u0107 stanowi\u0142y akumulatory i baterie samochodowe \u2013 85 554 931 kg.<\/p>\n\n\n\n<p>Nale\u017cy spodziewa\u0107 si\u0119, \u017ce masa ogniw wykorzystywanych w motoryzacji b\u0119dzie z roku na rok coraz wi\u0119ksza. Nie tylko w Polsce, ale tak\u017ce na ca\u0142ym \u015bwiecie. Rosn\u0105ca popularno\u015b\u0107 samochod\u00f3w elektrycznych wi\u0105\u017ce si\u0119 ze wzrostem produkcji tego rodzaju baterii.<\/p>\n\n\n\n<p class=\"has-text-align-center\"><strong>Samochody elektryczne<\/strong><\/p>\n\n\n\n<p>\u2013 W przeciwie\u0144stwie do pojazd\u00f3w zasilanych w spos\u00f3b tradycyjny, te wykorzystuj\u0105ce nap\u0119d elektryczny nie emituj\u0105 do atmosfery szkodliwych substancji. Jest jednak jedno zastrze\u017cenie. W wielu miejscach \u015bwiata pr\u0105d, kt\u00f3ry s\u0142u\u017cy do \u0142adowania akumulator\u00f3w, nadal wytwarzany jest w \u201ebrudny\u201d spos\u00f3b. Chocia\u017cby w Polsce sektor energetyczny nadal w znacznym stopniu zale\u017cy od w\u0119gla. Dlatego konieczne jest szukanie alternatyw, takich jak energia j\u0105drowa czy s\u0142oneczna, dzi\u0119ki kt\u00f3rym najnowsze technologie, m.in. motoryzacyjne, b\u0119d\u0105 mog\u0142y w pe\u0142ni wykorzystywa\u0107 sw\u00f3j \u201ezielony\u201d potencja\u0142 \u2013 podkre\u015bla Andrzej G\u0105siorowski z Fundacji FOTA4Climate.<\/p>\n\n\n\n<p>Zgodnie z danymi Polskiego Zwi\u0105zku Przemys\u0142u Motoryzacyjnego i Polskiego Stowarzyszenia Paliw Alternatywnych, na koniec 2020 r. w Polsce zarejestrowanych by\u0142o 18 875 samochod\u00f3w elektrycznych. Oznacza to, \u017ce w por\u00f3wnaniu do 2019 r. ich liczba nad Wis\u0142\u0105 wzros\u0142a ponad dwukrotnie.<\/p>\n\n\n\n<p class=\"has-text-align-right\"><strong>Biuro prasowe<\/strong> <strong>Amest sp. z o.o.<\/strong><\/p>\n","protected":false},"excerpt":{"rendered":"<p>18 lutego obchodzili\u015bmy Dzie\u0144 Baterii. To urz\u0105dzenia, kt\u00f3re towarzysz\u0105 nam w wielu sferach \u017cycia. Bez ich istnienia trudno wyobrazi\u0107 sobie funkcjonowanie i rozw\u00f3j chocia\u017cby przemys\u0142u motoryzacyjnego. Warto jednak pami\u0119ta\u0107, \u017ce nawet najnowocze\u015bniejsze ogniwa opr\u00f3cz przynoszenia niew\u0105tpliwych korzy\u015bci, mog\u0105 stanowi\u0107 niebezpiecze\u0144stwo dla \u015brodowiska. Dlatego tak wa\u017cne jest ich racjonalne wykorzystywanie. Historia popularnych dzi\u015b akumulator\u00f3w si\u0119ga prze\u0142omu [&hellip;]<\/p>\n","protected":false},"author":2,"featured_media":4103,"comment_status":"closed","ping_status":"open","sticky":false,"template":"","format":"standard","meta":{"footnotes":""},"categories":[9],"tags":[],"class_list":["post-4102","post","type-post","status-publish","format-standard","has-post-thumbnail","hentry","category-edukacja"],"_links":{"self":[{"href":"https:\/\/fleschmazowsza.com.pl\/index.php?rest_route=\/wp\/v2\/posts\/4102","targetHints":{"allow":["GET"]}}],"collection":[{"href":"https:\/\/fleschmazowsza.com.pl\/index.php?rest_route=\/wp\/v2\/posts"}],"about":[{"href":"https:\/\/fleschmazowsza.com.pl\/index.php?rest_route=\/wp\/v2\/types\/post"}],"author":[{"embeddable":true,"href":"https:\/\/fleschmazowsza.com.pl\/index.php?rest_route=\/wp\/v2\/users\/2"}],"replies":[{"embeddable":true,"href":"https:\/\/fleschmazowsza.com.pl\/index.php?rest_route=%2Fwp%2Fv2%2Fcomments&post=4102"}],"version-history":[{"count":1,"href":"https:\/\/fleschmazowsza.com.pl\/index.php?rest_route=\/wp\/v2\/posts\/4102\/revisions"}],"predecessor-version":[{"id":4104,"href":"https:\/\/fleschmazowsza.com.pl\/index.php?rest_route=\/wp\/v2\/posts\/4102\/revisions\/4104"}],"wp:featuredmedia":[{"embeddable":true,"href":"https:\/\/fleschmazowsza.com.pl\/index.php?rest_route=\/wp\/v2\/media\/4103"}],"wp:attachment":[{"href":"https:\/\/fleschmazowsza.com.pl\/index.php?rest_route=%2Fwp%2Fv2%2Fmedia&parent=4102"}],"wp:term":[{"taxonomy":"category","embeddable":true,"href":"https:\/\/fleschmazowsza.com.pl\/index.php?rest_route=%2Fwp%2Fv2%2Fcategories&post=4102"},{"taxonomy":"post_tag","embeddable":true,"href":"https:\/\/fleschmazowsza.com.pl\/index.php?rest_route=%2Fwp%2Fv2%2Ftags&post=4102"}],"curies":[{"name":"wp","href":"https:\/\/api.w.org\/{rel}","templated":true}]}}