{"id":4092,"date":"2021-03-01T12:10:53","date_gmt":"2021-03-01T11:10:53","guid":{"rendered":"http:\/\/fleschmazowsza.com.pl\/?p=4092"},"modified":"2021-03-01T12:10:54","modified_gmt":"2021-03-01T11:10:54","slug":"polska-na-koncu-zestawienia","status":"publish","type":"post","link":"https:\/\/fleschmazowsza.com.pl\/?p=4092","title":{"rendered":"Polska na ko\u0144cu zestawienia"},"content":{"rendered":"\n<p><strong>W 2019 r. w Unii Europejskiej wytworzono prawie 225 mln ton odpad\u00f3w komunalnych. Odpowiada to 502 kg na osob\u0119, co stanowi niewielki wzrost w por\u00f3wnaniu z 2018 r. (495 kg), ale w por\u00f3wnaniu ze szczytem z 2008 r. (518 kg) odnotowano spadek &#8211; poda\u0142 unijny urz\u0105d statystyczny Eurostat. Polska znalaz\u0142a si\u0119 na ko\u0144cu zestawienia, wytwarzaj\u0105c relatywnie najmniej \u015bmieci.<\/strong><\/p>\n\n\n\n<p>Najwi\u0119cej odpad\u00f3w komunalnych na osob\u0119 spo\u015br\u00f3d pa\u0144stw cz\u0142onkowskich Unii Europejskiej wytworzy\u0142a w 2019 r. Dania &#8211; 844 kg. Inne kraje, kt\u00f3re wytworzy\u0142y ponad 600 kg odpad\u00f3w komunalnych per capita (na osob\u0119), to Luksemburg (791 kg), Malta (694 kg), Cypr (642 kg ) i Niemcy (609 kg).<\/p>\n\n\n\n<p>Na drugim ko\u0144cu skali znalaz\u0142a si\u0119 Rumunia, kt\u00f3ra w 2019 r. wyprodukowa\u0142a 280 kg odpad\u00f3w komunalnych na osob\u0119. Trzy kolejne pa\u0144stwa cz\u0142onkowskie UE r\u00f3wnie\u017c wygenerowa\u0142y mniej ni\u017c 400 kg \u015bmieci na osob\u0119. By\u0142y w\u015br\u00f3d nich: Polska (336 kg), Estonia (369 kg) i W\u0119gry (387 kg).<\/p>\n\n\n\n<p>Z danych Eurostatu wynika, \u017ce ilo\u015b\u0107 odpad\u00f3w poddanych recyklingowi osi\u0105gn\u0119\u0142a w 2019 r. nowy rekord. W ci\u0105gu ostatnich lat ilo\u015b\u0107 odpad\u00f3w poddanych recyklingowi i kompostowaniu wzros\u0142a prawie trzykrotnie z 37 mln ton (87 kg na osob\u0119) w 1995 r. do 107 mln ton (239 kg na osob\u0119) w 2019 roku.<\/p>\n\n\n\n<p>Od 1995 r. Ilo\u015b\u0107 spalanych odpad\u00f3w komunalnych w UE podwoi\u0142a si\u0119 z 30 mln ton (70 kg na osob\u0119) do 60 mln ton (134 kg na osob\u0119) w 2019 r.<\/p>\n\n\n\n<p>Chocia\u017c generowanych jest nieco wi\u0119cej odpad\u00f3w, ca\u0142kowita ilo\u015b\u0107 odpad\u00f3w komunalnych sk\u0142adowanych na wysypiskach w UE zmniejszy\u0142a si\u0119 od 1995 r. o ponad po\u0142ow\u0119: z 121 mln ton (286 kg na osob\u0119) w 1995 r. do 54 mln ton (120 kg na osob\u0119) w 2019 r.<\/p>\n\n\n\n<p>W ubieg\u0142ym tygodniu Parlament Europejski przyj\u0105\u0142 strategi\u0119 niezb\u0119dn\u0105 do transformacji zasady: \u201ebior\u0119-przetwarzam \u2013 wyrzucam\u201d w gospodark\u0119 o obiegu zamkni\u0119tym. Strategia jest odpowiedzi\u0105 na uchwalony w 2020 r. przez Komisje Europejsk\u0105 plan dzia\u0142ania, kt\u00f3ry przewiduje osi\u0105gni\u0119cie najp\u00f3\u017aniej w 2050 roku w pe\u0142ni obiegowej gospodarki unijnej, \u201eneutralnej emisyjnie, zr\u00f3wnowa\u017conej i wolnej od szkodliwych zanieczyszcze\u0144\u201d.<\/p>\n\n\n\n<p>kic\/<\/p>\n\n\n\n<p class=\"has-text-align-right\">\u0179r\u00f3d\u0142o informacji: <em><strong>EuroPAP News<\/strong><\/em><\/p>\n","protected":false},"excerpt":{"rendered":"<p>W 2019 r. w Unii Europejskiej wytworzono prawie 225 mln ton odpad\u00f3w komunalnych. Odpowiada to 502 kg na osob\u0119, co stanowi niewielki wzrost w por\u00f3wnaniu z 2018 r. (495 kg), ale w por\u00f3wnaniu ze szczytem z 2008 r. (518 kg) odnotowano spadek &#8211; poda\u0142 unijny urz\u0105d statystyczny Eurostat. Polska znalaz\u0142a si\u0119 na ko\u0144cu zestawienia, wytwarzaj\u0105c [&hellip;]<\/p>\n","protected":false},"author":2,"featured_media":4093,"comment_status":"closed","ping_status":"open","sticky":false,"template":"","format":"standard","meta":{"footnotes":""},"categories":[5],"tags":[],"class_list":["post-4092","post","type-post","status-publish","format-standard","has-post-thumbnail","hentry","category-wiadomosci"],"_links":{"self":[{"href":"https:\/\/fleschmazowsza.com.pl\/index.php?rest_route=\/wp\/v2\/posts\/4092","targetHints":{"allow":["GET"]}}],"collection":[{"href":"https:\/\/fleschmazowsza.com.pl\/index.php?rest_route=\/wp\/v2\/posts"}],"about":[{"href":"https:\/\/fleschmazowsza.com.pl\/index.php?rest_route=\/wp\/v2\/types\/post"}],"author":[{"embeddable":true,"href":"https:\/\/fleschmazowsza.com.pl\/index.php?rest_route=\/wp\/v2\/users\/2"}],"replies":[{"embeddable":true,"href":"https:\/\/fleschmazowsza.com.pl\/index.php?rest_route=%2Fwp%2Fv2%2Fcomments&post=4092"}],"version-history":[{"count":1,"href":"https:\/\/fleschmazowsza.com.pl\/index.php?rest_route=\/wp\/v2\/posts\/4092\/revisions"}],"predecessor-version":[{"id":4094,"href":"https:\/\/fleschmazowsza.com.pl\/index.php?rest_route=\/wp\/v2\/posts\/4092\/revisions\/4094"}],"wp:featuredmedia":[{"embeddable":true,"href":"https:\/\/fleschmazowsza.com.pl\/index.php?rest_route=\/wp\/v2\/media\/4093"}],"wp:attachment":[{"href":"https:\/\/fleschmazowsza.com.pl\/index.php?rest_route=%2Fwp%2Fv2%2Fmedia&parent=4092"}],"wp:term":[{"taxonomy":"category","embeddable":true,"href":"https:\/\/fleschmazowsza.com.pl\/index.php?rest_route=%2Fwp%2Fv2%2Fcategories&post=4092"},{"taxonomy":"post_tag","embeddable":true,"href":"https:\/\/fleschmazowsza.com.pl\/index.php?rest_route=%2Fwp%2Fv2%2Ftags&post=4092"}],"curies":[{"name":"wp","href":"https:\/\/api.w.org\/{rel}","templated":true}]}}