{"id":4083,"date":"2021-03-01T11:53:43","date_gmt":"2021-03-01T10:53:43","guid":{"rendered":"http:\/\/fleschmazowsza.com.pl\/?p=4083"},"modified":"2021-03-01T11:53:43","modified_gmt":"2021-03-01T10:53:43","slug":"wkrotce-rondo-im-wosp-w-grodzisku","status":"publish","type":"post","link":"https:\/\/fleschmazowsza.com.pl\/?p=4083","title":{"rendered":"Wkr\u00f3tce rondo im. WO\u015aP w Grodzisku?"},"content":{"rendered":"\n<p><strong>Do urz\u0119du w Grodzisku Mazowieckim wp\u0142yn\u0105\u0142, w ostatnim czasie wniosek grupy grodziskich \u201ezielonych\u201d. Postuluj\u0105 oni zmian\u0119 nazwy ronda na skrzy\u017cowaniu ul. Armii Krajowej i Elizy Orzeszkowej. Wedle ich inicjatywy rondo mia\u0142oby nosi\u0107 imi\u0119 Wielkiej Orkiestry \u015awi\u0105tecznej Pomocy.<\/strong><\/p>\n\n\n\n<p>Pomys\u0142odawcy na swoim fanpage\u2019u na Facebooku uzasadniaj\u0105: \u201eWielka Orkiestra \u015awi\u0105tecznej Pomocy to niew\u0105tpliwie jedno z najpi\u0119kniejszych ruch\u00f3w spo\u0142ecznych wsp\u00f3\u0142czesnej Polski. Dzi\u0119ki pracy wolontariuszy, hojno\u015bci darczy\u0144c\u00f3w i zaanga\u017cowaniu ca\u0142ego sztabu fundacji na sta\u0142e wpisali coroczn\u0105 zbi\u00f3rk\u0119 w kanon tradycji milion\u00f3w Polak\u00f3w. Ta pi\u0119kna inicjatywa mi\u0119dzypokoleniowa i ponad podzia\u0142owa pokazuje, \u017ce znacznie wi\u0119cej nas \u0142\u0105czy, ni\u017c dzieli. Akcja uwypukla najpi\u0119kniejsze cechy ludzkie: empatia, wra\u017cliwo\u015b\u0107 i ch\u0119\u0107 troski o innych\u201d.<\/p>\n\n\n\n<p class=\"has-text-align-center\"><strong>Dlaczego WO\u015aP?<\/strong><\/p>\n\n\n\n<p>W pi\u015bmie, kt\u00f3ry trafi\u0142 do grodziskiego urz\u0119du wpisane s\u0105 r\u00f3wnie\u017c g\u0142\u00f3wne osi\u0105gni\u0119cia ruchu Jurka Owsiaka. Wyliczaj\u0105: ponad 1,3 miliarda z\u0142otych na sprz\u0119t medyczny; zakup 65 200 nowoczesnych urz\u0105dze\u0144 medycznych, przebadanie 6 529 902 noworodk\u00f3w na okoliczno\u015b\u0107 wad s\u0142uchu (niemal 100% populacji noworodk\u00f3w); wyposa\u017cenie 325 oddzia\u0142\u00f3w neonatologicznych w 554 urz\u0105dzenia Infant Flow; stworzenie 21 centr\u00f3w leczenia retinopatii, przebadanie 254 919 wcze\u015bniak\u00f3w i uratowanie wzroku 10 692 z nich; zakup dla najm\u0142odszych dzieci 2 978 osobistych pomp insulinowych; szkolenia pierwszej pomocy z u\u017cyciem defibrylatora w ameryka\u0144skim systemie AHA. Kursy uko\u0144czy\u0142o prawie 10 tysi\u0119cy os\u00f3b.<\/p>\n\n\n\n<p class=\"has-text-align-center\"><strong>Grodzisk nie jest pierwszy<\/strong><\/p>\n\n\n\n<p>Grodzisk Mazowiecki nie by\u0142by pierwszym miastem, w kt\u00f3rym pojawi\u0142oby si\u0119 rondo im. WO\u015aP. Podobne miejsca znajduj\u0105 si\u0119 w Bia\u0142ej Podlaskiej, Ko\u0142obrzegu, Bia\u0142ymstoku oraz na Ursynowie w Warszawie.<\/p>\n\n\n\n<p>\u2013 Projekt opracowali sympatycy i cz\u0142onkowie grodziskiego ko\u0142a Partii Zielonych. Popieram ca\u0142ym sercem. My\u015bl\u0119, \u017ce jest to fantastyczna inicjatywa, kt\u00f3ra b\u0119dzie si\u0119 cieszy\u0142a du\u017cym poparciem lokalnego spo\u0142ecze\u0144stwa. Ostateczna decyzja jednak le\u017cy po stronie burmistrza oraz rady miejskiej \u2013 komentuje Miros\u0142aw Kaznowski, wsp\u00f3\u0142przewodnicz\u0105cy grodziskiego ko\u0142a Partii Zieloni.<\/p>\n\n\n\n<p class=\"has-text-align-right\"><strong>(ak)<\/strong>, Fot.: <em><strong>grodzisk news.pl<\/strong><\/em><\/p>\n","protected":false},"excerpt":{"rendered":"<p>Do urz\u0119du w Grodzisku Mazowieckim wp\u0142yn\u0105\u0142, w ostatnim czasie wniosek grupy grodziskich \u201ezielonych\u201d. Postuluj\u0105 oni zmian\u0119 nazwy ronda na skrzy\u017cowaniu ul. Armii Krajowej i Elizy Orzeszkowej. Wedle ich inicjatywy rondo mia\u0142oby nosi\u0107 imi\u0119 Wielkiej Orkiestry \u015awi\u0105tecznej Pomocy. Pomys\u0142odawcy na swoim fanpage\u2019u na Facebooku uzasadniaj\u0105: \u201eWielka Orkiestra \u015awi\u0105tecznej Pomocy to niew\u0105tpliwie jedno z najpi\u0119kniejszych ruch\u00f3w spo\u0142ecznych [&hellip;]<\/p>\n","protected":false},"author":2,"featured_media":4084,"comment_status":"closed","ping_status":"open","sticky":false,"template":"","format":"standard","meta":{"footnotes":""},"categories":[5],"tags":[],"class_list":["post-4083","post","type-post","status-publish","format-standard","has-post-thumbnail","hentry","category-wiadomosci"],"_links":{"self":[{"href":"https:\/\/fleschmazowsza.com.pl\/index.php?rest_route=\/wp\/v2\/posts\/4083","targetHints":{"allow":["GET"]}}],"collection":[{"href":"https:\/\/fleschmazowsza.com.pl\/index.php?rest_route=\/wp\/v2\/posts"}],"about":[{"href":"https:\/\/fleschmazowsza.com.pl\/index.php?rest_route=\/wp\/v2\/types\/post"}],"author":[{"embeddable":true,"href":"https:\/\/fleschmazowsza.com.pl\/index.php?rest_route=\/wp\/v2\/users\/2"}],"replies":[{"embeddable":true,"href":"https:\/\/fleschmazowsza.com.pl\/index.php?rest_route=%2Fwp%2Fv2%2Fcomments&post=4083"}],"version-history":[{"count":1,"href":"https:\/\/fleschmazowsza.com.pl\/index.php?rest_route=\/wp\/v2\/posts\/4083\/revisions"}],"predecessor-version":[{"id":4085,"href":"https:\/\/fleschmazowsza.com.pl\/index.php?rest_route=\/wp\/v2\/posts\/4083\/revisions\/4085"}],"wp:featuredmedia":[{"embeddable":true,"href":"https:\/\/fleschmazowsza.com.pl\/index.php?rest_route=\/wp\/v2\/media\/4084"}],"wp:attachment":[{"href":"https:\/\/fleschmazowsza.com.pl\/index.php?rest_route=%2Fwp%2Fv2%2Fmedia&parent=4083"}],"wp:term":[{"taxonomy":"category","embeddable":true,"href":"https:\/\/fleschmazowsza.com.pl\/index.php?rest_route=%2Fwp%2Fv2%2Fcategories&post=4083"},{"taxonomy":"post_tag","embeddable":true,"href":"https:\/\/fleschmazowsza.com.pl\/index.php?rest_route=%2Fwp%2Fv2%2Ftags&post=4083"}],"curies":[{"name":"wp","href":"https:\/\/api.w.org\/{rel}","templated":true}]}}