{"id":4077,"date":"2021-03-01T11:43:41","date_gmt":"2021-03-01T10:43:41","guid":{"rendered":"http:\/\/fleschmazowsza.com.pl\/?p=4077"},"modified":"2021-03-01T11:43:41","modified_gmt":"2021-03-01T10:43:41","slug":"koleje-mazowieckie-z-duza-strata-liczby-podroznych","status":"publish","type":"post","link":"https:\/\/fleschmazowsza.com.pl\/?p=4077","title":{"rendered":"Koleje Mazowieckie z du\u017c\u0105 strat\u0105 liczby podr\u00f3\u017cnych"},"content":{"rendered":"\n<p><strong>Rok 2020 nie by\u0142 najlepszy dla przewo\u017anik\u00f3w kolejowych. Wszystkie sp\u00f3\u0142ki zaliczy\u0142y spadek liczby pasa\u017cer\u00f3w, kt\u00f3rzy skorzystali z ich us\u0142ug. Wszystko to za spraw\u0105 pandemii, pracy z domu lub zmiany przyzwyczaje\u0144 i korzystania z prywatnego transportu. Koleje Mazowieckie odczu\u0142y to najdotkliwiej. Sp\u00f3\u0142ka przewioz\u0142a \u0142\u0105cznie nieca\u0142e 42 mln pasa\u017cer\u00f3w.<\/strong><\/p>\n\n\n\n<p>To wynik o ok. 20 mln ni\u017cszy ni\u017c w roku 2019, bowiem przed pandemi\u0105 z us\u0142ug KM skorzysta\u0142o 62 mln podr\u00f3\u017cnych.<\/p>\n\n\n\n<p>\u2013 Te dane przewozowe s\u0105 zbli\u017cone do pierwszego roku funkcjonowania Kolei Mazowieckich. Wypracowane przez nas przez kolejne 15 lat wyniki zosta\u0142y przekre\u015blone przez pandemi\u0119. Mamy nadziej\u0119, \u017ce rz\u0105d podejmie skuteczn\u0105 i konsekwentn\u0105 akcj\u0119 szczepie\u0144, kt\u00f3ra nie tylko pozwoli naszym podr\u00f3\u017cnym wr\u00f3ci\u0107 do pracy i do szk\u00f3\u0142 w trybie sprzed pandemii, ale te\u017c przyczyni si\u0119 do odbudowania tego, co stracili\u015bmy przez ostatni rok \u2013 komentuje Robert St\u0119pie\u0144, prezes Kolei Mazowieckich.<\/p>\n\n\n\n<p>Zarz\u0105d sp\u00f3\u0142ki zapewnia, \u017ce pracownicy KM dbaj\u0105, aby podr\u00f3\u017cowanie do pracy w tych trudnych czasach by\u0142o dla podr\u00f3\u017cnych bezpieczne i komfortowe. Twierdzi tak\u017ce, \u017ce w\u0142\u0105czone zosta\u0142y wszystkie \u015brodki konieczne do utrzymania re\u017cimu sanitarnego.<\/p>\n\n\n\n<p>\u2013 Jako przewo\u017anik nie ustajemy w dzia\u0142aniach na rzecz bezpiecznego i coraz bardziej komfortowego podr\u00f3\u017cowania na Mazowszu, m.in. poprzez systematyczne w\u0142\u0105czanie do eksploatacji nowoczesnych pojazd\u00f3w FLIRT. Przez ca\u0142y ten trudny okres nasi pracownicy byli i s\u0105 zaanga\u017cowani w dzia\u0142ania na rzecz zachowania re\u017cimu sanitarnego, szczeg\u00f3lnie je\u015bli chodzi o realizacj\u0119 przewoz\u00f3w \u2013 m\u00f3wi prezes KM.<\/p>\n\n\n\n<p>Prezes Kolei Mazowieckich zapewnia, \u017ce zakup cz\u0119\u015bci \u015brodk\u00f3w sanitarnych jest efektem wsparcia otrzymanego ze strony samorz\u0105du wojew\u00f3dztwa mazowieckiego.<\/p>\n\n\n\n<p>&#8211; Dzi\u0119ki rekompensacie otrzymanej od samorz\u0105du wojew\u00f3dztwa mazowieckiego, nie tylko uda\u0142o nam si\u0119 sprawnie przywr\u00f3ci\u0107 po\u0142\u0105czenia ograniczone na czas najwi\u0119kszych obostrze\u0144 i najbardziej drastycznego spadku liczby os\u00f3b korzystaj\u0105cych z przejazd\u00f3w naszymi poci\u0105gami, ale te\u017c zadba\u0107 o to, by mieszka\u0144cy najdalszych teren\u00f3w wojew\u00f3dztwa mieli zapewnion\u0105 mo\u017cliwo\u015b\u0107 przejazdu \u2013 dodaje Robert St\u0119pie\u0144.<\/p>\n\n\n\n<p>W\u0142adze sp\u00f3\u0142ki podkre\u015blaj\u0105 r\u00f3wnie\u017c, \u017ce pomimo pogarszaj\u0105cej si\u0119 sytuacji finansowej, KM ca\u0142y czas d\u0105\u017cy do budowania relacji ze swoimi podr\u00f3\u017cnymi.<\/p>\n\n\n\n<p>&#8211; Nie przestali\u015bmy anga\u017cowa\u0107 si\u0119 w inicjatywy spo\u0142eczne, jak np. 29. Fina\u0142 WO\u015aP. Liczymy na to, \u017ce podr\u00f3\u017cni doceni\u0105 to i stopniowo zaczn\u0105 do nas wraca\u0107. Czekamy na nich \u2013 powiedzia\u0142 prezes KM.<\/p>\n\n\n\n<p class=\"has-text-align-right\"><strong>(ak)<\/strong>, Fot.: <strong><em>kurier-kolejowy.pl<\/em><\/strong><\/p>\n","protected":false},"excerpt":{"rendered":"<p>Rok 2020 nie by\u0142 najlepszy dla przewo\u017anik\u00f3w kolejowych. Wszystkie sp\u00f3\u0142ki zaliczy\u0142y spadek liczby pasa\u017cer\u00f3w, kt\u00f3rzy skorzystali z ich us\u0142ug. Wszystko to za spraw\u0105 pandemii, pracy z domu lub zmiany przyzwyczaje\u0144 i korzystania z prywatnego transportu. Koleje Mazowieckie odczu\u0142y to najdotkliwiej. Sp\u00f3\u0142ka przewioz\u0142a \u0142\u0105cznie nieca\u0142e 42 mln pasa\u017cer\u00f3w. To wynik o ok. 20 mln ni\u017cszy ni\u017c [&hellip;]<\/p>\n","protected":false},"author":2,"featured_media":4078,"comment_status":"closed","ping_status":"open","sticky":false,"template":"","format":"standard","meta":{"footnotes":""},"categories":[5],"tags":[],"class_list":["post-4077","post","type-post","status-publish","format-standard","has-post-thumbnail","hentry","category-wiadomosci"],"_links":{"self":[{"href":"https:\/\/fleschmazowsza.com.pl\/index.php?rest_route=\/wp\/v2\/posts\/4077","targetHints":{"allow":["GET"]}}],"collection":[{"href":"https:\/\/fleschmazowsza.com.pl\/index.php?rest_route=\/wp\/v2\/posts"}],"about":[{"href":"https:\/\/fleschmazowsza.com.pl\/index.php?rest_route=\/wp\/v2\/types\/post"}],"author":[{"embeddable":true,"href":"https:\/\/fleschmazowsza.com.pl\/index.php?rest_route=\/wp\/v2\/users\/2"}],"replies":[{"embeddable":true,"href":"https:\/\/fleschmazowsza.com.pl\/index.php?rest_route=%2Fwp%2Fv2%2Fcomments&post=4077"}],"version-history":[{"count":1,"href":"https:\/\/fleschmazowsza.com.pl\/index.php?rest_route=\/wp\/v2\/posts\/4077\/revisions"}],"predecessor-version":[{"id":4079,"href":"https:\/\/fleschmazowsza.com.pl\/index.php?rest_route=\/wp\/v2\/posts\/4077\/revisions\/4079"}],"wp:featuredmedia":[{"embeddable":true,"href":"https:\/\/fleschmazowsza.com.pl\/index.php?rest_route=\/wp\/v2\/media\/4078"}],"wp:attachment":[{"href":"https:\/\/fleschmazowsza.com.pl\/index.php?rest_route=%2Fwp%2Fv2%2Fmedia&parent=4077"}],"wp:term":[{"taxonomy":"category","embeddable":true,"href":"https:\/\/fleschmazowsza.com.pl\/index.php?rest_route=%2Fwp%2Fv2%2Fcategories&post=4077"},{"taxonomy":"post_tag","embeddable":true,"href":"https:\/\/fleschmazowsza.com.pl\/index.php?rest_route=%2Fwp%2Fv2%2Ftags&post=4077"}],"curies":[{"name":"wp","href":"https:\/\/api.w.org\/{rel}","templated":true}]}}