{"id":4065,"date":"2021-02-12T13:40:39","date_gmt":"2021-02-12T12:40:39","guid":{"rendered":"http:\/\/fleschmazowsza.com.pl\/?p=4065"},"modified":"2021-02-12T13:40:40","modified_gmt":"2021-02-12T12:40:40","slug":"swiat-tonie-w-plastiku","status":"publish","type":"post","link":"https:\/\/fleschmazowsza.com.pl\/?p=4065","title":{"rendered":"\u015awiat tonie w plastiku!!!"},"content":{"rendered":"\n<p><strong>Pomimo sukcesywnie wprowadzanych ogranicze\u0144, produkcja plastiku ci\u0105gle ro\u015bnie. Olbrzymim problemem s\u0105 wszelkiego rodzaju wyroby z tworzyw sztucznych, w tym popularne torby zakupowe. U\u015bwiadomienie sobie skali zjawiska to dobry moment, by zrezygnowa\u0107 z tego rodzaju produkt\u00f3w i w prosty spos\u00f3b zacz\u0105\u0107 chroni\u0107 \u015brodowisko.<\/strong><\/p>\n\n\n\n<p>Mimo \u017ce dzi\u015b w wielu cz\u0119\u015bciach \u015bwiata w zdecydowany spos\u00f3b odchodzi si\u0119 od tworzyw sztucznych, ostatnie kilkadziesi\u0105t lat bez w\u0105tpienia mo\u017cna okre\u015bli\u0107 prawdziw\u0105 eksplozj\u0105 ich popularno\u015bci.<\/p>\n\n\n\n<p class=\"has-text-align-center\"><strong>Przekl\u0119ty wynalazek<\/strong><\/p>\n\n\n\n<p>Jednym z motor\u00f3w nap\u0119dowych rozpowszechnienia plastikowych produkt\u00f3w w niemal ka\u017cdym zak\u0105tku globu by\u0142o wynalezienie w 1965 r. przez Gustawa Thulina Stena toreb zakupowych, wytwarzanych w\u0142a\u015bnie z tego materia\u0142u.<\/p>\n\n\n\n<p>Potwierdzaj\u0105 to dane udost\u0119pniane przez platform\u0119 Statista. Jeszcze w 1950 r. \u015bwiatowa produkcja plastiku wynosi\u0142a zaledwie 1,5 mln ton. Tymczasem w 2019 r. osi\u0105gn\u0119\u0142a ona pu\u0142ap 368 mln ton, wzrastaj\u0105c tylko w trakcie ostatnich 10 lat o ponad 36 proc. Dodatkowo, znaczna cz\u0119\u015b\u0107 zu\u017cytych artyku\u0142\u00f3w z tworzyw sztucznych, mi\u0119dzy innymi jednorazowych opakowa\u0144, nie trafia do recyklingu, za\u015bmiecaj\u0105c \u015brodowisko.<\/p>\n\n\n\n<p>\u2013 Niestety odpady, r\u00f3wnie\u017c \u201efoli\u00f3wki\u201d czy innego rodzaju produkty stworzone z plastiku, bardzo cz\u0119sto znajduj\u0105 si\u0119 na dzikich wysypiskach. To w Polsce prawdziwa plaga. Nieprofesjonalne i pozbawione jakiejkolwiek kontroli instalacje zagra\u017caj\u0105 \u015brodowisku naturalnemu, w tym lasom, zwierz\u0119tom czy nawet wodom gruntowym \u2013 wyja\u015bnia Felice Scoccimarro, prezes Amest Otwock sp. z o.o.<\/p>\n\n\n\n<p>Wed\u0142ug G\u0142\u00f3wnego Urz\u0119du Statystycznego, tylko w 2019 r. na terenie naszego kraju zlikwidowano a\u017c 11 370 dzikich wysypisk. Rok wcze\u015bniej ta liczba by\u0142a nieco ni\u017csza \u2013 10 541.<\/p>\n\n\n\n<p class=\"has-text-align-center\"><strong>Plastik plag\u0105 naszych czas\u00f3w<\/strong><\/p>\n\n\n\n<p>Jednym z g\u0142\u00f3wnych problem\u00f3w, dotycz\u0105cych gigantycznej produkcji tworzyw sztucznych, jest ich szkodliwo\u015b\u0107 dla lokalnych ekosystem\u00f3w. Szacuje si\u0119, \u017ce torba foliowa ulega rozk\u0142adowi w czasie oko\u0142o 500 lat. To stwarza konieczno\u015b\u0107 zagospodarowania ogromnych ilo\u015bci \u015bmieci. Zw\u0142aszcza bior\u0105c pod uwag\u0119 fakt, \u017ce produkcja jednej \u201efoli\u00f3wki\u201d trwa tylko sekund\u0119, a u\u017cywa si\u0119 jej \u015brednio przez mniej ni\u017c p\u00f3\u0142 godziny.<\/p>\n\n\n\n<p>Tymczasem w Unii Europejskiej zaledwie ok. jednej trzeciej plastikowych odpad\u00f3w poddaje si\u0119 recyklingowi. W kontek\u015bcie popularnych \u201ereklam\u00f3wek\u201d jest jeszcze gorzej. Jedynie co dziesi\u0105ta ulega przetworzeniu, pomimo \u017ce stanowi\u0105 ogromne zagro\u017cenie.<\/p>\n\n\n\n<p>\u2013 Plastikowe torby powoduj\u0105 ka\u017cdego roku \u015bmier\u0107 milion\u00f3w zwierz\u0105t. Du\u017cym problemem s\u0105 odpady, kt\u00f3re wyrzucane s\u0105 do wody. Wielka Pacyficzna Plama \u015amieci ma powierzchni\u0119 a\u017c pi\u0119ciokrotnie wi\u0119ksz\u0105 ni\u017c Polska i sk\u0142ada si\u0119 w wi\u0119kszo\u015bci w\u0142a\u015bnie z tworzyw sztucznych. Co wi\u0119cej, trafiaj\u0105 one do organizm\u00f3w ptak\u00f3w czy \u017c\u00f3\u0142wi, powoduj\u0105c ich zatrucie. Ryby z kolei, wpadaj\u0105c w foliow\u0105 siatk\u0119, nie potrafi\u0105 wydosta\u0107 si\u0119 z pu\u0142apki. Dlatego tak wa\u017cne jest w\u0142a\u015bciwe unieszkodliwianie wszystkich odpad\u00f3w \u2013 podkre\u015bla Felice Scoccimarro.<\/p>\n\n\n\n<p class=\"has-text-align-center\"><strong>Recepty na ograniczenie zu\u017cycia plastiku<\/strong><\/p>\n\n\n\n<p>W Unii Europejskiej, r\u00f3wnie\u017c w Polsce, w ostatnich latach wprowadzone zosta\u0142y op\u0142aty recyklingowe. W ten spos\u00f3b podczas zakup\u00f3w bezp\u0142atne s\u0105 tylko najcie\u0144sze \u201efoli\u00f3wki\u201d, cho\u0107 i je warto u\u017cytkowa\u0107 jedynie sporadycznie, nie pakuj\u0105c ka\u017cdego warzywa czy owocu do osobnej torebki, kt\u00f3ra i tak po chwili trafi na \u015bmietnik. Dlatego dobrym pomys\u0142em jest zabranie do sklepu w\u0142asnej, wielorazowej, bawe\u0142nianej torby.<\/p>\n\n\n\n<p>Kolejny, \u201eodg\u00f3rny\u201d krok, prowadz\u0105cy do ograniczenia u\u017cycia tworzyw sztucznych, to funkcjonuj\u0105cy od stycznia 2021 r. na terenie ca\u0142ej UE zakaz sprzeda\u017cy m.in. plastikowych sztu\u0107c\u00f3w, talerzyk\u00f3w czy s\u0142omek. Dodatkowo, pa\u0144stwa cz\u0142onkowskie zosta\u0142y zobowi\u0105zane do p\u0142acenia 80 eurocent\u00f3w za ka\u017cdy wykorzystany kilogram plastiku, kt\u00f3ry nie zostanie poddany recyklingowi.<\/p>\n\n\n\n<p class=\"has-text-align-right\">Tekst i foto: <strong>Amest sp. z o.o.<\/strong><\/p>\n","protected":false},"excerpt":{"rendered":"<p>Pomimo sukcesywnie wprowadzanych ogranicze\u0144, produkcja plastiku ci\u0105gle ro\u015bnie. Olbrzymim problemem s\u0105 wszelkiego rodzaju wyroby z tworzyw sztucznych, w tym popularne torby zakupowe. U\u015bwiadomienie sobie skali zjawiska to dobry moment, by zrezygnowa\u0107 z tego rodzaju produkt\u00f3w i w prosty spos\u00f3b zacz\u0105\u0107 chroni\u0107 \u015brodowisko. Mimo \u017ce dzi\u015b w wielu cz\u0119\u015bciach \u015bwiata w zdecydowany spos\u00f3b odchodzi si\u0119 od [&hellip;]<\/p>\n","protected":false},"author":2,"featured_media":4066,"comment_status":"closed","ping_status":"open","sticky":false,"template":"","format":"standard","meta":{"footnotes":""},"categories":[9],"tags":[],"class_list":["post-4065","post","type-post","status-publish","format-standard","has-post-thumbnail","hentry","category-edukacja"],"_links":{"self":[{"href":"https:\/\/fleschmazowsza.com.pl\/index.php?rest_route=\/wp\/v2\/posts\/4065","targetHints":{"allow":["GET"]}}],"collection":[{"href":"https:\/\/fleschmazowsza.com.pl\/index.php?rest_route=\/wp\/v2\/posts"}],"about":[{"href":"https:\/\/fleschmazowsza.com.pl\/index.php?rest_route=\/wp\/v2\/types\/post"}],"author":[{"embeddable":true,"href":"https:\/\/fleschmazowsza.com.pl\/index.php?rest_route=\/wp\/v2\/users\/2"}],"replies":[{"embeddable":true,"href":"https:\/\/fleschmazowsza.com.pl\/index.php?rest_route=%2Fwp%2Fv2%2Fcomments&post=4065"}],"version-history":[{"count":2,"href":"https:\/\/fleschmazowsza.com.pl\/index.php?rest_route=\/wp\/v2\/posts\/4065\/revisions"}],"predecessor-version":[{"id":4068,"href":"https:\/\/fleschmazowsza.com.pl\/index.php?rest_route=\/wp\/v2\/posts\/4065\/revisions\/4068"}],"wp:featuredmedia":[{"embeddable":true,"href":"https:\/\/fleschmazowsza.com.pl\/index.php?rest_route=\/wp\/v2\/media\/4066"}],"wp:attachment":[{"href":"https:\/\/fleschmazowsza.com.pl\/index.php?rest_route=%2Fwp%2Fv2%2Fmedia&parent=4065"}],"wp:term":[{"taxonomy":"category","embeddable":true,"href":"https:\/\/fleschmazowsza.com.pl\/index.php?rest_route=%2Fwp%2Fv2%2Fcategories&post=4065"},{"taxonomy":"post_tag","embeddable":true,"href":"https:\/\/fleschmazowsza.com.pl\/index.php?rest_route=%2Fwp%2Fv2%2Ftags&post=4065"}],"curies":[{"name":"wp","href":"https:\/\/api.w.org\/{rel}","templated":true}]}}