{"id":4062,"date":"2021-02-12T13:24:51","date_gmt":"2021-02-12T12:24:51","guid":{"rendered":"http:\/\/fleschmazowsza.com.pl\/?p=4062"},"modified":"2021-02-12T13:24:52","modified_gmt":"2021-02-12T12:24:52","slug":"nowy-akwen-wodny-w-chlebni","status":"publish","type":"post","link":"https:\/\/fleschmazowsza.com.pl\/?p=4062","title":{"rendered":"Nowy akwen wodny w Chlebni"},"content":{"rendered":"\n<p><strong>W Chlebni w gminie Grodzisk Mazowiecki ma powsta\u0107 jeden z najwi\u0119kszych w regionie zbiornik\u00f3w wody opadowej. W\u0142odarze miasta podpisali ju\u017c akt notarialny gruntu, gdzie ma powsta\u0107 nowy obiekt.<\/strong><\/p>\n\n\n\n<p>W sierpniu ubieg\u0142ego roku zapad\u0142y pierwsze wi\u0105\u017c\u0105ce decyzje dotycz\u0105ce realizacji inwestycji. Koncepcja budowy obiektu nie jest nowa, bowiem w\u0142adze gminy proponowa\u0142y t\u0119 ide\u0119 ju\u017c wcze\u015bniej.<\/p>\n\n\n\n<p>\u2013 Burmistrz Grzegorz Benedykci\u0144ski cieszy si\u0119, \u017ce pomys\u0142 kt\u00f3ry zrodzi\u0142 si\u0119 w latach 90-tych uda\u0142o si\u0119 sfinalizowa\u0107. Or\u0119downikiem tego pomys\u0142u by\u0142 so\u0142tys wsi Chlebni. Radni Miejscy jednog\u0142o\u015bnie zaakceptowali propozycj\u0119 zakupu gruntu pod zbiornik \u2013 dowiadujemy si\u0119 z o\u015bwiadczenia w\u0142adz gminy.<\/p>\n\n\n\n<p>Zbiornik wodny b\u0119dzie pe\u0142ni\u0142 przede wszystkim funkcj\u0119 retencji wody, ale tak\u017ce pos\u0142u\u017cy rekreacji.<\/p>\n\n\n\n<p>&#8211; Jego realizacja by\u0142a mo\u017cliwa z dw\u00f3ch powod\u00f3w: poprawi\u0142a si\u0119 sytuacja finansowa gminy w ostatnich latach; pojawi\u0142a si\u0119 mo\u017cliwo\u015b\u0107 pozyskania \u015brodk\u00f3w na budow\u0119 zbiornika \u2013 dodaje burmistrz Grodziska Maz. Akwen obejmie teren ponad 50 ha. Plany zak\u0142adaj\u0105 budow\u0119 zbiornika do ko\u0144ca 2023 roku.<\/p>\n\n\n\n<p class=\"has-text-align-right\"><strong>(ak)<\/strong>, Fot.: <em><strong>grodzisknews.pl<\/strong><\/em><\/p>\n","protected":false},"excerpt":{"rendered":"<p>W Chlebni w gminie Grodzisk Mazowiecki ma powsta\u0107 jeden z najwi\u0119kszych w regionie zbiornik\u00f3w wody opadowej. W\u0142odarze miasta podpisali ju\u017c akt notarialny gruntu, gdzie ma powsta\u0107 nowy obiekt. W sierpniu ubieg\u0142ego roku zapad\u0142y pierwsze wi\u0105\u017c\u0105ce decyzje dotycz\u0105ce realizacji inwestycji. Koncepcja budowy obiektu nie jest nowa, bowiem w\u0142adze gminy proponowa\u0142y t\u0119 ide\u0119 ju\u017c wcze\u015bniej. \u2013 Burmistrz [&hellip;]<\/p>\n","protected":false},"author":2,"featured_media":4063,"comment_status":"closed","ping_status":"open","sticky":false,"template":"","format":"standard","meta":{"footnotes":""},"categories":[5],"tags":[],"class_list":["post-4062","post","type-post","status-publish","format-standard","has-post-thumbnail","hentry","category-wiadomosci"],"_links":{"self":[{"href":"https:\/\/fleschmazowsza.com.pl\/index.php?rest_route=\/wp\/v2\/posts\/4062","targetHints":{"allow":["GET"]}}],"collection":[{"href":"https:\/\/fleschmazowsza.com.pl\/index.php?rest_route=\/wp\/v2\/posts"}],"about":[{"href":"https:\/\/fleschmazowsza.com.pl\/index.php?rest_route=\/wp\/v2\/types\/post"}],"author":[{"embeddable":true,"href":"https:\/\/fleschmazowsza.com.pl\/index.php?rest_route=\/wp\/v2\/users\/2"}],"replies":[{"embeddable":true,"href":"https:\/\/fleschmazowsza.com.pl\/index.php?rest_route=%2Fwp%2Fv2%2Fcomments&post=4062"}],"version-history":[{"count":1,"href":"https:\/\/fleschmazowsza.com.pl\/index.php?rest_route=\/wp\/v2\/posts\/4062\/revisions"}],"predecessor-version":[{"id":4064,"href":"https:\/\/fleschmazowsza.com.pl\/index.php?rest_route=\/wp\/v2\/posts\/4062\/revisions\/4064"}],"wp:featuredmedia":[{"embeddable":true,"href":"https:\/\/fleschmazowsza.com.pl\/index.php?rest_route=\/wp\/v2\/media\/4063"}],"wp:attachment":[{"href":"https:\/\/fleschmazowsza.com.pl\/index.php?rest_route=%2Fwp%2Fv2%2Fmedia&parent=4062"}],"wp:term":[{"taxonomy":"category","embeddable":true,"href":"https:\/\/fleschmazowsza.com.pl\/index.php?rest_route=%2Fwp%2Fv2%2Fcategories&post=4062"},{"taxonomy":"post_tag","embeddable":true,"href":"https:\/\/fleschmazowsza.com.pl\/index.php?rest_route=%2Fwp%2Fv2%2Ftags&post=4062"}],"curies":[{"name":"wp","href":"https:\/\/api.w.org\/{rel}","templated":true}]}}