{"id":405,"date":"2016-11-30T11:41:55","date_gmt":"2016-11-30T10:41:55","guid":{"rendered":"http:\/\/fleschmazowsza.com.pl\/?p=405"},"modified":"2016-11-30T11:41:55","modified_gmt":"2016-11-30T10:41:55","slug":"moja-milosc","status":"publish","type":"post","link":"https:\/\/fleschmazowsza.com.pl\/?p=405","title":{"rendered":"\u201eMoja Mi\u0142o\u015b\u0107\u201d"},"content":{"rendered":"<p><strong>25 listopada o godz. 18.00 w O\u015brodku Kultury Kamyk przy ul. M. Zimi\u0144skiej \u2013 Sygiety\u0144skiej w Pruszkowie odby\u0142 si\u0119 koncert Micha\u0142a Bajora.<\/strong><\/p>\n<p>Jeden z najlepszych polskich wokalist\u00f3w i aktor\u00f3w Micha\u0142 Bajor przy akompaniamencie Wojciecha Borkowskiego wy\u015bmienitego pianisty, aran\u017cera i kompozytora zaprezentowa\u0142 swoim fanom utwory, kt\u00f3re znalaz\u0142y si\u0119 na jego 19 p\u0142ycie zatytu\u0142owanej \u201eMoja Mi\u0142o\u015b\u0107\u201d.<\/p>\n<p>P\u0142yta \u201eMoja Mi\u0142o\u015b\u0107\u201d to zbi\u00f3r najpi\u0119kniejszych piosenek o mi\u0142o\u015bci. Wi\u0119kszo\u015b\u0107 z nich to wielkie przeboje takie jak \u201ePrze\u015bliczna wiolonczelistka\u201d, \u201eOdkryjemy mi\u0142o\u015b\u0107 nieznan\u0105\u201d, \u201eLubi\u0119 wraca\u0107\u201d czy \u201eOch \u017cycie kocham Ci\u0119 nad \u017cycie\u201d.<\/p>\n<p>Na p\u0142ycie pojawi\u0142y si\u0119 r\u00f3wnie\u017c dwie nowe piosenki napisane dla Micha\u0142a Bajora przez Wojciecha M\u0142ynarskiego. W\u015br\u00f3d nich jedna za\u015bpiewana we wspania\u0142ym duecie z Ann\u0105 Wyszkoni.<\/p>\n<p>Zapowiadany koncert przyci\u0105gn\u0105\u0142 rzesz\u0119 fan\u00f3w, kt\u00f3rzy ju\u017c dwie godziny przed koncertem gromadzili si\u0119 t\u0142ocznie przy drzwiach.<\/p>\n<p>Koncert odby\u0142 si\u0119 w przemi\u0142ej atmosferze a artysta pomi\u0119dzy utworami zabawia\u0142 przyby\u0142ych go\u015bci anegdotami.<\/p>\n<p>Po koncercie mi\u0142o\u015bnicy tw\u00f3rczo\u015bci artysty mogli naby\u0107 jego p\u0142yty z autografem.<\/p>\n<p>Artysta zapowiedzia\u0142, \u017ce bardzo ch\u0119tnie kolejny raz spotka si\u0119 z fanami w Pruszkowie a ci obiecali nie zawie\u015b\u0107 go i przyby\u0107 r\u00f3wnie t\u0142umnie.<\/p>\n<p style=\"text-align: right;\">Tekst i foto:<\/p>\n<p style=\"text-align: right;\"><strong>Katarzyna W\u0142odarczyk<\/strong><\/p>\n","protected":false},"excerpt":{"rendered":"<p>25 listopada o godz. 18.00 w O\u015brodku Kultury Kamyk przy ul. M. Zimi\u0144skiej \u2013 Sygiety\u0144skiej w Pruszkowie odby\u0142 si\u0119 koncert Micha\u0142a Bajora. Jeden z najlepszych polskich wokalist\u00f3w i aktor\u00f3w Micha\u0142 Bajor przy akompaniamencie Wojciecha Borkowskiego wy\u015bmienitego pianisty, aran\u017cera i kompozytora zaprezentowa\u0142 swoim fanom utwory, kt\u00f3re znalaz\u0142y si\u0119 na jego 19 p\u0142ycie zatytu\u0142owanej \u201eMoja Mi\u0142o\u015b\u0107\u201d. P\u0142yta [&hellip;]<\/p>\n","protected":false},"author":2,"featured_media":410,"comment_status":"closed","ping_status":"open","sticky":false,"template":"","format":"standard","meta":{"footnotes":""},"categories":[6],"tags":[],"class_list":["post-405","post","type-post","status-publish","format-standard","has-post-thumbnail","hentry","category-kultura"],"_links":{"self":[{"href":"https:\/\/fleschmazowsza.com.pl\/index.php?rest_route=\/wp\/v2\/posts\/405","targetHints":{"allow":["GET"]}}],"collection":[{"href":"https:\/\/fleschmazowsza.com.pl\/index.php?rest_route=\/wp\/v2\/posts"}],"about":[{"href":"https:\/\/fleschmazowsza.com.pl\/index.php?rest_route=\/wp\/v2\/types\/post"}],"author":[{"embeddable":true,"href":"https:\/\/fleschmazowsza.com.pl\/index.php?rest_route=\/wp\/v2\/users\/2"}],"replies":[{"embeddable":true,"href":"https:\/\/fleschmazowsza.com.pl\/index.php?rest_route=%2Fwp%2Fv2%2Fcomments&post=405"}],"version-history":[{"count":1,"href":"https:\/\/fleschmazowsza.com.pl\/index.php?rest_route=\/wp\/v2\/posts\/405\/revisions"}],"predecessor-version":[{"id":408,"href":"https:\/\/fleschmazowsza.com.pl\/index.php?rest_route=\/wp\/v2\/posts\/405\/revisions\/408"}],"wp:featuredmedia":[{"embeddable":true,"href":"https:\/\/fleschmazowsza.com.pl\/index.php?rest_route=\/wp\/v2\/media\/410"}],"wp:attachment":[{"href":"https:\/\/fleschmazowsza.com.pl\/index.php?rest_route=%2Fwp%2Fv2%2Fmedia&parent=405"}],"wp:term":[{"taxonomy":"category","embeddable":true,"href":"https:\/\/fleschmazowsza.com.pl\/index.php?rest_route=%2Fwp%2Fv2%2Fcategories&post=405"},{"taxonomy":"post_tag","embeddable":true,"href":"https:\/\/fleschmazowsza.com.pl\/index.php?rest_route=%2Fwp%2Fv2%2Ftags&post=405"}],"curies":[{"name":"wp","href":"https:\/\/api.w.org\/{rel}","templated":true}]}}