{"id":4047,"date":"2021-02-12T12:57:46","date_gmt":"2021-02-12T11:57:46","guid":{"rendered":"http:\/\/fleschmazowsza.com.pl\/?p=4047"},"modified":"2021-02-12T12:57:47","modified_gmt":"2021-02-12T11:57:47","slug":"podpalil-kampera-ze-znajomym-w-srodku","status":"publish","type":"post","link":"https:\/\/fleschmazowsza.com.pl\/?p=4047","title":{"rendered":"Podpali\u0142 kampera ze znajomym w \u015brodku"},"content":{"rendered":"\n<p><strong>W powiecie grodziskim dosz\u0142o do dramatycznego incydentu. Pijany 65-latek podpali\u0142 turystycznego kampera, w kt\u00f3rym znajdowa\u0142 si\u0119 jego znajomy. Natychmiastowa reakcja w\u0142a\u015bciciela pojazdu pozwoli\u0142a unikn\u0105\u0107 tragedii.<\/strong><\/p>\n\n\n\n<p>Policjanci otrzymali zg\u0142oszenie oko\u0142o godziny 14.00.<\/p>\n\n\n\n<p>\u2013 Na miejscu funkcjonariusze zobaczyli dogaszaj\u0105cy si\u0119 po\u017car element\u00f3w kampera. Po zabezpieczeniu pojazdu mundurowi szybko zebrali informacje o zdarzeniu. Wynika\u0142o z nich, \u017ce m\u0119\u017cczyzna \u015bpi\u0105cy w swoim poje\u017adzie na posesji nagle poczu\u0142 dym, a nast\u0119pnie zauwa\u017cy\u0142 p\u0142omienie w okolicy wej\u015bcia do samochodu. Pokrzywdzony natychmiast ugasi\u0142 po\u017car w\u0142asnymi si\u0142ami, doznaj\u0105c przy tym oparze\u0144 d\u0142oni i podpalenia ubra\u0144, kt\u00f3re mia\u0142 na sobie. Podczas rozmowy z m\u0119\u017cczyzn\u0105 policjanci ustalili tak\u017ce, \u017ce zg\u0142aszaj\u0105cy widzia\u0142 w\u0142a\u015bciciela posesji, kt\u00f3ry w tym czasie by\u0142 w okolicy jego samochodu i szybko uciek\u0142 do swojego domu. Tego w\u0142a\u015bnie cz\u0142owieka pokrzywdzony wskaza\u0142 jako podejrzanego o dokonanie podpalenia. Do zg\u0142aszaj\u0105cego policjanci natychmiast wezwali pogotowie ratunkowe, a sami udali si\u0119 do domu, w kt\u00f3rym mia\u0142 przebywa\u0107 podejrzany. M\u0119\u017cczyzna nie chcia\u0142 otworzy\u0107 drzwi i policjanci musieli wej\u015b\u0107 tam si\u0142\u0105 \u2013 informuje asp. sztab. Katarzyna Zych, rzecznik prasowy Komendy Powiatowej Policji w Grodzisku Mazowieckim. \u2013 65-latek by\u0142 nietrze\u017awy. M\u0119\u017cczyzna mia\u0142 w organizmie ponad 1,5 promila alkoholu \u2013 dodaje.<\/p>\n\n\n\n<p>Sprawca us\u0142ysza\u0142 zarzuty nara\u017cenia \u017cycia swojego kolegi oraz zniszczenia pojazdu. M\u0119\u017cczyzna obj\u0119ty jest dozorem policyjnym, a tak\u017ce obowi\u0105zuje go zakaz zbli\u017cania si\u0119 do pokrzywdzonego.<\/p>\n\n\n\n<p class=\"has-text-align-right\"><strong>(ak)<\/strong>, Fot.: <strong><em>grodzisknews.pl<\/em><\/strong><\/p>\n","protected":false},"excerpt":{"rendered":"<p>W powiecie grodziskim dosz\u0142o do dramatycznego incydentu. Pijany 65-latek podpali\u0142 turystycznego kampera, w kt\u00f3rym znajdowa\u0142 si\u0119 jego znajomy. Natychmiastowa reakcja w\u0142a\u015bciciela pojazdu pozwoli\u0142a unikn\u0105\u0107 tragedii. Policjanci otrzymali zg\u0142oszenie oko\u0142o godziny 14.00. \u2013 Na miejscu funkcjonariusze zobaczyli dogaszaj\u0105cy si\u0119 po\u017car element\u00f3w kampera. Po zabezpieczeniu pojazdu mundurowi szybko zebrali informacje o zdarzeniu. Wynika\u0142o z nich, \u017ce m\u0119\u017cczyzna [&hellip;]<\/p>\n","protected":false},"author":2,"featured_media":4048,"comment_status":"closed","ping_status":"open","sticky":false,"template":"","format":"standard","meta":{"footnotes":""},"categories":[5],"tags":[],"class_list":["post-4047","post","type-post","status-publish","format-standard","has-post-thumbnail","hentry","category-wiadomosci"],"_links":{"self":[{"href":"https:\/\/fleschmazowsza.com.pl\/index.php?rest_route=\/wp\/v2\/posts\/4047","targetHints":{"allow":["GET"]}}],"collection":[{"href":"https:\/\/fleschmazowsza.com.pl\/index.php?rest_route=\/wp\/v2\/posts"}],"about":[{"href":"https:\/\/fleschmazowsza.com.pl\/index.php?rest_route=\/wp\/v2\/types\/post"}],"author":[{"embeddable":true,"href":"https:\/\/fleschmazowsza.com.pl\/index.php?rest_route=\/wp\/v2\/users\/2"}],"replies":[{"embeddable":true,"href":"https:\/\/fleschmazowsza.com.pl\/index.php?rest_route=%2Fwp%2Fv2%2Fcomments&post=4047"}],"version-history":[{"count":1,"href":"https:\/\/fleschmazowsza.com.pl\/index.php?rest_route=\/wp\/v2\/posts\/4047\/revisions"}],"predecessor-version":[{"id":4049,"href":"https:\/\/fleschmazowsza.com.pl\/index.php?rest_route=\/wp\/v2\/posts\/4047\/revisions\/4049"}],"wp:featuredmedia":[{"embeddable":true,"href":"https:\/\/fleschmazowsza.com.pl\/index.php?rest_route=\/wp\/v2\/media\/4048"}],"wp:attachment":[{"href":"https:\/\/fleschmazowsza.com.pl\/index.php?rest_route=%2Fwp%2Fv2%2Fmedia&parent=4047"}],"wp:term":[{"taxonomy":"category","embeddable":true,"href":"https:\/\/fleschmazowsza.com.pl\/index.php?rest_route=%2Fwp%2Fv2%2Fcategories&post=4047"},{"taxonomy":"post_tag","embeddable":true,"href":"https:\/\/fleschmazowsza.com.pl\/index.php?rest_route=%2Fwp%2Fv2%2Ftags&post=4047"}],"curies":[{"name":"wp","href":"https:\/\/api.w.org\/{rel}","templated":true}]}}