{"id":4033,"date":"2021-01-27T09:14:53","date_gmt":"2021-01-27T08:14:53","guid":{"rendered":"http:\/\/fleschmazowsza.com.pl\/?p=4033"},"modified":"2021-01-27T09:14:54","modified_gmt":"2021-01-27T08:14:54","slug":"szczepimy-sie-przeciw-covid","status":"publish","type":"post","link":"https:\/\/fleschmazowsza.com.pl\/?p=4033","title":{"rendered":"Szczepimy si\u0119 przeciw COVID"},"content":{"rendered":"\n<p><strong>Od grudnia w Polsce dost\u0119pna jest szczepionka przeciw COVID-19. W pi\u0105tek ruszy\u0142y zapisy na powszechne szczepienie, dzi\u0119ki kt\u00f3remu uda si\u0119 w znaczny spos\u00f3b zahamowa\u0107 rozprzestrzenianie wirusa, a tym samym za\u017cegna\u0107 pandemi\u0119. Osoby nale\u017c\u0105ce do pierwszej grupy rozpoczn\u0105 powszechne szczepienia 25 stycznia.<\/strong><\/p>\n\n\n\n<p>Kto zalicza si\u0119 do pierwszej grupy?<\/p>\n\n\n\n<p>&#8211; przedstawiciele s\u0142u\u017cb mundurowych;<\/p>\n\n\n\n<p>&#8211; nauczyciele;<\/p>\n\n\n\n<p>&#8211; pensjonariusze Dom\u00f3w Pomocy Spo\u0142ecznej i zak\u0142ad\u00f3w opieku\u0144czo \u2013 leczniczych, piel\u0119gnacyjno \u2013 opieku\u0144czych oraz innych miejsc stacjonarnego pobytu;<\/p>\n\n\n\n<p>&#8211; osoby powy\u017cej 60 roku \u017cycia.<\/p>\n\n\n\n<p class=\"has-text-align-center\">Podajemy list\u0119 plac\u00f3wek, w kt\u00f3rych mo\u017cna dokona\u0107 zapisu na szczepienie.<br><br><strong>Powiat pruszkowski:<\/strong><\/p>\n\n\n\n<p>&#8211; Wand Sp. z o.o. \u2013 przychodnia w Granicy \u2013 Granica ul. G\u0142\u00f3wna 104;<\/p>\n\n\n\n<p>&#8211; BRG Centrum Medyczne Bioresearch Group Sp. z o.o \u2013 Kajetany ul. Mokra 7;<\/p>\n\n\n\n<p>&#8211; NZOZ \u201ePrzychodnia Lekarska-Zdrowie\u201d Filia Nr 1 Sp. z o.o. \u2013 Komor\u00f3w \u2013 Turkusowa 5;<\/p>\n\n\n\n<p>&#8211; NZOZ Res-Med 40 sp. z o.o. \u2013 Micha\u0142owice ul. Ludowa 7;<\/p>\n\n\n\n<p>&#8211; Samodzielny Publiczny Gminny Zak\u0142ad Opieki Zdrowotnej w Nadarzynie \u2013 punkt szczepie\u0144 \u2013 M\u0142och\u00f3w ul. Mazowiecka 5A;<\/p>\n\n\n\n<p>&#8211; Samodzielny Publiczny Gminny Zak\u0142ad Opieki Zdrowotnej w Nadarzynie \u2013 punkt szczepie\u0144 \u2013 Nadarzyn ul. Sitarskich 3;<\/p>\n\n\n\n<p>&#8211; NZOZ \u201eBasis\u201d S.c. Magdalena Bijak-Perka, Dariusz Perka \u2013 Owczarnia ul. Kazimierzowska 33D;<\/p>\n\n\n\n<p>&#8211; Samodzielny Publiczny Zak\u0142ad Opieki Zdrowotnej \u201ePiastun\u201d \u2013 przychodnia \u2013 Piast\u00f3w ul. M. Reja 1;<\/p>\n\n\n\n<p>&#8211; Samodzielny Publiczny Zesp\u00f3\u0142 Zak\u0142ad\u00f3w Opieki Zdrowotnej w Pruszkowie \u2013 Przyszpitalna Przychodnia Specjalistyczna \u2013 Pruszk\u00f3w ul. Armii Krajowej 2;<\/p>\n\n\n\n<p>&#8211; NZOZ \u201ePrzychodnia Lekarska-Zdrowie\u201d Sp. z o.o. \u2013 Pruszk\u00f3w ul. Micha\u0142a Drzyma\u0142y 19\/21;<\/p>\n\n\n\n<p>&#8211; NZOZ MAL MED Sp. z o.o. \u2013 punkt szczepie\u0144 \u2013 Pruszk\u00f3w ul. Powsta\u0144c\u00f3w 7\/U1;<\/p>\n\n\n\n<p>&#8211; Centrum Medyczne Judyta Sp. z o. o. \u2013 punkt szczepie\u0144 \u2013 Raszyn ul. Poniatowskiego 21;<\/p>\n\n\n\n<p>&#8211; Centrum Medyczne Judyta Sp. z o.o. \u2013 punkt szczepie\u0144 \u2013 Raszyn ul. Pruszkowska 52.<\/p>\n\n\n\n<p class=\"has-text-align-center\"><strong>Powiat grodziski:<\/strong><\/p>\n\n\n\n<p>&#8211; NZOZ Gole Medycyna rodzinna Barbara Kwiatek \u2013 gabinet lekarza POZ \u2013 Gole 50;<\/p>\n\n\n\n<p>&#8211; NZOZ OPTIMA Iwona Socha \u2013 Grodzisk Mazowiecki ul. Bairda 56\/7;<\/p>\n\n\n\n<p>&#8211; NZOZ \u201eTAK-MED.\u201d s.c. \u2013 poradnia lekarza rodzinnego \u2013 Grodzisk Mazowiecki ul. Bliska 14;<\/p>\n\n\n\n<p>&#8211; Szpital Zachodni im. \u015bw. Jana Paw\u0142a II \u2013 poradnia lekarza POZ \u2013 Grodzisk Mazowiecki ul. Daleka 11;<\/p>\n\n\n\n<p>&#8211; Centrum Medyczne w Jaktorowie s.c. D. Ko\u017abia\u0142, M. \u0141aski \u2013 Chylice Kolonia ul. Warszawska 24;<\/p>\n\n\n\n<p>&#8211; BIOVENA Sp. z o.o. \u2013 J\u00f3zef\u00f3w ul. Lipowa 28a;<\/p>\n\n\n\n<p>&#8211; NZOZ Gole medycyna rodzinna Barbara Kwiatek \u2013 gabinet lekarza POZ \u2013 Grodzisk Mazowiecki ul. \u017bydowska 17;<\/p>\n\n\n\n<p>&#8211; Corten Medic Tomasz Sikora \u2013 gabinet szkolny stomatologiczny zlokalizowany w budynku Centrum Sportu i Rekreacji \u2013 Milan\u00f3wek ul. Szkolna 6;<\/p>\n\n\n\n<p>&#8211; NZOZ \u201eMEDICUS\u201d s.c. Zofia Lipi\u0144ska, Weronika Lipi\u0144ska \u2013 Podkowa Le\u015bna ul. Jelenia 30a;<\/p>\n\n\n\n<p>&#8211; Clinica Medica Olimpia \u0141ukaszewicz-Chimko \u2013 gabinet diagnostyczno-zabiegowy \u2013 \u017babia Wola ul. Sp\u00f3\u0142dzielcza 2B.<\/p>\n\n\n\n<p>Przypominamy, \u017ce szczepienia s\u0105 wa\u017cnym elementem walki z koronawirusem i nadziej\u0105 na wyeliminowanie pandemii z naszego \u017cycia. Racjonalne podej\u015bcie i zdrowy rozs\u0105dek pozwol\u0105 nam na powr\u00f3t do codzienno\u015bci sprzed epidemii.<\/p>\n\n\n\n<p class=\"has-text-align-right\"><strong>(ak)<\/strong>, Fot.: <strong><em>Pixabay.com<\/em><\/strong><\/p>\n","protected":false},"excerpt":{"rendered":"<p>Od grudnia w Polsce dost\u0119pna jest szczepionka przeciw COVID-19. W pi\u0105tek ruszy\u0142y zapisy na powszechne szczepienie, dzi\u0119ki kt\u00f3remu uda si\u0119 w znaczny spos\u00f3b zahamowa\u0107 rozprzestrzenianie wirusa, a tym samym za\u017cegna\u0107 pandemi\u0119. Osoby nale\u017c\u0105ce do pierwszej grupy rozpoczn\u0105 powszechne szczepienia 25 stycznia. Kto zalicza si\u0119 do pierwszej grupy? &#8211; przedstawiciele s\u0142u\u017cb mundurowych; &#8211; nauczyciele; &#8211; pensjonariusze [&hellip;]<\/p>\n","protected":false},"author":2,"featured_media":4034,"comment_status":"closed","ping_status":"open","sticky":false,"template":"","format":"standard","meta":{"footnotes":""},"categories":[5],"tags":[],"class_list":["post-4033","post","type-post","status-publish","format-standard","has-post-thumbnail","hentry","category-wiadomosci"],"_links":{"self":[{"href":"https:\/\/fleschmazowsza.com.pl\/index.php?rest_route=\/wp\/v2\/posts\/4033","targetHints":{"allow":["GET"]}}],"collection":[{"href":"https:\/\/fleschmazowsza.com.pl\/index.php?rest_route=\/wp\/v2\/posts"}],"about":[{"href":"https:\/\/fleschmazowsza.com.pl\/index.php?rest_route=\/wp\/v2\/types\/post"}],"author":[{"embeddable":true,"href":"https:\/\/fleschmazowsza.com.pl\/index.php?rest_route=\/wp\/v2\/users\/2"}],"replies":[{"embeddable":true,"href":"https:\/\/fleschmazowsza.com.pl\/index.php?rest_route=%2Fwp%2Fv2%2Fcomments&post=4033"}],"version-history":[{"count":1,"href":"https:\/\/fleschmazowsza.com.pl\/index.php?rest_route=\/wp\/v2\/posts\/4033\/revisions"}],"predecessor-version":[{"id":4035,"href":"https:\/\/fleschmazowsza.com.pl\/index.php?rest_route=\/wp\/v2\/posts\/4033\/revisions\/4035"}],"wp:featuredmedia":[{"embeddable":true,"href":"https:\/\/fleschmazowsza.com.pl\/index.php?rest_route=\/wp\/v2\/media\/4034"}],"wp:attachment":[{"href":"https:\/\/fleschmazowsza.com.pl\/index.php?rest_route=%2Fwp%2Fv2%2Fmedia&parent=4033"}],"wp:term":[{"taxonomy":"category","embeddable":true,"href":"https:\/\/fleschmazowsza.com.pl\/index.php?rest_route=%2Fwp%2Fv2%2Fcategories&post=4033"},{"taxonomy":"post_tag","embeddable":true,"href":"https:\/\/fleschmazowsza.com.pl\/index.php?rest_route=%2Fwp%2Fv2%2Ftags&post=4033"}],"curies":[{"name":"wp","href":"https:\/\/api.w.org\/{rel}","templated":true}]}}