{"id":4027,"date":"2021-01-27T08:58:15","date_gmt":"2021-01-27T07:58:15","guid":{"rendered":"http:\/\/fleschmazowsza.com.pl\/?p=4027"},"modified":"2021-01-27T08:58:16","modified_gmt":"2021-01-27T07:58:16","slug":"nielegalni-imigranci","status":"publish","type":"post","link":"https:\/\/fleschmazowsza.com.pl\/?p=4027","title":{"rendered":"Nielegalni imigranci"},"content":{"rendered":"\n<p><strong>Mazowiecka Krajowa Administracja Skarbowa (KAS) zatrzyma\u0142a 6 obywateli Afganistanu ukrytych w ci\u0119\u017car\u00f3wce. Nie mieli \u017cadnych dokument\u00f3w to\u017csamo\u015bci i zezwole\u0144 na pobyt w Polsce.<\/strong><\/p>\n\n\n\n<p>Podczas prowadzenia rutynowej kontroli funkcjonariuszy S\u0142u\u017cby Celno \u2013 Skarbowej z Oddzia\u0142u Celnego I w Pruszkowie zaniepokoi\u0142y odg\u0142osy dobiegaj\u0105ce z naczepy jednego z samochod\u00f3w czekaj\u0105cych na odpraw\u0119.<\/p>\n\n\n\n<p>Po ogl\u0119dzinach pojazdu zauwa\u017cyli zerwan\u0105 link\u0119 zabezpieczaj\u0105c\u0105 zamkni\u0119cie celne. Plomba by\u0142a nienaruszona.<\/p>\n\n\n\n<p>W \u015brodku znajdowa\u0142o si\u0119&nbsp; 6 m\u0119\u017cczyzn. Ze wst\u0119pnych ustale\u0144 wynika, \u017ce s\u0105 to obywatele Afganistanu w wieku od 16 do 25 lat.<\/p>\n\n\n\n<p>Kierowca nic nie wiedzia\u0142 o \u201epasa\u017cerach\u201d, kt\u00f3rzy ukryli si\u0119 w jego samochodzie. Prawdopodobnie dostali si\u0119 do naczepy w Turcji, sk\u0105d przewozi\u0142 towar.<\/p>\n\n\n\n<p>Zatrzymanych obcokrajowc\u00f3w przekazano funkcjonariuszom Stra\u017cy Granicznej.<\/p>\n\n\n\n<p>Za usi\u0142owanie nielegalnego przekroczenia granicy m\u0142odym Afga\u0144czykom grozi kara nawet do 3 lat pozbawienia wolno\u015bci.<\/p>\n\n\n\n<p class=\"has-text-align-right\"><strong>(a)<\/strong>, Fot. <em><strong>KAS<\/strong><\/em><\/p>\n","protected":false},"excerpt":{"rendered":"<p>Mazowiecka Krajowa Administracja Skarbowa (KAS) zatrzyma\u0142a 6 obywateli Afganistanu ukrytych w ci\u0119\u017car\u00f3wce. Nie mieli \u017cadnych dokument\u00f3w to\u017csamo\u015bci i zezwole\u0144 na pobyt w Polsce. Podczas prowadzenia rutynowej kontroli funkcjonariuszy S\u0142u\u017cby Celno \u2013 Skarbowej z Oddzia\u0142u Celnego I w Pruszkowie zaniepokoi\u0142y odg\u0142osy dobiegaj\u0105ce z naczepy jednego z samochod\u00f3w czekaj\u0105cych na odpraw\u0119. Po ogl\u0119dzinach pojazdu zauwa\u017cyli zerwan\u0105 link\u0119 [&hellip;]<\/p>\n","protected":false},"author":2,"featured_media":4028,"comment_status":"closed","ping_status":"open","sticky":false,"template":"","format":"standard","meta":{"footnotes":""},"categories":[5],"tags":[],"class_list":["post-4027","post","type-post","status-publish","format-standard","has-post-thumbnail","hentry","category-wiadomosci"],"_links":{"self":[{"href":"https:\/\/fleschmazowsza.com.pl\/index.php?rest_route=\/wp\/v2\/posts\/4027","targetHints":{"allow":["GET"]}}],"collection":[{"href":"https:\/\/fleschmazowsza.com.pl\/index.php?rest_route=\/wp\/v2\/posts"}],"about":[{"href":"https:\/\/fleschmazowsza.com.pl\/index.php?rest_route=\/wp\/v2\/types\/post"}],"author":[{"embeddable":true,"href":"https:\/\/fleschmazowsza.com.pl\/index.php?rest_route=\/wp\/v2\/users\/2"}],"replies":[{"embeddable":true,"href":"https:\/\/fleschmazowsza.com.pl\/index.php?rest_route=%2Fwp%2Fv2%2Fcomments&post=4027"}],"version-history":[{"count":1,"href":"https:\/\/fleschmazowsza.com.pl\/index.php?rest_route=\/wp\/v2\/posts\/4027\/revisions"}],"predecessor-version":[{"id":4029,"href":"https:\/\/fleschmazowsza.com.pl\/index.php?rest_route=\/wp\/v2\/posts\/4027\/revisions\/4029"}],"wp:featuredmedia":[{"embeddable":true,"href":"https:\/\/fleschmazowsza.com.pl\/index.php?rest_route=\/wp\/v2\/media\/4028"}],"wp:attachment":[{"href":"https:\/\/fleschmazowsza.com.pl\/index.php?rest_route=%2Fwp%2Fv2%2Fmedia&parent=4027"}],"wp:term":[{"taxonomy":"category","embeddable":true,"href":"https:\/\/fleschmazowsza.com.pl\/index.php?rest_route=%2Fwp%2Fv2%2Fcategories&post=4027"},{"taxonomy":"post_tag","embeddable":true,"href":"https:\/\/fleschmazowsza.com.pl\/index.php?rest_route=%2Fwp%2Fv2%2Ftags&post=4027"}],"curies":[{"name":"wp","href":"https:\/\/api.w.org\/{rel}","templated":true}]}}