{"id":4012,"date":"2021-01-27T08:46:56","date_gmt":"2021-01-27T07:46:56","guid":{"rendered":"http:\/\/fleschmazowsza.com.pl\/?p=4012"},"modified":"2021-01-27T08:46:56","modified_gmt":"2021-01-27T07:46:56","slug":"wspieralismy-bezpieczny-wypoczynek-dzieci","status":"publish","type":"post","link":"https:\/\/fleschmazowsza.com.pl\/?p=4012","title":{"rendered":"Wspierali\u015bmy bezpieczny wypoczynek dzieci"},"content":{"rendered":"\n<p><strong>Okres ferii zimowych to dla \u017co\u0142nierzy 6 Mazowieckiej Brygady Obrony Terytorialnej okres, w kt\u00f3rym realizowali dodatkowe zadania. Jedno z nich to wsparcie Mazowieckiego Urz\u0119du Wojew\u00f3dzkiego w transporcie \u015brodk\u00f3w ochrony indywidualnej dla dzieci, kt\u00f3re w minionych dw\u00f3ch tygodniach bra\u0142y udzia\u0142 w p\u00f3\u0142koloniach.<\/strong><\/p>\n\n\n\n<p>W szko\u0142ach i plac\u00f3wkach o\u015bwiatowych trwa\u0142y p\u00f3\u0142kolonie dla uczni\u00f3w klas I-IV szk\u00f3\u0142 podstawowych. To odpowied\u017a na pro\u015bby rodzic\u00f3w i organizator\u00f3w p\u00f3\u0142kolonii, aby w \u015bcis\u0142ym re\u017cimie sanitarnym plac\u00f3wki zorganizowa\u0142y opiek\u0119 dla najm\u0142odszych dzieci. Niezb\u0119dne do zachowania bezpiecze\u0144stwa s\u0105 \u015brodki ochrony indywidualnej. Mazowiecki Urz\u0105d Wojew\u00f3dzki skierowa\u0142 wniosek do dow\u00f3dcy 6 Mazowieckiej Brygady OT o pomoc w przetransportowaniu kilkudziesi\u0119ciu ton p\u0142yn\u00f3w dezynfekuj\u0105cych do Powiatowych Komend Pa\u0144stwowych Stra\u017cy Po\u017carnych, z kt\u00f3rych butelki trafi\u0105 bezpo\u015brednio do plac\u00f3wek organizuj\u0105cych wypoczynek dla dzieci.<\/p>\n\n\n\n<p>\u017bo\u0142nierze 65 batalionu lekkiej piechoty z Pomiech\u00f3wka przewie\u017ali 1872 litry p\u0142yn\u00f3w do dezynfekcji. Butelki z dezynfekantem trafi\u0142y do powiat\u00f3w: \u017cyrardowskiego, grodziskiego, pruszkowskiego, nowodworskiego oraz dzielnicy B\u0142onie.<\/p>\n\n\n\n<p>&#8211; Terytorialsi z Pomiech\u00f3wka \u0142\u0105cznie przetransportuj\u0105 dzi\u015b ponad 3700 butelek \u015brodka dezynfekuj\u0105cego, kt\u00f3ry trafi do dzieci przebywaj\u0105cych na p\u00f3\u0142koniach w powiatach znajduj\u0105cych si\u0119 na terenie sta\u0142ego rejonu odpowiedzialno\u015bci 65 blp w Pomiech\u00f3wku \u2013 poinformowa\u0142 jeszcze w styczniu pp\u0142k Jan Der\u0119gowski, dodaj\u0105c: &#8211; W dniu dzisiejszym nasi \u017co\u0142nierze przetransportuj\u0105 r\u00f3wnie\u017c \u015brodki ochrony indywidualnej do dw\u00f3ch warszawskich szpitali.<\/p>\n\n\n\n<p>To kolejny przyk\u0142ad dzia\u0142ania 6 Mazowieckiej BOT w walce z pandemi\u0105 COVID-19 w ramach operacji ,,Trwa\u0142a Odporno\u015b\u0107\u201d.<\/p>\n\n\n\n<p>Zadanie zrealizowane zosta\u0142o na wniosek Mazowieckiego Urz\u0119du Wojew\u00f3dzkiego w Warszawie. Od pocz\u0105tku pandemii Terytorialsi podejmuj\u0105 dzia\u0142ania o du\u017cej intensywno\u015bci, maj\u0105ce na celu wspieracie s\u0142u\u017cby zdrowia, organ\u00f3w sanitarnych, policji oraz administracji pa\u0144stwowej i samorz\u0105dowej.<\/p>\n\n\n\n<p>Przewozy wielkotona\u017cowe ze \u015brodkami ochrony to jedno z zada\u0144, kt\u00f3re obecnie realizuje 6 Mazowiecka Brygada Obrony Terytorialnej w ramach operacji ,,Trwa\u0142a Odporno\u015b\u0107\u201d. \u017bo\u0142nierze z 65 batalionu lekkiej piechoty z Pomiech\u00f3wka w dalszym ci\u0105gu wspieraj\u0105 szpitale i przychodnie, monitoruj\u0105 osoby przebywaj\u0105ce na kwarantannie oraz systematycznie organizuj\u0105 akcje honorowego krwiodawstwa, oraz wspieraj\u0105 kombatant\u00f3w i senior\u00f3w.<\/p>\n\n\n\n<p class=\"has-text-align-right\"><strong>Marlena Ros\u0142aniec<\/strong>\u00a0<br><em><strong>Rzecznik Prasowy<\/strong><\/em><br><em><strong>6 MAZOWIECKA BRYGADA<\/strong><\/em><br><em><strong>OBRONY TERYTORIALNEJ<\/strong><\/em><\/p>\n","protected":false},"excerpt":{"rendered":"<p>Okres ferii zimowych to dla \u017co\u0142nierzy 6 Mazowieckiej Brygady Obrony Terytorialnej okres, w kt\u00f3rym realizowali dodatkowe zadania. Jedno z nich to wsparcie Mazowieckiego Urz\u0119du Wojew\u00f3dzkiego w transporcie \u015brodk\u00f3w ochrony indywidualnej dla dzieci, kt\u00f3re w minionych dw\u00f3ch tygodniach bra\u0142y udzia\u0142 w p\u00f3\u0142koloniach. W szko\u0142ach i plac\u00f3wkach o\u015bwiatowych trwa\u0142y p\u00f3\u0142kolonie dla uczni\u00f3w klas I-IV szk\u00f3\u0142 podstawowych. To [&hellip;]<\/p>\n","protected":false},"author":2,"featured_media":4013,"comment_status":"closed","ping_status":"open","sticky":false,"template":"","format":"standard","meta":{"footnotes":""},"categories":[8],"tags":[],"class_list":["post-4012","post","type-post","status-publish","format-standard","has-post-thumbnail","hentry","category-roznosci"],"_links":{"self":[{"href":"https:\/\/fleschmazowsza.com.pl\/index.php?rest_route=\/wp\/v2\/posts\/4012","targetHints":{"allow":["GET"]}}],"collection":[{"href":"https:\/\/fleschmazowsza.com.pl\/index.php?rest_route=\/wp\/v2\/posts"}],"about":[{"href":"https:\/\/fleschmazowsza.com.pl\/index.php?rest_route=\/wp\/v2\/types\/post"}],"author":[{"embeddable":true,"href":"https:\/\/fleschmazowsza.com.pl\/index.php?rest_route=\/wp\/v2\/users\/2"}],"replies":[{"embeddable":true,"href":"https:\/\/fleschmazowsza.com.pl\/index.php?rest_route=%2Fwp%2Fv2%2Fcomments&post=4012"}],"version-history":[{"count":1,"href":"https:\/\/fleschmazowsza.com.pl\/index.php?rest_route=\/wp\/v2\/posts\/4012\/revisions"}],"predecessor-version":[{"id":4014,"href":"https:\/\/fleschmazowsza.com.pl\/index.php?rest_route=\/wp\/v2\/posts\/4012\/revisions\/4014"}],"wp:featuredmedia":[{"embeddable":true,"href":"https:\/\/fleschmazowsza.com.pl\/index.php?rest_route=\/wp\/v2\/media\/4013"}],"wp:attachment":[{"href":"https:\/\/fleschmazowsza.com.pl\/index.php?rest_route=%2Fwp%2Fv2%2Fmedia&parent=4012"}],"wp:term":[{"taxonomy":"category","embeddable":true,"href":"https:\/\/fleschmazowsza.com.pl\/index.php?rest_route=%2Fwp%2Fv2%2Fcategories&post=4012"},{"taxonomy":"post_tag","embeddable":true,"href":"https:\/\/fleschmazowsza.com.pl\/index.php?rest_route=%2Fwp%2Fv2%2Ftags&post=4012"}],"curies":[{"name":"wp","href":"https:\/\/api.w.org\/{rel}","templated":true}]}}