{"id":4002,"date":"2020-12-21T14:34:15","date_gmt":"2020-12-21T13:34:15","guid":{"rendered":"http:\/\/fleschmazowsza.com.pl\/?p=4002"},"modified":"2020-12-21T14:34:16","modified_gmt":"2020-12-21T13:34:16","slug":"nowy-kompleks-basenow-letnich-w-strzeniowce-gmina-nadarzyn","status":"publish","type":"post","link":"https:\/\/fleschmazowsza.com.pl\/?p=4002","title":{"rendered":"Nowy kompleks basen\u00f3w letnich w Strzeni\u00f3wce, gmina Nadarzyn"},"content":{"rendered":"\n<p><strong>W bliskiej okolicy powstanie kolejny ciekawy i warty odwiedzenia kompleks basenowy. Tym razem inwestycj\u0105 b\u0119dzie mog\u0142a pochwali\u0107 si\u0119 gmina Nadarzyn, o ile wszystko p\u00f3jdzie zgodnie z planem. Realizacja projektu przewidziana jest na 2021 rok i b\u0119dzie opiewa\u0142a na kwot\u0119 4,8 mln z\u0142.<\/strong><\/p>\n\n\n\n<p>Mieszka\u0144cy Strzeni\u00f3wki, pomimo niekrytej rado\u015bci z pomys\u0142u inwestycji maj\u0105 jednak obawy co do jego powodzenia. Powstaj\u0105 w\u0105tpliwo\u015bci czy czas epidemii koronawirusa jest dobrym momentem na decydowanie si\u0119 na tego typu kroki. W\u0142adze Nadarzyna jednak zapewniaj\u0105, \u017ce:<\/p>\n\n\n\n<p>\u2013 Wbrew pozorom wszystko wskazuje na to, \u017ce czas epidemii jest najlepszy do rozpocz\u0119cia tego typu inwestycji. Koszt budowy powinien by\u0107 o 30-40% mniejszy ni\u017c \u2026,,normalnie\u201d. Jednocze\u015bnie du\u017co wskazuje, \u017ce ju\u017c w to lato wi\u0119kszo\u015b\u0107 z nas powinna by\u0107 zaszczepiona, b\u0105d\u017a \u201euodporniona\u201d na koronawirusa. Koszt budowy szacujemy pomi\u0119dzy 4,2 do 4,8 miliona z\u0142otych \u2013 czytamy na oficjalnym profilu na Facebooku Urz\u0119du Gminy Nadarzyn.<\/p>\n\n\n\n<p>Kompleks basenowy b\u0119dzie obejmowa\u0142 budow\u0119 trzech basen\u00f3w zewn\u0119trznych z pomostami, mini wodny plac zabaw, dwie zje\u017cd\u017calnie wodne, ca\u0142oroczny pawilon \u015bwietlicowy z kawiarenk\u0105, boiska do pi\u0142ki no\u017cnej pla\u017cowej i siatk\u00f3wki, du\u017ce jacuzzi na 8 os\u00f3b, przebieralnie wraz z toaletami, teren do pla\u017cowania. Obiekt b\u0119dzie wyposa\u017cony r\u00f3wnie\u017c w obszerny, o\u015bwietlony i monitorowany parking.<\/p>\n\n\n\n<p>W\u0142odarze Nadarzyna s\u0105 przekonani, \u017ce pierwsze prace uda si\u0119 rozpocz\u0105\u0107 niebawem, bo ju\u017c pierwszej po\u0142owie przysz\u0142ego roku.<\/p>\n\n\n\n<p>\u2013 Jeszcze w tym roku je\u015bli zamierzenia uzyskaj\u0105 akceptacj\u0119 radnych, b\u0119dziemy chcieli og\u0142osi\u0107 i rozstrzygn\u0105\u0107 przetarg na wykonanie projektu i budow\u0119 obiektu. Ca\u0142o\u015b\u0107 ma by\u0107 realizowana wed\u0142ug regu\u0142y projektuj \u2013 buduj. Zako\u0144czenie budowy i oddanie inwestycji do u\u017cytku przewidujemy 1 czerwca 2021 na DZIE\u0143 DZIECKA. Trzymajcie kciuki! \u2013 zapowiedzieli urz\u0119dnicy.<\/p>\n\n\n\n<p class=\"has-text-align-right\"><strong>(ak)<\/strong>, Fot.: <strong><em>Facebook\/Gmina Nadarzyn<\/em><\/strong><\/p>\n","protected":false},"excerpt":{"rendered":"<p>W bliskiej okolicy powstanie kolejny ciekawy i warty odwiedzenia kompleks basenowy. Tym razem inwestycj\u0105 b\u0119dzie mog\u0142a pochwali\u0107 si\u0119 gmina Nadarzyn, o ile wszystko p\u00f3jdzie zgodnie z planem. Realizacja projektu przewidziana jest na 2021 rok i b\u0119dzie opiewa\u0142a na kwot\u0119 4,8 mln z\u0142. Mieszka\u0144cy Strzeni\u00f3wki, pomimo niekrytej rado\u015bci z pomys\u0142u inwestycji maj\u0105 jednak obawy co do [&hellip;]<\/p>\n","protected":false},"author":2,"featured_media":4003,"comment_status":"closed","ping_status":"open","sticky":false,"template":"","format":"standard","meta":{"footnotes":""},"categories":[5],"tags":[],"class_list":["post-4002","post","type-post","status-publish","format-standard","has-post-thumbnail","hentry","category-wiadomosci"],"_links":{"self":[{"href":"https:\/\/fleschmazowsza.com.pl\/index.php?rest_route=\/wp\/v2\/posts\/4002","targetHints":{"allow":["GET"]}}],"collection":[{"href":"https:\/\/fleschmazowsza.com.pl\/index.php?rest_route=\/wp\/v2\/posts"}],"about":[{"href":"https:\/\/fleschmazowsza.com.pl\/index.php?rest_route=\/wp\/v2\/types\/post"}],"author":[{"embeddable":true,"href":"https:\/\/fleschmazowsza.com.pl\/index.php?rest_route=\/wp\/v2\/users\/2"}],"replies":[{"embeddable":true,"href":"https:\/\/fleschmazowsza.com.pl\/index.php?rest_route=%2Fwp%2Fv2%2Fcomments&post=4002"}],"version-history":[{"count":1,"href":"https:\/\/fleschmazowsza.com.pl\/index.php?rest_route=\/wp\/v2\/posts\/4002\/revisions"}],"predecessor-version":[{"id":4004,"href":"https:\/\/fleschmazowsza.com.pl\/index.php?rest_route=\/wp\/v2\/posts\/4002\/revisions\/4004"}],"wp:featuredmedia":[{"embeddable":true,"href":"https:\/\/fleschmazowsza.com.pl\/index.php?rest_route=\/wp\/v2\/media\/4003"}],"wp:attachment":[{"href":"https:\/\/fleschmazowsza.com.pl\/index.php?rest_route=%2Fwp%2Fv2%2Fmedia&parent=4002"}],"wp:term":[{"taxonomy":"category","embeddable":true,"href":"https:\/\/fleschmazowsza.com.pl\/index.php?rest_route=%2Fwp%2Fv2%2Fcategories&post=4002"},{"taxonomy":"post_tag","embeddable":true,"href":"https:\/\/fleschmazowsza.com.pl\/index.php?rest_route=%2Fwp%2Fv2%2Ftags&post=4002"}],"curies":[{"name":"wp","href":"https:\/\/api.w.org\/{rel}","templated":true}]}}