{"id":3995,"date":"2020-12-21T14:26:24","date_gmt":"2020-12-21T13:26:24","guid":{"rendered":"http:\/\/fleschmazowsza.com.pl\/?p=3995"},"modified":"2020-12-21T14:26:25","modified_gmt":"2020-12-21T13:26:25","slug":"wojsko-polaczy-na-swieta","status":"publish","type":"post","link":"https:\/\/fleschmazowsza.com.pl\/?p=3995","title":{"rendered":"Wojsko po\u0142\u0105czy na \u015bwi\u0119ta"},"content":{"rendered":"\n<p><strong>\u017bo\u0142nierze Wojska Polskiego w okresie przed\u015bwi\u0105tecznym, od 21 do 24 grudnia br. zorganizuj\u0105 wideo po\u0142\u0105czenia pomi\u0119dzy osobami starszymi przebywaj\u0105cymi w szpitalach i plac\u00f3wkach opieku\u0144czych oraz kombatantami, a ich rodzinami i bliskimi. \u017bo\u0142nierze 6 Mazowieckiej Brygady Obrony Terytorialnej zaanga\u017cuj\u0105 si\u0119 w dzia\u0142ania na terenie swojego sta\u0142ego rejonu odpowiedzialno\u015bci, czyli po\u0142udniowej cz\u0119\u015bci Mazowsza.<\/strong><\/p>\n\n\n\n<p>Projekt \u201e\u0141\u0105czymy na \u015bwi\u0119ta\u201d odpowiada na potrzeby senior\u00f3w, kt\u00f3rzy z powodu choroby lub izolacji maj\u0105 ograniczony kontakt z rodzin\u0105 i bliskimi. Wsparciem wojska w ramach tego projektu zostan\u0105 obj\u0119te osoby starsze, kt\u00f3re przebywaj\u0105 w szpitalach, w tym na oddzia\u0142ach covidowych i onkologicznych oraz w Domach Pomocy Spo\u0142ecznej, a tak\u017ce kombatanci. Dzi\u0119ki wsparciu \u017co\u0142nierzy b\u0119d\u0105 oni mogli spotka\u0107 si\u0119 z najbli\u017cszymi poprzez wideo po\u0142\u0105czenia.<\/p>\n\n\n\n<p class=\"has-text-align-center\"><strong>Kontakt z rodzin\u0105 wzmacnia<\/strong><\/p>\n\n\n\n<p>Oferta wsparcia jest skierowana bezpo\u015brednio do senior\u00f3w, ale te\u017c szpitali, w tym tych z oddzia\u0142ami covidowymi oraz onkologicznych i plac\u00f3wek opieku\u0144czych. \u017bo\u0142nierze WOT w najbli\u017cszych dniach b\u0119d\u0105 si\u0119 kontaktowa\u0107 z tymi plac\u00f3wkami w celu ustalenia ich potrzeb. Wsparcie w ramach akcji \u201e\u0141\u0105czymy na \u015bwi\u0119ta\u201d mo\u017cna te\u017c zam\u00f3wi\u0107 osobi\u015bcie poprzez kontakt z numer infolinii: 800-100-115 lub przes\u0142anie wiadomo\u015bci na adres: <a href=\"mailto:pomocwot@mon.gov.pl\"><u>pomocwot@mon.gov.pl<\/u><\/a>.<\/p>\n\n\n\n<p>Dzia\u0142ania przeciwepiedemiczne wi\u0105\u017c\u0105 si\u0119 z konieczno\u015bci\u0105 \u015bcis\u0142ej izolacji cz\u0119\u015bci najci\u0119\u017cej chorych oraz os\u00f3b szczeg\u00f3lnie nara\u017conych na zaka\u017cenie. Wiele z tych os\u00f3b to osoby starsze, kt\u00f3re nie dysponuj\u0105 kompetencjami i wyposa\u017ceniem umo\u017cliwiaj\u0105cym nawi\u0105zanie i utrzymanie kontaktu z rodzin\u0105. Taki kontakt jest szczeg\u00f3lnie po\u017c\u0105dany, gdy\u017c wzmacnia wol\u0119 walki z chorob\u0105. Zapobiega poczuciu osamotnienia i wzmacnia psychicznie szczeg\u00f3lnie w czasie \u015awi\u0105t Bo\u017cego Narodzenia, kt\u00f3re w naszej tradycji maj\u0105 szczeg\u00f3lnie rodzinny charakter.<\/p>\n\n\n\n<p>Nikt nie rozumie tego lepiej ni\u017c \u017co\u0142nierze \u2013 weterani, kt\u00f3rzy wiele takich \u015bwi\u0105t sp\u0119dzili z dala od swoich rodzin. St\u0105d pomys\u0142 uruchomienia akcji \u201e\u0141\u0105czymy na \u015bwi\u0119ta\u201d. To kolejna aktywno\u015b\u0107 wojska w ramach operacji \u201eTrwa\u0142a Odporno\u015b\u0107\u201d, kt\u00f3rej celem jest ograniczanie skutk\u00f3w transmisji koronwirusa i wsparcie walki pa\u0144stwa.<\/p>\n\n\n\n<p class=\"has-text-align-center\"><strong>\u201e\u017baden cz\u0142owiek nie jest samotn\u0105 wysp\u0105\u201d<\/strong><\/p>\n\n\n\n<p>Samotno\u015b\u0107 jest do\u015bwiadczeniem uniwersalnym. Wi\u0119kszo\u015b\u0107 ludzi na kt\u00f3rym\u015b etapie swojego \u017cycia do\u015bwiadcza samotno\u015bci \u2013 czasami r\u00f3wnie\u017c z wyboru. Dla niekt\u00f3rych, samotno\u015b\u0107 to stan przej\u015bciowy \u2013 spowodowany szczeg\u00f3lnymi okoliczno\u015bciami. Dla innych staje si\u0119 czym\u015b, co na sta\u0142e definiuje ich \u017cycie.<\/p>\n\n\n\n<p>Aktualna sytuacja, zwi\u0105zana z pandemi\u0105 koronowirusa, do\u015bwiadcza wielu ludzi. Zmusza, zw\u0142aszcza osoby nara\u017cone na zachorowanie, osoby ci\u0119\u017cko chore, nierzadko osoby starsze, do \u015bcis\u0142ej izolacji.<\/p>\n\n\n\n<p>Gdy osoby te odizolowane s\u0105 od rodziny, czy to ze wzgl\u0119du na pobyt w szpitalu, czy te\u017c po prostu \u201ezamkni\u0119te\u201d s\u0105 we w\u0142asnym domu czy miejscu, kt\u00f3ry jest substytutem rodzinnego domu, samotno\u015b\u0107 doskwiera im szczeg\u00f3lnie dotkliwie. Jeszcze bardziej dotkliwie odczuwaj\u0105 samotno\u015b\u0107 osoby, kt\u00f3re czas jaki\u015b temu utraci\u0142y rodziny, oraz te kt\u00f3re po utracie rodziny podupad\u0142y na zdrowiu oraz takie, kt\u00f3re w tej ci\u0119\u017ckiej sytuacji maj\u0105 trudno\u015bci w nawi\u0105zaniu nowych relacji.<\/p>\n\n\n\n<p class=\"has-text-align-center\"><strong>Nikt nie powinien by\u0107 sam<\/strong><\/p>\n\n\n\n<p>Zbli\u017caj\u0105ce si\u0119 \u015awi\u0119ta Bo\u017cego Narodzenia, i przekonanie, \u017ce to czas na bycie razem z bliskimi, mo\u017ce dodatkowo nasili\u0107 poczucie osamotnienia. I nie ma tu znaczenia, czy kto\u015b pozostaje sam \u2013 ze wzgl\u0119du na izolacj\u0119, czy jest samotny z powodu utraty rodziny, czy nieumiej\u0119tno\u015bci nawi\u0105zywania nowych relacji.<\/p>\n\n\n\n<p>Tradycja \u015awi\u0105t Bo\u017cego Narodzenia i \u0142adunek emocjonalny z nim niesiony sprawia, \u017ce nikt nie chce w tym czasie zosta\u0107 tyko z w\u0142asnym odbiciem w lustrze i poczuciem pustki.<\/p>\n\n\n\n<p>Potrzebujemy obecno\u015bci innych ludzi wok\u00f3\u0142 siebie, \u017ceby czu\u0107 si\u0119 szcz\u0119\u015bliwi. Tak po prostu jest. To wiedz\u0105 i rozumiej\u0105 \u017co\u0142nierze Wojsk Obrony Terytorialnej \u2013 i w tym duchu dzia\u0142aj\u0105.<\/p>\n\n\n\n<p class=\"has-text-align-right\"><strong>P\u0142k Marek Pietrzak<\/strong><\/p>\n\n\n\n<p class=\"has-text-align-right\"><em><strong>Rzecznik prasowy WOT<\/strong><\/em><\/p>\n","protected":false},"excerpt":{"rendered":"<p>\u017bo\u0142nierze Wojska Polskiego w okresie przed\u015bwi\u0105tecznym, od 21 do 24 grudnia br. zorganizuj\u0105 wideo po\u0142\u0105czenia pomi\u0119dzy osobami starszymi przebywaj\u0105cymi w szpitalach i plac\u00f3wkach opieku\u0144czych oraz kombatantami, a ich rodzinami i bliskimi. \u017bo\u0142nierze 6 Mazowieckiej Brygady Obrony Terytorialnej zaanga\u017cuj\u0105 si\u0119 w dzia\u0142ania na terenie swojego sta\u0142ego rejonu odpowiedzialno\u015bci, czyli po\u0142udniowej cz\u0119\u015bci Mazowsza. Projekt \u201e\u0141\u0105czymy na \u015bwi\u0119ta\u201d [&hellip;]<\/p>\n","protected":false},"author":2,"featured_media":3997,"comment_status":"closed","ping_status":"open","sticky":false,"template":"","format":"standard","meta":{"footnotes":""},"categories":[8],"tags":[],"class_list":["post-3995","post","type-post","status-publish","format-standard","has-post-thumbnail","hentry","category-roznosci"],"_links":{"self":[{"href":"https:\/\/fleschmazowsza.com.pl\/index.php?rest_route=\/wp\/v2\/posts\/3995","targetHints":{"allow":["GET"]}}],"collection":[{"href":"https:\/\/fleschmazowsza.com.pl\/index.php?rest_route=\/wp\/v2\/posts"}],"about":[{"href":"https:\/\/fleschmazowsza.com.pl\/index.php?rest_route=\/wp\/v2\/types\/post"}],"author":[{"embeddable":true,"href":"https:\/\/fleschmazowsza.com.pl\/index.php?rest_route=\/wp\/v2\/users\/2"}],"replies":[{"embeddable":true,"href":"https:\/\/fleschmazowsza.com.pl\/index.php?rest_route=%2Fwp%2Fv2%2Fcomments&post=3995"}],"version-history":[{"count":1,"href":"https:\/\/fleschmazowsza.com.pl\/index.php?rest_route=\/wp\/v2\/posts\/3995\/revisions"}],"predecessor-version":[{"id":3998,"href":"https:\/\/fleschmazowsza.com.pl\/index.php?rest_route=\/wp\/v2\/posts\/3995\/revisions\/3998"}],"wp:featuredmedia":[{"embeddable":true,"href":"https:\/\/fleschmazowsza.com.pl\/index.php?rest_route=\/wp\/v2\/media\/3997"}],"wp:attachment":[{"href":"https:\/\/fleschmazowsza.com.pl\/index.php?rest_route=%2Fwp%2Fv2%2Fmedia&parent=3995"}],"wp:term":[{"taxonomy":"category","embeddable":true,"href":"https:\/\/fleschmazowsza.com.pl\/index.php?rest_route=%2Fwp%2Fv2%2Fcategories&post=3995"},{"taxonomy":"post_tag","embeddable":true,"href":"https:\/\/fleschmazowsza.com.pl\/index.php?rest_route=%2Fwp%2Fv2%2Ftags&post=3995"}],"curies":[{"name":"wp","href":"https:\/\/api.w.org\/{rel}","templated":true}]}}