{"id":3984,"date":"2020-12-04T12:25:46","date_gmt":"2020-12-04T11:25:46","guid":{"rendered":"http:\/\/fleschmazowsza.com.pl\/?p=3984"},"modified":"2020-12-04T12:25:47","modified_gmt":"2020-12-04T11:25:47","slug":"inwestycje-remont-palacu-rusza-ponownie","status":"publish","type":"post","link":"https:\/\/fleschmazowsza.com.pl\/?p=3984","title":{"rendered":"INWESTYCJE. Remont pa\u0142acu rusza ponownie"},"content":{"rendered":"\n<p><strong>Wszystko wskazuje na to, \u017ce uda si\u0119 zako\u0144czy\u0107 remont zabytkowego pa\u0142acu w parku w Brwinowie. Gmina Brwin\u00f3w podpisa\u0142a umow\u0119 z nowym wykonawc\u0105, kt\u00f3ry ma zako\u0144czy\u0107 prace w drugiej po\u0142owie przysz\u0142ego roku.<\/strong><\/p>\n\n\n\n<p>Remontem pa\u0142acu ma si\u0119 zaj\u0105\u0107 firma AMAT Zbigniew Hordyj z Warszawy. Firma zako\u0144czy\u0142a niedawno du\u017c\u0105 inwestycj\u0119 na terenie gminy \u2013 remont zabytkowego pa\u0142acu, historycznej siedziby <em>Pa\u0144stwowego Zespo\u0142u Ludowego Pie\u015bni i Ta\u0144ca <\/em>\u201e<em>Mazowsze<\/em>\u201d w Otr\u0119busach, w kt\u00f3rym wkr\u00f3tce ma zosta\u0107 utworzone Centrum Folkloru Polskiego. Umowa z nowym wykonawc\u0105 zosta\u0142a podpisana 19 pa\u017adziernika 2020 r., a prace maj\u0105 rozpocz\u0105\u0107 si\u0119 ju\u017c pod koniec tego miesi\u0105ca.<\/p>\n\n\n\n<p class=\"has-text-align-center\"><strong>Zakres prac<\/strong><\/p>\n\n\n\n<p>Cz\u0119\u015b\u0107 rob\u00f3t zosta\u0142a ju\u017c wykonana, m.in. osuszenie i izolacja fundament\u00f3w, naprawa elewacji, prace zwi\u0105zane z odbudow\u0105 wykusza od strony zachodniej oraz przywr\u00f3ceniem pierwotnego, przedwojennego wygl\u0105du budynku od strony po\u0142udniowej, wzmocnienie strop\u00f3w, odtworzenie konstrukcji schod\u00f3w reprezentacyjnych \u0142\u0105cz\u0105cych parter i pi\u0119tro budynku, budowa szyb\u00f3w wentylacyjnych i szybu windy, nowa konstrukcja dachu oraz wymiana cz\u0119\u015bci drewnianych okien.<\/p>\n\n\n\n<p>W zakresie prac konstrukcyjnych do realizacji pozosta\u0142y elementy zewn\u0119trzne: odtworzenie wykusza, tarasu i portyku. Do wykonania s\u0105 praktycznie wszystkie prace wewn\u0105trz budynku (posadzki, tynki, malowanie) oraz doko\u0144czenie prac instalacyjnych. Zagospodarowany zostanie teren przy pa\u0142acu. Powstanie droga po\u017carowa, doj\u015bcie do budynku, \u015bcie\u017cki, miejsca parkingowe, monitoring i wszystkie potrzebne przy\u0142\u0105cza.<\/p>\n\n\n\n<p class=\"has-text-align-center\"><strong>Problemy z wykonawcami<\/strong><\/p>\n\n\n\n<p>Do tej pory gmina Brwin\u00f3w nie mia\u0142a szcz\u0119\u015bcia do wykonawc\u00f3w inwestycji. Dwukrotnie odst\u0119powano od umowy z wykonawcami, kt\u00f3rzy podejmowali si\u0119 zadania realizacji remontu pa\u0142acu Wierusz-Kowalskich, w kt\u00f3rym siedzib\u0119 znajdzie Gminny O\u015brodek Kultury.<\/p>\n\n\n\n<p>Z pierwszym wykonawc\u0105 \u0336 konsorcjum dw\u00f3ch sp\u00f3\u0142ek akcyjnych, \u0336 kt\u00f3re mia\u0142o zako\u0144czy\u0107 prace jeszcze w 2018 r. zerwano umow\u0119 po kilku miesi\u0105cach wsp\u00f3\u0142pracy. Wykonawca zacz\u0105\u0142 domaga\u0107 si\u0119 wy\u017cszej stawki ni\u017c zaoferowana w przetargu za realizacj\u0119 ustalonych w umowie zada\u0144 oraz przerwa\u0142 prac\u0119 na okres ok. 3 miesi\u0119cy.<\/p>\n\n\n\n<p>Kolejny przetarg wygra\u0142a sp\u00f3\u0142ka z Lublina, ale i tym razem pomimo monit\u00f3w ze strony Urz\u0119du Gminy Brwin\u00f3w tempo prowadzonych rob\u00f3t nie by\u0142o satysfakcjonuj\u0105ce i pojawi\u0142y si\u0119 obawy o mo\u017cliwo\u015b\u0107 dotrzymania termin\u00f3w. Bezpo\u015brednim powodem wypowiedzenia umowy by\u0142o z\u0142amanie przez wykonawc\u0119 warunk\u00f3w umowy i przepis\u00f3w prawa zam\u00f3wie\u0144 publicznych.<\/p>\n\n\n\n<p class=\"has-text-align-center\"><strong>Zachowana dotacja<\/strong><\/p>\n\n\n\n<p>Budynek zrewaloryzowanego pa\u0142acu z jednej strony ma sta\u0107 si\u0119 nowoczesnym i funkcjonalnym o\u015brodkiem kultury, z drugiej strony jednak nie mniej wa\u017cne jest zachowanie substancji zabytkowej. Prowadzone prace pozwalaj\u0105 na odkrycie pierwotnych za\u0142o\u017ce\u0144 architektonicznych. Nad wszystkim czuwa Mazowiecki Wojew\u00f3dzki Konserwator Zabytk\u00f3w, z kt\u00f3rym uzgadniane s\u0105 wszystkie etapy prac.<\/p>\n\n\n\n<p>Gmina nie utraci\u0142a dotacji w wysoko\u015bci ok. 3 mln z\u0142 uzyskanej na rewitalizacj\u0119 pa\u0142acu. Urz\u0105d Marsza\u0142kowski Wojew\u00f3dztwa Mazowieckiego, kt\u00f3ry udzieli\u0142 unijnego wsparcia z Regionalnego Programu Operacyjnego WM 2014\u20132020, wyrazi\u0142 zgod\u0119 na przed\u0142u\u017cenie terminu realizacji po przedstawieniu przez gmin\u0119 zaktualizowanego harmonogramu rob\u00f3t.<\/p>\n\n\n\n<p class=\"has-text-align-right\">Tekst i foto: <em><strong>U<\/strong><\/em>.<em><strong>G<\/strong><\/em>. <em><strong>Brwin\u00f3w<\/strong><\/em><\/p>\n","protected":false},"excerpt":{"rendered":"<p>Wszystko wskazuje na to, \u017ce uda si\u0119 zako\u0144czy\u0107 remont zabytkowego pa\u0142acu w parku w Brwinowie. Gmina Brwin\u00f3w podpisa\u0142a umow\u0119 z nowym wykonawc\u0105, kt\u00f3ry ma zako\u0144czy\u0107 prace w drugiej po\u0142owie przysz\u0142ego roku. Remontem pa\u0142acu ma si\u0119 zaj\u0105\u0107 firma AMAT Zbigniew Hordyj z Warszawy. Firma zako\u0144czy\u0142a niedawno du\u017c\u0105 inwestycj\u0119 na terenie gminy \u2013 remont zabytkowego pa\u0142acu, historycznej [&hellip;]<\/p>\n","protected":false},"author":2,"featured_media":3985,"comment_status":"closed","ping_status":"open","sticky":false,"template":"","format":"standard","meta":{"footnotes":""},"categories":[5],"tags":[],"class_list":["post-3984","post","type-post","status-publish","format-standard","has-post-thumbnail","hentry","category-wiadomosci"],"_links":{"self":[{"href":"https:\/\/fleschmazowsza.com.pl\/index.php?rest_route=\/wp\/v2\/posts\/3984","targetHints":{"allow":["GET"]}}],"collection":[{"href":"https:\/\/fleschmazowsza.com.pl\/index.php?rest_route=\/wp\/v2\/posts"}],"about":[{"href":"https:\/\/fleschmazowsza.com.pl\/index.php?rest_route=\/wp\/v2\/types\/post"}],"author":[{"embeddable":true,"href":"https:\/\/fleschmazowsza.com.pl\/index.php?rest_route=\/wp\/v2\/users\/2"}],"replies":[{"embeddable":true,"href":"https:\/\/fleschmazowsza.com.pl\/index.php?rest_route=%2Fwp%2Fv2%2Fcomments&post=3984"}],"version-history":[{"count":1,"href":"https:\/\/fleschmazowsza.com.pl\/index.php?rest_route=\/wp\/v2\/posts\/3984\/revisions"}],"predecessor-version":[{"id":3986,"href":"https:\/\/fleschmazowsza.com.pl\/index.php?rest_route=\/wp\/v2\/posts\/3984\/revisions\/3986"}],"wp:featuredmedia":[{"embeddable":true,"href":"https:\/\/fleschmazowsza.com.pl\/index.php?rest_route=\/wp\/v2\/media\/3985"}],"wp:attachment":[{"href":"https:\/\/fleschmazowsza.com.pl\/index.php?rest_route=%2Fwp%2Fv2%2Fmedia&parent=3984"}],"wp:term":[{"taxonomy":"category","embeddable":true,"href":"https:\/\/fleschmazowsza.com.pl\/index.php?rest_route=%2Fwp%2Fv2%2Fcategories&post=3984"},{"taxonomy":"post_tag","embeddable":true,"href":"https:\/\/fleschmazowsza.com.pl\/index.php?rest_route=%2Fwp%2Fv2%2Ftags&post=3984"}],"curies":[{"name":"wp","href":"https:\/\/api.w.org\/{rel}","templated":true}]}}