{"id":3954,"date":"2020-11-20T13:05:50","date_gmt":"2020-11-20T12:05:50","guid":{"rendered":"http:\/\/fleschmazowsza.com.pl\/?p=3954"},"modified":"2020-11-20T13:05:51","modified_gmt":"2020-11-20T12:05:51","slug":"sezon-na-smog-coraz-blizej-co-robic-by-oddychac-czystszym-powietrzem","status":"publish","type":"post","link":"https:\/\/fleschmazowsza.com.pl\/?p=3954","title":{"rendered":"Sezon na smog coraz bli\u017cej. Co robi\u0107, by oddycha\u0107 czystszym powietrzem?"},"content":{"rendered":"\n<p><strong>Okres jesienno-zimowy to czas, kiedy mog\u0105 nasila\u0107 si\u0119 problemy zwi\u0105zane z uk\u0142adem oddechowym. Sytuacji nie poprawia niska jako\u015b\u0107 powietrza, kt\u00f3rej przyczyn\u0105 w znacznej mierze jest u\u017cytkowanie niewydajnych urz\u0105dze\u0144 grzewczych. Ograniczenie ich liczby przyczyni si\u0119 do poprawy zdrowia nas wszystkich.<\/strong><\/p>\n\n\n\n<p>Spadaj\u0105ca z tygodnia na tydzie\u0144 temperatura powietrza sprawia, \u017ce instalacje grzewcze wykorzystywane s\u0105 w coraz wi\u0119kszym stopniu. W Polsce nadal wiele \u017ar\u00f3de\u0142 ciep\u0142a, m.in. tych funkcjonuj\u0105cych w domach jednorodzinnych, to tzw. \u201ekopciuchy\u201d. S\u0105 to bezklasowe kot\u0142y zasilane paliwem sta\u0142ym. Polski Alarm Smogowy szacuje, \u017ce jeszcze pod koniec 2019 r. w naszym kraju pracowa\u0142o ich ok. 3 milion\u00f3w.<\/p>\n\n\n\n<p>\u2013Wyst\u0119puj\u0105ce w sezonie grzewczym zanieczyszczenie powietrza stanowi du\u017ce zagro\u017cenie dla zdrowia. To w\u0142a\u015bnie nieefektywne \u017ar\u00f3d\u0142a ciep\u0142a w najwi\u0119kszym stopniu odpowiadaj\u0105 za powstawanie smogu w miesi\u0105cach zimowych. Dlatego tak wa\u017cne jest przeciwdzia\u0142anie problemowi i d\u0105\u017cenie do wymiany \u201ekopciuch\u00f3w\u201d \u2013 podkre\u015bla Anna \u017by\u0142a, ekspert ds. kszta\u0142towania kierunk\u00f3w ekologicznych Banku Ochrony \u015arodowiska.<\/p>\n\n\n\n<p>Potrzeb\u0119 takiej transformacji potwierdzaj\u0105 r\u00f3wnie\u017c badacze z Towarzystwa Maxa Plancka, jednej z najbardziej presti\u017cowych organizacji prowadz\u0105cych dzia\u0142alno\u015b\u0107 badawczo-rozwojow\u0105 na \u015bwiecie. Zauwa\u017caj\u0105 oni, \u017ce globalny spadek oczekiwanej \u015bredniej d\u0142ugo\u015bci \u017cycia z powodu zanieczyszczenia powietrza jest wy\u017cszy ni\u017c w przypadku chor\u00f3b zaka\u017anych czy palenia tytoniu. Naukowcy szacuj\u0105, \u017ce przeci\u0119tny cz\u0142owiek \u017cy\u0142by o rok d\u0142u\u017cej, je\u017celi wyeliminowane zosta\u0142yby emisje szkodliwych substancji, wynikaj\u0105ce ze stosowania paliw kopalnych.<\/p>\n\n\n\n<p class=\"has-text-align-center\"><strong>Zielona alternatywa<\/strong><\/p>\n\n\n\n<p>Coraz wi\u0119ksz\u0105 popularno\u015bci\u0105 ciesz\u0105 si\u0119 ekologiczne i efektywne rozwi\u0105zania. Jednym z nich jest wyposa\u017cenie domu w panele fotowoltaiczne b\u0105d\u017a kolektory s\u0142oneczne. Tego rodzaju instalacje sprawdz\u0105 si\u0119 w ka\u017cdym regionie Polski, o ile dost\u0119pna jest przestrze\u0144 do monta\u017cu np. na dachu budynku.<\/p>\n\n\n\n<p>\u2013Wykorzystuj\u0105c fotowoltaik\u0119 przede wszystkim zyskujemy mo\u017cliwo\u015b\u0107 pozyskiwania energii elektrycznej, kt\u00f3ra wraz z zastosowaniem pompy ciep\u0142a lub grzejnik\u00f3w zasilanych pr\u0105dem b\u0119dzie zast\u0119powa\u0107 tradycyjny system ogrzewania. Decyduj\u0105c si\u0119 na kolektory s\u0142oneczne, zyskujemy mo\u017cliwo\u015b\u0107 podgrzewania wody i wspomagania instalacji c.o., ograniczaj\u0105c w ten spos\u00f3b konieczno\u015b\u0107 korzystania z nieekologicznych \u017ar\u00f3de\u0142 ciep\u0142a \u2013 wskazuje Anna \u017by\u0142a.<\/p>\n\n\n\n<p class=\"has-text-align-center\"><strong>Wzrost o 55%<\/strong><\/p>\n\n\n\n<p>Warto zauwa\u017cy\u0107, \u017ce w panele fotowoltaiczne lub kolektory s\u0142oneczne mo\u017cna wyposa\u017cy\u0107 dom o ka\u017cdej porze roku, co tylko zwi\u0119ksza ich popularno\u015b\u0107. Jak wynika z danych Polskich Sieci Elektroenergetycznych, w okresie od 1 listopada 2019 r. do 1 kwietnia 2020 r. moc zainstalowana fotowoltaiki wzros\u0142a z 1098,9 MW do 1695,35 MW, czyli o prawie 55 proc. Koszt niewielkiej instalacji (3kW) to ok. 15&nbsp; 000 z\u0142. Wysoko\u015b\u0107 koniecznych nak\u0142ad\u00f3w finansowych dla planowanej inwestycji w prosty i szybki spos\u00f3b mo\u017cna sprawdzi\u0107 np. za pomoc\u0105 udost\u0119pnionego przez BO\u015a <a href=\"https:\/\/kalkulatorpv.bosbank.pl\/\"><u>kalkulatora PV<\/u><\/a>.<\/p>\n\n\n\n<p>Du\u017cym zainteresowaniem Polak\u00f3w ciesz\u0105 si\u0119 r\u00f3wnie\u017c kolektory s\u0142oneczne. Tylko w 2019 r. w naszym kraju zainstalowano urz\u0105dzenia o \u0142\u0105cznej powierzchni 263 000 m2. Lepszym rezultatem w Europie mog\u0105 pochwali\u0107 si\u0119 jedynie Niemcy. Kompletna instalacja wraz z monta\u017cem, dla 3-4 osobowej rodziny, to koszt ok. 10&nbsp; 000 z\u0142otych w przypadku wyboru kolektor\u00f3w p\u0142askich. Nieco wi\u0119ksze nak\u0142ady b\u0119d\u0105 potrzebne, gdy zdecydujemy si\u0119 na mniej popularne kolektory pr\u00f3\u017cniowe, kt\u00f3re jednak lepiej sprawdz\u0105 si\u0119 podczas miesi\u0119cy zimowych.<\/p>\n\n\n\n<p class=\"has-text-align-center\"><strong>Wymiana \u017ar\u00f3d\u0142a ciep\u0142a<\/strong><\/p>\n\n\n\n<p>Jesieni\u0105 b\u0105d\u017a zim\u0105, ze wzgl\u0119du na niskie temperatury i konieczno\u015b\u0107 u\u017cytkowania posiadanej instalacji grzewczej, wymiana samego \u017ar\u00f3d\u0142a ciep\u0142a mo\u017ce by\u0107 trudna do przeprowadzenia. Warto jednak ju\u017c teraz przygotowa\u0107 si\u0119 na wymian\u0119 \u201ekopciucha\u201d wiosn\u0105 lub latem, by w pe\u0142ni ograniczy\u0107 szkodliw\u0105 emisj\u0119.<\/p>\n\n\n\n<p>Jedn\u0105 z mo\u017cliwo\u015bci jest skorzystanie z dotacji oferowanych w ramach programu \u201eCzyste powietrze\u201d. Dzi\u0119ki niemu mo\u017cna nie tylko wymieni\u0107 nieefektywny i nieekologiczny piec, ale tak\u017ce zainwestowa\u0107 w fotowoltaik\u0119 b\u0105d\u017a kolektory s\u0142oneczne czy przeprowadzi\u0107 dzia\u0142ania termomodernizacyjne, takie jak ocieplenie budynku. W latach 2018-2029 na ten cel maj\u0105 zosta\u0107 przeznaczone \u0142\u0105cznie 103 mld z\u0142otych, a warto\u015b\u0107 pojedynczego dofinansowania, po spe\u0142nieniu okre\u015blonych warunk\u00f3w, mo\u017ce wynie\u015b\u0107 nawet 37 tysi\u0119cy z\u0142otych.<\/p>\n\n\n\n<p class=\"has-text-align-right\"><strong>CE Communication<\/strong>, Fot. <em><strong>Pixabay<\/strong><\/em><\/p>\n","protected":false},"excerpt":{"rendered":"<p>Okres jesienno-zimowy to czas, kiedy mog\u0105 nasila\u0107 si\u0119 problemy zwi\u0105zane z uk\u0142adem oddechowym. Sytuacji nie poprawia niska jako\u015b\u0107 powietrza, kt\u00f3rej przyczyn\u0105 w znacznej mierze jest u\u017cytkowanie niewydajnych urz\u0105dze\u0144 grzewczych. Ograniczenie ich liczby przyczyni si\u0119 do poprawy zdrowia nas wszystkich. Spadaj\u0105ca z tygodnia na tydzie\u0144 temperatura powietrza sprawia, \u017ce instalacje grzewcze wykorzystywane s\u0105 w coraz wi\u0119kszym [&hellip;]<\/p>\n","protected":false},"author":2,"featured_media":3955,"comment_status":"closed","ping_status":"open","sticky":false,"template":"","format":"standard","meta":{"footnotes":""},"categories":[8],"tags":[],"class_list":["post-3954","post","type-post","status-publish","format-standard","has-post-thumbnail","hentry","category-roznosci"],"_links":{"self":[{"href":"https:\/\/fleschmazowsza.com.pl\/index.php?rest_route=\/wp\/v2\/posts\/3954","targetHints":{"allow":["GET"]}}],"collection":[{"href":"https:\/\/fleschmazowsza.com.pl\/index.php?rest_route=\/wp\/v2\/posts"}],"about":[{"href":"https:\/\/fleschmazowsza.com.pl\/index.php?rest_route=\/wp\/v2\/types\/post"}],"author":[{"embeddable":true,"href":"https:\/\/fleschmazowsza.com.pl\/index.php?rest_route=\/wp\/v2\/users\/2"}],"replies":[{"embeddable":true,"href":"https:\/\/fleschmazowsza.com.pl\/index.php?rest_route=%2Fwp%2Fv2%2Fcomments&post=3954"}],"version-history":[{"count":1,"href":"https:\/\/fleschmazowsza.com.pl\/index.php?rest_route=\/wp\/v2\/posts\/3954\/revisions"}],"predecessor-version":[{"id":3956,"href":"https:\/\/fleschmazowsza.com.pl\/index.php?rest_route=\/wp\/v2\/posts\/3954\/revisions\/3956"}],"wp:featuredmedia":[{"embeddable":true,"href":"https:\/\/fleschmazowsza.com.pl\/index.php?rest_route=\/wp\/v2\/media\/3955"}],"wp:attachment":[{"href":"https:\/\/fleschmazowsza.com.pl\/index.php?rest_route=%2Fwp%2Fv2%2Fmedia&parent=3954"}],"wp:term":[{"taxonomy":"category","embeddable":true,"href":"https:\/\/fleschmazowsza.com.pl\/index.php?rest_route=%2Fwp%2Fv2%2Fcategories&post=3954"},{"taxonomy":"post_tag","embeddable":true,"href":"https:\/\/fleschmazowsza.com.pl\/index.php?rest_route=%2Fwp%2Fv2%2Ftags&post=3954"}],"curies":[{"name":"wp","href":"https:\/\/api.w.org\/{rel}","templated":true}]}}