{"id":3947,"date":"2020-11-20T12:37:38","date_gmt":"2020-11-20T11:37:38","guid":{"rendered":"http:\/\/fleschmazowsza.com.pl\/?p=3947"},"modified":"2020-11-20T12:37:38","modified_gmt":"2020-11-20T11:37:38","slug":"willa-waleria-spelnienie-marzen-o-miejscu-na-kulture","status":"publish","type":"post","link":"https:\/\/fleschmazowsza.com.pl\/?p=3947","title":{"rendered":"Willa \u201eWaleria\u201d \u2013 spe\u0142nienie marze\u0144 o miejscu na kultur\u0119"},"content":{"rendered":"\n<p><strong>Milan\u00f3wek obieg\u0142a radosna wie\u015b\u0107, na kt\u00f3r\u0105 mieszka\u0144cy czekali od lat. Zabytkowa willa \u201eWaleria\u201d doczeka si\u0119 wreszcie rewitalizacji. Gmina Milan\u00f3wek pozyska\u0142a na ten cel niebagatelne dofinansowanie \u2013 ponad 8 mln z\u0142 \u2013 od Ministerstwa Kultury i Dziedzictwa Narodowego w ramach programu Ochrona Zabytk\u00f3w. Powstanie \u201einterdyscyplinarne miejsce edukacji kulturalnej\u201d z prawdziwego zdarzenia, o jakie zabiega\u0142o wytrwale Milanowskie Centrum Kultury.<\/strong><\/p>\n\n\n\n<p>Jest wi\u0119c okazja, aby przypomnie\u0107 histori\u0119 willi \u201eWaleria\u201d, jak wiele innych w Milan\u00f3wku wpisanej do rejestru zabytk\u00f3w. Zlokalizowana jest w pi\u0119knym i presti\u017cowym rejonie parkowym, u zbiegu ulic: Spacerowej i Zygmunta Krasi\u0144skiego. Ju\u017c sama droga do niej to czysta przyjemno\u015b\u0107, w\u015br\u00f3d starodrzewu i ogrod\u00f3w.<\/p>\n\n\n\n<p class=\"has-text-align-center\"><strong>Dla \u017cony<\/strong><\/p>\n\n\n\n<p>Budynek \u2013 dla \u017cony Walerii \u2013 zaprojektowa\u0142 i wzni\u00f3s\u0142 w 1910 roku Rufin Morozowicz, aktor teatr\u00f3w Warszawy. Jako utalentowany i wszechstronny odtw\u00f3rca r\u00f3l charakterystycznych w dramatach, komediach i operetkach zyska\u0142 popularno\u015b\u0107, maj\u0105c trafne wyczucie gustu warszawskiej publiczno\u015bci.<\/p>\n\n\n\n<p>Z kolei sukces materialny ma\u0142\u017conkowie zawdzi\u0119czali przedsi\u0119biorczo\u015bci Walerii Morozowicz, przed zam\u0105\u017cp\u00f3j\u015bciem \u015bpiewaczki i tancerki w teatrze, a p\u00f3\u017aniej inicjatorce rodzinnego przedsi\u0119biorstwa produkcji i sprzeda\u017cy kosmetyk\u00f3w \u201ePerfection\u201d.<\/p>\n\n\n\n<p>W czasie wielkiej wojny w roku 1915 will\u0119 ma\u0142\u017conk\u00f3w cz\u0119\u015bciowo strawi\u0142 po\u017car wskutek wybuchu szrapnela. Obecny kszta\u0142t budynku zawdzi\u0119czamy wi\u0119c odbudowie z 1920 roku, ponownie wed\u0142ug projektu Rufina Morozowicza. Willa jest okaza\u0142ych rozmiar\u00f3w, o atrakcyjnej elewacji frontowej: z gankiem kolumnowym, tarasem, loggi\u0105 z filarami i imponuj\u0105cymi schodami.<\/p>\n\n\n\n<p class=\"has-text-align-center\"><strong>W r\u0119kach miasta<\/strong><\/p>\n\n\n\n<p>W roku 2007 will\u0119 zakupi\u0142o od spadkobierczyni miasto Milan\u00f3wek, wraz z mieszcz\u0105c\u0105 si\u0119 w niej prywatn\u0105 kolekcj\u0105 dzie\u0142 Jana Szczepkowskiego, zi\u0119cia Morozowicz\u00f3w, wybitnego rze\u017abiarza tworz\u0105cego w stylu bliskim Art Deco.<\/p>\n\n\n\n<p>Zanim doczekamy si\u0119 ekspozycji rze\u017ab w godnych warunkach, b\u0119dzie je mo\u017cna podziwia\u0107 w wersji wirtualnej \u2013 21 listopada 2020 roku to data otwarcia Wirtualnego Muzeum Jana Szczepkowskiego.<\/p>\n\n\n\n<p class=\"has-text-align-center\"><strong>Miejsce dla elity<\/strong><\/p>\n\n\n\n<p>W latach Morozowicz\u00f3w willa \u201eWaleria\u201d t\u0119tni\u0142a \u017cyciem i skupia\u0142a milanowsk\u0105 elit\u0119 artystyczn\u0105. Obecne plany zwi\u0105zane z u\u017cytkowaniem willi na cele kulturalno-edukacyjne s\u0105 wielorakie i zaprojektowane z rozmachem: konferencje, wyk\u0142ady i ekspozycje, wycieczki i plenery malarskie, warsztaty i koncerty, projekty e-kulturalne.<\/p>\n\n\n\n<p>Organizowane b\u0119d\u0105 szkolenia zawodowe z wy\u017cszej p\u00f3\u0142ki, np. z tworzenia architektury historycznej, warsztaty ceramiki u\u017cytkowej z wykorzystaniem piec\u00f3w zachowanych w willi, warsztaty tkanin u\u017cytkowych.<\/p>\n\n\n\n<p>Dzia\u0142ania skierowane b\u0119d\u0105 do wszystkich bez wyj\u0105tku zainteresowanych nimi milanowian: dzieci i senior\u00f3w, doros\u0142ych, student\u00f3w, os\u00f3b z niepe\u0142nosprawno\u015bci\u0105 i os\u00f3b ze \u015brodowisk wykluczonych. Formalne ramy czasowe dofinansowanego projektu to: 1 stycznia 2021 r. \u2013 31 grudnia 2023 r.<\/p>\n\n\n\n<p class=\"has-text-align-right\">Tekst i foto: <em><strong>Sylwia Pa\u0144k\u00f3w<\/strong><\/em><\/p>\n","protected":false},"excerpt":{"rendered":"<p>Milan\u00f3wek obieg\u0142a radosna wie\u015b\u0107, na kt\u00f3r\u0105 mieszka\u0144cy czekali od lat. Zabytkowa willa \u201eWaleria\u201d doczeka si\u0119 wreszcie rewitalizacji. Gmina Milan\u00f3wek pozyska\u0142a na ten cel niebagatelne dofinansowanie \u2013 ponad 8 mln z\u0142 \u2013 od Ministerstwa Kultury i Dziedzictwa Narodowego w ramach programu Ochrona Zabytk\u00f3w. Powstanie \u201einterdyscyplinarne miejsce edukacji kulturalnej\u201d z prawdziwego zdarzenia, o jakie zabiega\u0142o wytrwale Milanowskie [&hellip;]<\/p>\n","protected":false},"author":2,"featured_media":3948,"comment_status":"closed","ping_status":"open","sticky":false,"template":"","format":"standard","meta":{"footnotes":""},"categories":[6],"tags":[],"class_list":["post-3947","post","type-post","status-publish","format-standard","has-post-thumbnail","hentry","category-kultura"],"_links":{"self":[{"href":"https:\/\/fleschmazowsza.com.pl\/index.php?rest_route=\/wp\/v2\/posts\/3947","targetHints":{"allow":["GET"]}}],"collection":[{"href":"https:\/\/fleschmazowsza.com.pl\/index.php?rest_route=\/wp\/v2\/posts"}],"about":[{"href":"https:\/\/fleschmazowsza.com.pl\/index.php?rest_route=\/wp\/v2\/types\/post"}],"author":[{"embeddable":true,"href":"https:\/\/fleschmazowsza.com.pl\/index.php?rest_route=\/wp\/v2\/users\/2"}],"replies":[{"embeddable":true,"href":"https:\/\/fleschmazowsza.com.pl\/index.php?rest_route=%2Fwp%2Fv2%2Fcomments&post=3947"}],"version-history":[{"count":1,"href":"https:\/\/fleschmazowsza.com.pl\/index.php?rest_route=\/wp\/v2\/posts\/3947\/revisions"}],"predecessor-version":[{"id":3949,"href":"https:\/\/fleschmazowsza.com.pl\/index.php?rest_route=\/wp\/v2\/posts\/3947\/revisions\/3949"}],"wp:featuredmedia":[{"embeddable":true,"href":"https:\/\/fleschmazowsza.com.pl\/index.php?rest_route=\/wp\/v2\/media\/3948"}],"wp:attachment":[{"href":"https:\/\/fleschmazowsza.com.pl\/index.php?rest_route=%2Fwp%2Fv2%2Fmedia&parent=3947"}],"wp:term":[{"taxonomy":"category","embeddable":true,"href":"https:\/\/fleschmazowsza.com.pl\/index.php?rest_route=%2Fwp%2Fv2%2Fcategories&post=3947"},{"taxonomy":"post_tag","embeddable":true,"href":"https:\/\/fleschmazowsza.com.pl\/index.php?rest_route=%2Fwp%2Fv2%2Ftags&post=3947"}],"curies":[{"name":"wp","href":"https:\/\/api.w.org\/{rel}","templated":true}]}}