{"id":3941,"date":"2020-11-20T12:31:21","date_gmt":"2020-11-20T11:31:21","guid":{"rendered":"http:\/\/fleschmazowsza.com.pl\/?p=3941"},"modified":"2020-11-20T12:31:22","modified_gmt":"2020-11-20T11:31:22","slug":"gminy-regionu-wysoko-w-rankingu-rzeczpospolitej","status":"publish","type":"post","link":"https:\/\/fleschmazowsza.com.pl\/?p=3941","title":{"rendered":"Gminy regionu wysoko w rankingu Rzeczpospolitej"},"content":{"rendered":"\n<p><strong>Ranking Samorz\u0105du to cyklicznie przygotowywane przez \u201eRzeczpospolit\u0105\u201d zestawienie, w kt\u00f3rym oceniane jest dzia\u0142anie w\u0142adz na szczeblu lokalnym. Organizowany jest on od 16 lat. Tym razem gminy naszego regionu r\u00f3wnie\u017c znalaz\u0142y si\u0119 wysoko.<\/strong><\/p>\n\n\n\n<p>W rankingu uwzgl\u0119dnione s\u0105 wszystkie gminy, miasta oraz miasta na prawach powiatu. Oceniane dane oparte s\u0105 na statystykach G\u0142\u00f3wnego Urz\u0119du Statystycznego oraz Ministerstwa Finans\u00f3w. Kryteria oceny obejmuj\u0105 oko\u0142o 50 wska\u017anik\u00f3w w czterech kategoriach: trwa\u0142o\u015b\u0107 ekonomiczno-finansowa, trwa\u0142o\u015b\u0107 spo\u0142eczna, trwa\u0142o\u015b\u0107 \u015brodowiskowa oraz jako\u015b\u0107 zarz\u0105dzania urz\u0119dem (w tym zarz\u0105dzanie procesem uchwa\u0142odawczym oraz poziom wsp\u00f3\u0142pracy mi\u0119dzy samorz\u0105dami).<\/p>\n\n\n\n<p>Przewodnicz\u0105cym Kapitu\u0142y, kt\u00f3ra ustala zasady dzia\u0142ania rankingu jest prof. Jerzy Buzek \u2013 by\u0142y premier RP. W jej sk\u0142ad wchodz\u0105 tak\u017ce inni przedstawiciele organizacji samorz\u0105dowych, w\u0142adz publicznych oraz redaktorzy \u201eRzeczpospolitej\u201d.<\/p>\n\n\n\n<p>W tym roku gminy naszego regionu wypad\u0142y znakomicie. W kategorii \u201eGminy Miejskie i Miejsko-Wiejskie\u201d w pierwszej 20. znalaz\u0142y si\u0119 a\u017c cztery gminy z naszego regionu. Grodzisk Mazowiecki zaj\u0105\u0142 5. miejsce, a tu\u017c za nim uplasowa\u0142a si\u0119 Podkowa Le\u015bna. Pruszk\u00f3w sklasyfikowano na pozycji 14, a miejsce ni\u017cej zaj\u0119\u0142a gmina Brwin\u00f3w. Na 74. miejscu uplasowa\u0142 si\u0119 Piast\u00f3w, a Milan\u00f3wek zaj\u0105\u0142 437 pozycj\u0119.<\/p>\n\n\n\n<p>W kategorii \u201eGminy Wiejskie\u201d na 7. miejscu znalaz\u0142a si\u0119 gmina Micha\u0142owice. Nadarzyn zaj\u0105\u0142 21. pozycj\u0119, za\u015b 95. \u2013 \u017babia Wola. Raszyn zosta\u0142 sklasyfikowany na 103. pozycji, Jaktor\u00f3w na 183., a na odleg\u0142ym 1363. miejscu znajduje si\u0119 Baran\u00f3w.<\/p>\n\n\n\n<p class=\"has-text-align-right\"><strong>(ak)<\/strong>, Fot.: <strong><em>miasta.pl<\/em><\/strong><\/p>\n","protected":false},"excerpt":{"rendered":"<p>Ranking Samorz\u0105du to cyklicznie przygotowywane przez \u201eRzeczpospolit\u0105\u201d zestawienie, w kt\u00f3rym oceniane jest dzia\u0142anie w\u0142adz na szczeblu lokalnym. Organizowany jest on od 16 lat. Tym razem gminy naszego regionu r\u00f3wnie\u017c znalaz\u0142y si\u0119 wysoko. W rankingu uwzgl\u0119dnione s\u0105 wszystkie gminy, miasta oraz miasta na prawach powiatu. Oceniane dane oparte s\u0105 na statystykach G\u0142\u00f3wnego Urz\u0119du Statystycznego oraz Ministerstwa [&hellip;]<\/p>\n","protected":false},"author":2,"featured_media":3942,"comment_status":"closed","ping_status":"open","sticky":false,"template":"","format":"standard","meta":{"footnotes":""},"categories":[5],"tags":[],"class_list":["post-3941","post","type-post","status-publish","format-standard","has-post-thumbnail","hentry","category-wiadomosci"],"_links":{"self":[{"href":"https:\/\/fleschmazowsza.com.pl\/index.php?rest_route=\/wp\/v2\/posts\/3941","targetHints":{"allow":["GET"]}}],"collection":[{"href":"https:\/\/fleschmazowsza.com.pl\/index.php?rest_route=\/wp\/v2\/posts"}],"about":[{"href":"https:\/\/fleschmazowsza.com.pl\/index.php?rest_route=\/wp\/v2\/types\/post"}],"author":[{"embeddable":true,"href":"https:\/\/fleschmazowsza.com.pl\/index.php?rest_route=\/wp\/v2\/users\/2"}],"replies":[{"embeddable":true,"href":"https:\/\/fleschmazowsza.com.pl\/index.php?rest_route=%2Fwp%2Fv2%2Fcomments&post=3941"}],"version-history":[{"count":1,"href":"https:\/\/fleschmazowsza.com.pl\/index.php?rest_route=\/wp\/v2\/posts\/3941\/revisions"}],"predecessor-version":[{"id":3943,"href":"https:\/\/fleschmazowsza.com.pl\/index.php?rest_route=\/wp\/v2\/posts\/3941\/revisions\/3943"}],"wp:featuredmedia":[{"embeddable":true,"href":"https:\/\/fleschmazowsza.com.pl\/index.php?rest_route=\/wp\/v2\/media\/3942"}],"wp:attachment":[{"href":"https:\/\/fleschmazowsza.com.pl\/index.php?rest_route=%2Fwp%2Fv2%2Fmedia&parent=3941"}],"wp:term":[{"taxonomy":"category","embeddable":true,"href":"https:\/\/fleschmazowsza.com.pl\/index.php?rest_route=%2Fwp%2Fv2%2Fcategories&post=3941"},{"taxonomy":"post_tag","embeddable":true,"href":"https:\/\/fleschmazowsza.com.pl\/index.php?rest_route=%2Fwp%2Fv2%2Ftags&post=3941"}],"curies":[{"name":"wp","href":"https:\/\/api.w.org\/{rel}","templated":true}]}}