{"id":3938,"date":"2020-11-20T11:56:18","date_gmt":"2020-11-20T10:56:18","guid":{"rendered":"http:\/\/fleschmazowsza.com.pl\/?p=3938"},"modified":"2020-11-20T11:56:18","modified_gmt":"2020-11-20T10:56:18","slug":"dworek-chelmonskich-po-rewitalizacji","status":"publish","type":"post","link":"https:\/\/fleschmazowsza.com.pl\/?p=3938","title":{"rendered":"Dworek Che\u0142mo\u0144skich po rewitalizacji"},"content":{"rendered":"\n<p><strong>7 listopada odby\u0142o si\u0119 oficjalne otwarcie zrewitalizowanego obiektu na terenie Adamowizny \u2013 Dworku Che\u0142mo\u0144skiego. Obecna sytuacja epidemiczna uniemo\u017cliwi\u0142a huczne obchody, dlatego wszystkim zainteresowanym umo\u017cliwiono obejrzenie transmisji z uroczysto\u015bci w internecie tak aby mo\u017cna by\u0142o w niej wzi\u0105\u0107 udzia\u0142 cho\u0107by wirtualnie.<\/strong><\/p>\n\n\n\n<p>O g\u0142\u00f3wnym przeznaczeniu obiektu m\u00f3wi\u0142 burmistrz Benedykci\u0144ski:<\/p>\n\n\n\n<p>\u2013B\u0119dzie to miejsce absolutnie ekskluzywne je\u017celi chodzi o muzyk\u0119, sztuk\u0119, kultur\u0119. To tu maj\u0105 odbywa\u0107 si\u0119 ciche, na najwy\u017cszym poziomie koncerty, tu mam nadziej\u0119 zgromadzimy (dzie\u0142a \u2013 przyp. red.) najlepszych malarzy polskich. Wierz\u0119, \u017ce b\u0119dzie to miejsce, kt\u00f3re b\u0119dzie ch\u0119tnie odwiedzane, b\u0119dzie mia\u0142o swoj\u0105 dusz\u0119 artystyczn\u0105 \u2013 powiedzia\u0142 w\u0142odarz Grodziska.<\/p>\n\n\n\n<p>Pojawi\u0142y si\u0119 r\u00f3wnie\u017c liczne podzi\u0119kowania wszystkim tym, kt\u00f3rzy przys\u0142u\u017cyli si\u0119 odnowie dworku: rodzinie Che\u0142mo\u0144skich, kt\u00f3rzy przekazali w ramach sprzeda\u017cy obiekt gminie, Unii Europejskiej za dofinansowanie rewitalizacji.<\/p>\n\n\n\n<p>Obecnie, z uwagi na sytuacj\u0119 zwi\u0105zan\u0105 z epidemi\u0105 koronawirusa, otwarty jest do powszechnego u\u017cytku park, za\u015b budynek szeroko otworzy swoje podwoje gdy tylko poprawi si\u0119 sytuacja epidemiczna. Otwarcie Dworu Che\u0142mo\u0144skich u\u015bwietni\u0142 wyst\u0119p grodziszczanina Andrzeja Antolaka.<\/p>\n\n\n\n<p>Opiek\u0105 nad obiektem oraz bie\u017c\u0105cym funkcjonowaniem dworku zajm\u0105 si\u0119 pracownicy Centrum Kultury: Monika Samoraj i Kamil Szpot.<\/p>\n\n\n\n<p>\u2013Bardzo cieszymy si\u0119, \u017ce dost\u0105pimy tej przyjemno\u015bci i zaszczytu, aby merytorycznie sprawowa\u0107 opiek\u0119 nad dzia\u0142aniami w tym dworze. Ju\u017c teraz zaplanowali\u015bmy dla Pa\u0144stwa mn\u00f3stwo r\u00f3\u017cnych wydarze\u0144: warsztat\u00f3w, spotka\u0144 z artystami, mam nadziej\u0119, \u017ce w przestrzeni dworu odb\u0119dzie si\u0119 niejeden wernisa\u017c, ale r\u00f3wnie\u017c jak najbardziej my\u015blimy o wykorzystaniu przepi\u0119knego parku. Mam nadziej\u0119, \u017ce ju\u017c na wiosn\u0119 spotkamy si\u0119 tutaj w\u0142a\u015bnie na koncercie i b\u0119dziemy mogli cieszy\u0107 si\u0119 t\u0105 przestrzeni\u0105 i zieleni\u0105 oraz by\u0107 cz\u0119\u015bci\u0105 historii tego dworu \u2013 powiedzia\u0142a Monika Samoraj.<\/p>\n\n\n\n<p>G\u0142\u00f3wne efekty rewitalizacji to odbudowa dworku, dostosowanie wn\u0119trza do zwiedzania, przygotowanie \u015bcie\u017cek turystycznych i alei parkowych. Ca\u0142kowity koszt inwestycji to niemal 3 mln z\u0142.<\/p>\n\n\n\n<p class=\"has-text-align-right\"><strong>(ak)<\/strong>, Fot.: <em><strong>grodzisknews.pl<\/strong><\/em><\/p>\n","protected":false},"excerpt":{"rendered":"<p>7 listopada odby\u0142o si\u0119 oficjalne otwarcie zrewitalizowanego obiektu na terenie Adamowizny \u2013 Dworku Che\u0142mo\u0144skiego. Obecna sytuacja epidemiczna uniemo\u017cliwi\u0142a huczne obchody, dlatego wszystkim zainteresowanym umo\u017cliwiono obejrzenie transmisji z uroczysto\u015bci w internecie tak aby mo\u017cna by\u0142o w niej wzi\u0105\u0107 udzia\u0142 cho\u0107by wirtualnie. O g\u0142\u00f3wnym przeznaczeniu obiektu m\u00f3wi\u0142 burmistrz Benedykci\u0144ski: \u2013B\u0119dzie to miejsce absolutnie ekskluzywne je\u017celi chodzi o [&hellip;]<\/p>\n","protected":false},"author":2,"featured_media":3939,"comment_status":"closed","ping_status":"open","sticky":false,"template":"","format":"standard","meta":{"footnotes":""},"categories":[6],"tags":[],"class_list":["post-3938","post","type-post","status-publish","format-standard","has-post-thumbnail","hentry","category-kultura"],"_links":{"self":[{"href":"https:\/\/fleschmazowsza.com.pl\/index.php?rest_route=\/wp\/v2\/posts\/3938","targetHints":{"allow":["GET"]}}],"collection":[{"href":"https:\/\/fleschmazowsza.com.pl\/index.php?rest_route=\/wp\/v2\/posts"}],"about":[{"href":"https:\/\/fleschmazowsza.com.pl\/index.php?rest_route=\/wp\/v2\/types\/post"}],"author":[{"embeddable":true,"href":"https:\/\/fleschmazowsza.com.pl\/index.php?rest_route=\/wp\/v2\/users\/2"}],"replies":[{"embeddable":true,"href":"https:\/\/fleschmazowsza.com.pl\/index.php?rest_route=%2Fwp%2Fv2%2Fcomments&post=3938"}],"version-history":[{"count":1,"href":"https:\/\/fleschmazowsza.com.pl\/index.php?rest_route=\/wp\/v2\/posts\/3938\/revisions"}],"predecessor-version":[{"id":3940,"href":"https:\/\/fleschmazowsza.com.pl\/index.php?rest_route=\/wp\/v2\/posts\/3938\/revisions\/3940"}],"wp:featuredmedia":[{"embeddable":true,"href":"https:\/\/fleschmazowsza.com.pl\/index.php?rest_route=\/wp\/v2\/media\/3939"}],"wp:attachment":[{"href":"https:\/\/fleschmazowsza.com.pl\/index.php?rest_route=%2Fwp%2Fv2%2Fmedia&parent=3938"}],"wp:term":[{"taxonomy":"category","embeddable":true,"href":"https:\/\/fleschmazowsza.com.pl\/index.php?rest_route=%2Fwp%2Fv2%2Fcategories&post=3938"},{"taxonomy":"post_tag","embeddable":true,"href":"https:\/\/fleschmazowsza.com.pl\/index.php?rest_route=%2Fwp%2Fv2%2Ftags&post=3938"}],"curies":[{"name":"wp","href":"https:\/\/api.w.org\/{rel}","templated":true}]}}