{"id":3927,"date":"2020-11-09T13:13:23","date_gmt":"2020-11-09T12:13:23","guid":{"rendered":"http:\/\/fleschmazowsza.com.pl\/?p=3927"},"modified":"2020-11-09T13:13:24","modified_gmt":"2020-11-09T12:13:24","slug":"solidarnosc-w-czasie-pandemii","status":"publish","type":"post","link":"https:\/\/fleschmazowsza.com.pl\/?p=3927","title":{"rendered":"Solidarno\u015b\u0107 w czasie pandemii"},"content":{"rendered":"\n<p><strong>Seniorzy w okresie pandemii s\u0105 szczeg\u00f3lnie nara\u017ceni na zmieniaj\u0105ce si\u0119 warunki spo\u0142eczne. W\u0142adze centralne oraz lokalne wzywaj\u0105 i zalecaj\u0105, aby osoby starsze pozostali w domach i ograniczali wszelkiego rodzaju wyj\u015bcia, zapobiegaj\u0105c w ten spos\u00f3b rozprzestrzenianiu si\u0119 koronawirusa. Nie jest to jednak \u0142atwe dla tych, kt\u00f3rzy nie mog\u0105 liczy\u0107 na pomoc bliskich w codziennych czynno\u015bciach, takich jak zakup lek\u00f3w czy artyku\u0142\u00f3w spo\u017cywczych. W regionie ruszy\u0142o wiele akcji wspieraj\u0105cych starszych mieszka\u0144c\u00f3w.<\/strong><\/p>\n\n\n\n<p>Dziesi\u0105tki wolontariuszy, harcerzy oraz \u017co\u0142nierzy Wojsk Obrony Terytorialnej staraj\u0105 si\u0119, aby zapewni\u0107 seniorom komfort pozostania w domach. Na poziomie centralnym rz\u0105d uruchomi\u0142 program Solidarno\u015bciowego Korpusu Wsparcia Senior\u00f3w, dzi\u0119ki kt\u00f3remu pomoc osobom starszym b\u0119dzie przebiega\u0142a sprawniej i b\u0119dzie zsynchronizowana z dzia\u0142aniami rz\u0105du, samorz\u0105d\u00f3w lokalnych oraz o\u015brodk\u00f3w pomocy spo\u0142ecznej.<\/p>\n\n\n\n<p class=\"has-text-align-center\"><strong>Korpus Wsparcia Senior\u00f3w<\/strong><\/p>\n\n\n\n<p>G\u0142\u00f3wnym koordynatorem projektu jest Ministerstwo Rodziny i Polityki Spo\u0142ecznej. W ramach dzia\u0142a\u0144 podj\u0119tych na rzecz Korpusu Wsparcia Senior\u00f3w uruchomiona zosta\u0142a specjalna, bezp\u0142atna infolinia (22 505 11 11), dzi\u0119ki kt\u00f3rej b\u0119dzie mo\u017cna zg\u0142osi\u0107 potrzeb\u0119 pomocy w czynno\u015bciach wymagaj\u0105cych wyj\u015bcia z domu. Dane zg\u0142oszone przez seniora b\u0119d\u0105 przekazywane lokalnemu o\u015brodkowi pomocy spo\u0142ecznej, kt\u00f3ry zrealizuje bie\u017c\u0105ce zadanie.<\/p>\n\n\n\n<p>Jak skorzysta\u0107 ze wsparcia w ramach Korpusu Wsparcia Senior\u00f3w?<\/p>\n\n\n\n<p>1) Nale\u017cy zadzwoni\u0107 na infolini\u0119 numer telefonu: (22 505 11 11).<\/p>\n\n\n\n<p>2) Korzystanie z infolinii, a tak\u017ce udzielenie pomocy, np. zrobienie i dostarczenie zakup\u00f3w jest bezp\u0142atne.<\/p>\n\n\n\n<p>3) Senior korzystaj\u0105cy ze wsparcia w ramach Korpusu pokrywa koszty ewentualnych zakup\u00f3w. Us\u0142uga wykonania zakup\u00f3w dla seniora jest nieodp\u0142atna.<\/p>\n\n\n\n<p>4) Pomoc skierowana jest do os\u00f3b powy\u017cej 70-tego roku \u017cycia. W szczeg\u00f3lnych przypadkach wsparcie otrzymaj\u0105 te\u017c m\u0142odsi seniorzy.<\/p>\n\n\n\n<p>5) Realizacja us\u0142ugi w postaci dostarczenia zakup\u00f3w nie przys\u0142uguje jednak osobie, kt\u00f3ra korzysta z us\u0142ug opieku\u0144czych, b\u0105d\u017a specjalistycznych us\u0142ug opieku\u0144czych.<\/p>\n\n\n\n<p class=\"has-text-align-center\"><strong>Widzialna r\u0119ka pomaga<\/strong><\/p>\n\n\n\n<p>Opr\u00f3cz dzia\u0142a\u0144 o charakterze centralnym, w regionie podejmuje si\u0119 szereg inicjatyw maj\u0105cych podnie\u015b\u0107 bezpiecze\u0144stwo najstarszych. Jedn\u0105 z nich jest WIDZIALNA R\u0118KA &#8211; PRUSZK\u00d3W pomagam #koronawirus. Pomys\u0142odawczyni\u0105 jest mieszkanka Pruszkowa, Monika Redyk. Od momentu wprowadzenia na terenie kraju stanu epidemicznego, powsta\u0142a z jej inicjatywy facebookowa grupa, kt\u00f3rej celem jest pomoc osobom starszym z regionu.<\/p>\n\n\n\n<p>-Na kt\u00f3rej\u015b pruszkowskiej grupie spotka\u0142am si\u0119 z kilkoma postami odno\u015bnie ostro\u017cno\u015bci, wsparcia starszych i samotnych. Tak naprawd\u0119 to by\u0142a decyzja spontaniczna, podparta \u015bwiadomo\u015bci\u0105, i\u017c WIDZIALNA R\u0118KA to tak naprawd\u0119 akcja og\u00f3lnopolska, ale nie by\u0142a jeszcze wtedy znana w Pruszkowie. Za\u0142o\u017cenie grupy zaj\u0119\u0142o dwie minutki, a ludzie sami zacz\u0119li si\u0119 zg\u0142asza\u0107 i ofiarowa\u0107 pomoc.<\/p>\n\n\n\n<p>Dzia\u0142alno\u015b\u0107 grupy opiera si\u0119 na za\u0142atwianiu bie\u017c\u0105cych spraw: robieniu zakup\u00f3w, wyprowadzaniu zwierz\u0105t, kupowaniu lek\u00f3w, op\u0142acie rachunk\u00f3w. WIDZIALNA R\u0118KA &#8211; PRUSZK\u00d3W pomagam #koronawirus liczy w tym momencie ok. 1000 os\u00f3b zaanga\u017cowanych w pomoc.<\/p>\n\n\n\n<p>-Oczywi\u015bcie otwarcie grupy ma by\u0107 kontynuacj\u0105 og\u00f3lnopolskiej akcji, kt\u00f3ra w moim przekonaniu jest wyrazem ogromnej solidarno\u015bci wszystkich mieszka\u0144c\u00f3w i przejawem wzajemnej wra\u017cliwo\u015bci. Za nami ju\u017c pierwsze sukcesy wzajemnej pomocy, odnotowali\u015bmy ju\u017c ponad 10 przypadk\u00f3w w ci\u0105gu ostatnich kilkunastu godzin, mam nadziej\u0119, \u017ce to dopiero pocz\u0105tek.<\/p>\n\n\n\n<p class=\"has-text-align-center\"><strong>Razem damy rad\u0119<\/strong><\/p>\n\n\n\n<p>Ka\u017cdej osobie z grupy, ale tak\u017ce wszystkim tym, kt\u00f3rzy w\u0142\u0105czaj\u0105 si\u0119 w pomoc oraz anga\u017cuj\u0105 we wsparcie os\u00f3b starszych nale\u017c\u0105 si\u0119 podzi\u0119kowania oraz wyrazy szacunku. Wszyscy, kt\u00f3rzy potrzebuj\u0105 pomocy na pewno j\u0105 znajd\u0105. Wystarczy skontaktowa\u0107 si\u0119 z urz\u0119dem miasta\/gminy lub poszuka\u0107 w internecie \u2013 mo\u017cna poprosi\u0107 kogo\u015b m\u0142odszego je\u015bli sami nie czujemy si\u0119 na si\u0142ach.<br>Jeszcze raz dzi\u0119kujemy wszystkim wolontariuszom i wszystkim ludziom dobrej woli za okazane wsparcie w tych trudnych czasach. Razem damy rad\u0119!<\/p>\n\n\n\n<p class=\"has-text-align-right\"><strong>(ak)<\/strong>, Fot.: <strong><em>Pixabay.com<\/em><\/strong><\/p>\n","protected":false},"excerpt":{"rendered":"<p>Seniorzy w okresie pandemii s\u0105 szczeg\u00f3lnie nara\u017ceni na zmieniaj\u0105ce si\u0119 warunki spo\u0142eczne. W\u0142adze centralne oraz lokalne wzywaj\u0105 i zalecaj\u0105, aby osoby starsze pozostali w domach i ograniczali wszelkiego rodzaju wyj\u015bcia, zapobiegaj\u0105c w ten spos\u00f3b rozprzestrzenianiu si\u0119 koronawirusa. Nie jest to jednak \u0142atwe dla tych, kt\u00f3rzy nie mog\u0105 liczy\u0107 na pomoc bliskich w codziennych czynno\u015bciach, takich [&hellip;]<\/p>\n","protected":false},"author":2,"featured_media":3928,"comment_status":"closed","ping_status":"open","sticky":false,"template":"","format":"standard","meta":{"footnotes":""},"categories":[5],"tags":[],"class_list":["post-3927","post","type-post","status-publish","format-standard","has-post-thumbnail","hentry","category-wiadomosci"],"_links":{"self":[{"href":"https:\/\/fleschmazowsza.com.pl\/index.php?rest_route=\/wp\/v2\/posts\/3927","targetHints":{"allow":["GET"]}}],"collection":[{"href":"https:\/\/fleschmazowsza.com.pl\/index.php?rest_route=\/wp\/v2\/posts"}],"about":[{"href":"https:\/\/fleschmazowsza.com.pl\/index.php?rest_route=\/wp\/v2\/types\/post"}],"author":[{"embeddable":true,"href":"https:\/\/fleschmazowsza.com.pl\/index.php?rest_route=\/wp\/v2\/users\/2"}],"replies":[{"embeddable":true,"href":"https:\/\/fleschmazowsza.com.pl\/index.php?rest_route=%2Fwp%2Fv2%2Fcomments&post=3927"}],"version-history":[{"count":1,"href":"https:\/\/fleschmazowsza.com.pl\/index.php?rest_route=\/wp\/v2\/posts\/3927\/revisions"}],"predecessor-version":[{"id":3929,"href":"https:\/\/fleschmazowsza.com.pl\/index.php?rest_route=\/wp\/v2\/posts\/3927\/revisions\/3929"}],"wp:featuredmedia":[{"embeddable":true,"href":"https:\/\/fleschmazowsza.com.pl\/index.php?rest_route=\/wp\/v2\/media\/3928"}],"wp:attachment":[{"href":"https:\/\/fleschmazowsza.com.pl\/index.php?rest_route=%2Fwp%2Fv2%2Fmedia&parent=3927"}],"wp:term":[{"taxonomy":"category","embeddable":true,"href":"https:\/\/fleschmazowsza.com.pl\/index.php?rest_route=%2Fwp%2Fv2%2Fcategories&post=3927"},{"taxonomy":"post_tag","embeddable":true,"href":"https:\/\/fleschmazowsza.com.pl\/index.php?rest_route=%2Fwp%2Fv2%2Ftags&post=3927"}],"curies":[{"name":"wp","href":"https:\/\/api.w.org\/{rel}","templated":true}]}}