{"id":3921,"date":"2020-11-09T13:08:58","date_gmt":"2020-11-09T12:08:58","guid":{"rendered":"http:\/\/fleschmazowsza.com.pl\/?p=3921"},"modified":"2020-11-09T13:08:59","modified_gmt":"2020-11-09T12:08:59","slug":"glosowanie-na-harcerskie-rondo","status":"publish","type":"post","link":"https:\/\/fleschmazowsza.com.pl\/?p=3921","title":{"rendered":"G\u0142osowanie na harcerskie rondo"},"content":{"rendered":"\n<p><strong>Od 26 pa\u017adziernika mo\u017cna g\u0142osowa\u0107 na projekt zagospodarowania terenu wok\u00f3\u0142 ronda Ignacego Kozielewskiego w ramach Bud\u017cetu Obywatelskiego Mazowsza.<\/strong><\/p>\n\n\n\n<p>Zg\u0142oszony przez burmistrza Arkadiusza Kosi\u0144skiego projekt \u201eHarcerskie rondo \u2013 zagospodarowanie terenu wok\u00f3\u0142 ronda Ignacego Kozielewskiego wsp\u00f3\u0142tw\u00f3rcy polskiego harcerstwa i s\u0142\u00f3w hymnu \u00bbWszystko co nasze\u00ab\u201d polega na wykonaniu nasadze\u0144 i postawieniu element\u00f3w ma\u0142ej architektury w rejonie wybudowanego w ubieg\u0142ym roku ronda. Prace sfinansuje i wykona wojew\u00f3dztwo mazowieckie \u2013 je\u015bli ten projekt zwyci\u0119\u017cy w g\u0142osowaniu.<\/p>\n\n\n\n<p>Na samym rondzie w\u015br\u00f3d zieleni, naprzeciwko wlotu ka\u017cdej z ulic maj\u0105 stan\u0105\u0107 cztery pod\u015bwietlane krzy\u017ce harcerskie. Na placyku obok ronda, niedaleko ogrodzenia plebanii, zostanie ustawiona \u201e\u0142aweczka\u201d \u2013 naturalnej wielko\u015bci rze\u017aba plenerowa z br\u0105zu przedstawiaj\u0105ca I. Kozielewskiego jako m\u0142odego harcerza siedz\u0105cego na k\u0142odzie przed ogniskiem. Do rze\u017aby b\u0119dzie prowadzi\u0142a \u017cwirowa alejka w\u015br\u00f3d zieleni.<\/p>\n\n\n\n<p>Pomys\u0142 zak\u0142ada te\u017c posadzenie ro\u015blin wok\u00f3\u0142 ronda \u2013 krzew\u00f3w, bylin, traw i drzew m.in. berberys\u00f3w, r\u00f3\u017c, trzmielin, bylin, a tak\u017ce jab\u0142oni czy dereni. Ro\u015bliny zosta\u0142y dobrane tak, aby by\u0142y atrakcyjne o ka\u017cdej porze roku. Zaproponowane gatunki dobrze znosz\u0105 warunki miejskie, s\u0105 odporne na zanieczyszczenia komunikacyjne, rozpraszaj\u0105 fale d\u017awi\u0119kowe co zmniejsza nat\u0119\u017cenie ha\u0142asu oraz wp\u0142ywaj\u0105 pozytywnie na popraw\u0119 mikroklimatu.<\/p>\n\n\n\n<p>Ignacy Kozielewski, patron ronda, w latach 1929-1945 mieszka\u0142 w Brwinowie. Sp\u0119dzi\u0142 tu niemieck\u0105 okupacj\u0119, a w tym czasie prowadzi\u0142 tajne nauczanie w Brwinowie, Milan\u00f3wku i Grodzisku Mazowieckim. By\u0142 jednym ze wsp\u00f3\u0142za\u0142o\u017cycieli polskiego harcerstwa oraz propagatorem idei harcerskich. W okresie mi\u0119dzywojennym by\u0142 czo\u0142owym dzia\u0142aczem Towarzystwa Gimnastycznego \u201eSok\u00f3\u0142\u201d \u2013 pionierskiej organizacji wychowania fizycznego i sportu \u2013 oraz prezesem gniazda sokolego w Brwinowie, kt\u00f3re obecnie nosi jego imi\u0119.<\/p>\n\n\n\n<p>W tym roku do dyspozycji w ramach Bud\u017cetu Obywatelskiego Mazowsza mieszka\u0144cy maj\u0105 kwot\u0119 25 mln z\u0142otych. Dzi\u0119ki mobilizacji mieszka\u0144c\u00f3w i sympatyk\u00f3w gminy Brwin\u00f3w mo\u017cna uczyni\u0107 z ronda Kozielewskiego kolejn\u0105 wizyt\u00f3wk\u0119 miasta. O tym, czy projekt zostanie zrealizowany, zdecyduj\u0105 mieszka\u0144cy wojew\u00f3dztwa mazowieckiego, kt\u00f3rzy mog\u0105 g\u0142osowa\u0107 od 26 pa\u017adziernika do 16 listopada br. na stronie <a href=\"https:\/\/bom.mazovia.pl\/\"><u>https:\/\/bom.mazovia.pl\/<\/u><\/a><\/p>\n\n\n\n<p class=\"has-text-align-right\">Tekst i foto: <strong>U.G.<\/strong><\/p>\n","protected":false},"excerpt":{"rendered":"<p>Od 26 pa\u017adziernika mo\u017cna g\u0142osowa\u0107 na projekt zagospodarowania terenu wok\u00f3\u0142 ronda Ignacego Kozielewskiego w ramach Bud\u017cetu Obywatelskiego Mazowsza. Zg\u0142oszony przez burmistrza Arkadiusza Kosi\u0144skiego projekt \u201eHarcerskie rondo \u2013 zagospodarowanie terenu wok\u00f3\u0142 ronda Ignacego Kozielewskiego wsp\u00f3\u0142tw\u00f3rcy polskiego harcerstwa i s\u0142\u00f3w hymnu \u00bbWszystko co nasze\u00ab\u201d polega na wykonaniu nasadze\u0144 i postawieniu element\u00f3w ma\u0142ej architektury w rejonie wybudowanego w [&hellip;]<\/p>\n","protected":false},"author":2,"featured_media":3922,"comment_status":"closed","ping_status":"open","sticky":false,"template":"","format":"standard","meta":{"footnotes":""},"categories":[5],"tags":[],"class_list":["post-3921","post","type-post","status-publish","format-standard","has-post-thumbnail","hentry","category-wiadomosci"],"_links":{"self":[{"href":"https:\/\/fleschmazowsza.com.pl\/index.php?rest_route=\/wp\/v2\/posts\/3921","targetHints":{"allow":["GET"]}}],"collection":[{"href":"https:\/\/fleschmazowsza.com.pl\/index.php?rest_route=\/wp\/v2\/posts"}],"about":[{"href":"https:\/\/fleschmazowsza.com.pl\/index.php?rest_route=\/wp\/v2\/types\/post"}],"author":[{"embeddable":true,"href":"https:\/\/fleschmazowsza.com.pl\/index.php?rest_route=\/wp\/v2\/users\/2"}],"replies":[{"embeddable":true,"href":"https:\/\/fleschmazowsza.com.pl\/index.php?rest_route=%2Fwp%2Fv2%2Fcomments&post=3921"}],"version-history":[{"count":1,"href":"https:\/\/fleschmazowsza.com.pl\/index.php?rest_route=\/wp\/v2\/posts\/3921\/revisions"}],"predecessor-version":[{"id":3923,"href":"https:\/\/fleschmazowsza.com.pl\/index.php?rest_route=\/wp\/v2\/posts\/3921\/revisions\/3923"}],"wp:featuredmedia":[{"embeddable":true,"href":"https:\/\/fleschmazowsza.com.pl\/index.php?rest_route=\/wp\/v2\/media\/3922"}],"wp:attachment":[{"href":"https:\/\/fleschmazowsza.com.pl\/index.php?rest_route=%2Fwp%2Fv2%2Fmedia&parent=3921"}],"wp:term":[{"taxonomy":"category","embeddable":true,"href":"https:\/\/fleschmazowsza.com.pl\/index.php?rest_route=%2Fwp%2Fv2%2Fcategories&post=3921"},{"taxonomy":"post_tag","embeddable":true,"href":"https:\/\/fleschmazowsza.com.pl\/index.php?rest_route=%2Fwp%2Fv2%2Ftags&post=3921"}],"curies":[{"name":"wp","href":"https:\/\/api.w.org\/{rel}","templated":true}]}}