{"id":3918,"date":"2020-11-09T12:52:24","date_gmt":"2020-11-09T11:52:24","guid":{"rendered":"http:\/\/fleschmazowsza.com.pl\/?p=3918"},"modified":"2020-11-09T12:52:25","modified_gmt":"2020-11-09T11:52:25","slug":"dziurawy-piastow-o-krok-od-tragedii","status":"publish","type":"post","link":"https:\/\/fleschmazowsza.com.pl\/?p=3918","title":{"rendered":"Dziurawy Piast\u00f3w \u2013 o krok od tragedii?"},"content":{"rendered":"\n<p><strong>Nasza redakcja otrzyma\u0142a ogromn\u0105 ilo\u015b\u0107 sygna\u0142\u00f3w od kierowc\u00f3w poruszaj\u0105cych si\u0119 droga powiatow\u0105 Al. Tysi\u0105clecia w Piastowie. Zwracali oni uwag\u0119 na katastrofalny ich zdaniem stan nawierzchni. Jeden z nich Pan Mi\u0142osz przes\u0142a\u0142 artyku\u0142 w\u0142asnego autorstwa. Publikujemy tak\u017ce odpowied\u017a jak\u0105 nasza redakcja otrzyma\u0142a w tej sprawie z Wydzia\u0142u Inwestycji Starostwa Powiatowego w Pruszkowie.<\/strong><\/p>\n\n\n\n<p>Pod koniec pa\u017adziernika na skrzynk\u0119 mailow\u0105 naszej redakcji przysz\u0142a informacja nast\u0119puj\u0105cej tre\u015bci:<\/p>\n\n\n\n<p><em>Dzie\u0144 dobry!<br>W zwi\u0105zku z coraz cz\u0119stszymi przypadkami uszkodze\u0144 spowodowanych dziurami na pruszkowskich i piastowskich drogach, w za\u0142\u0105czeniu przesy\u0142am artyku\u0142 na podstawie postu z forum mieszka\u0144c\u00f3w Piastowa (FB &#8211; <a rel=\"noreferrer noopener\" href=\"https:\/\/www.facebook.com\/groups\/797126350415988\/permalink\/3235659279896004\" target=\"_blank\"><u>https:\/\/www.facebook.com\/groups\/797126350415988\/permalink\/3235659279896004<\/u><\/a> ) oraz rozm\u00f3w z Panem Micha\u0142em oraz Panem Damianem, kt\u00f3rzy uszkodzili swoje samochody na jednej z wi\u0119kszych dziur na Al. Tysi\u0105clecia.<\/em><\/p>\n\n\n\n<p>A oto artyku\u0142 zatytu\u0142owany: \u201eDziurawy Piast\u00f3w \u2013 o krok od tragedii?\u201d<\/p>\n\n\n\n<p><em>\u201eDrogi zar\u00f3wno w powiecie pruszkowskim, jak i w samej gminie Piast\u00f3w, nie nale\u017c\u0105 do najlepszych \u2013 co kilka dni przekonuj\u0105 si\u0119 o tym kierowcy, kt\u00f3rzy uszkadzaj\u0105 ko\u0142a oraz zawieszenia swoich samochod\u00f3w. Piastowscy radni okazuj\u0105 si\u0119 bierni i jak na razie nie zapowiada si\u0119, by sytuacja uleg\u0142a zmianie \u2013 m\u00f3wi\u0105 mieszka\u0144cy. Czy musi doj\u015b\u0107 do tragedii, by spraw\u0105 zainteresowali si\u0119 lokalni urz\u0119dnicy?<\/em><\/p>\n\n\n\n<p><em>Po\u0142owa pa\u017adziernika, godziny wieczorne. Pan Micha\u0142 jad\u0105c Alej\u0105 Tysi\u0105clecia wpada w dziur\u0119 w jezdni, kt\u00f3ra z powodu wcze\u015bniejszych opad\u00f3w nie by\u0142a widoczna. Okazuje si\u0119, \u017ce spowodowane uszkodzenia zmuszaj\u0105 go do skorzystania z lawety. Do wymiany felga oraz dwie opony. Straty szacowane s\u0105 nawet na kilka tysi\u0119cy z\u0142otych.<\/em><\/p>\n\n\n\n<p><em>Zaledwie godzin\u0119 wcze\u015bniej podobny wypadek mia\u0142 kierowca szarego audi. Okazuje si\u0119, \u017ce takie \u201eincydenty&#8221; na okolicznych drogach dotycz\u0105 wielu kierowc\u00f3w.<\/em><\/p>\n\n\n\n<p><em>Jeszcze tego samego wieczoru Pan Micha\u0142 opisa\u0142 sw\u00f3j przypadek na forum mieszka\u0144c\u00f3w Piastowa. Pod postem pojawia si\u0119 lawina komentarzy, kt\u00f3re wskazuj\u0105, \u017ce to uci\u0105\u017cliwy problem, z kt\u00f3rym mieszka\u0144cy zmagaj\u0105 si\u0119 od d\u0142u\u017cszego czasu: \u201eDzisiaj jest jak lej po bombie. Zaraz za przystankiem, tu\u017c przed Ba\u017cantem&#8221; \u2013 pisze, wskazuj\u0105c miejsce dziury jeden z komentuj\u0105cych.<\/em><\/p>\n\n\n\n<p><strong>Droga powiatowa. \u201eDo Pruszkowa z pretensjami!&#8221;.<\/strong><\/p>\n\n\n\n<p><em>Podczas gdy mieszka\u0144cy publikuj\u0105 kolejne zdj\u0119cia przebitych opon oraz zastanawiaj\u0105 si\u0119 wsp\u00f3lnie jak aktywizowa\u0107 radnych z Piastowa, do Pana Micha\u0142a zg\u0142aszaj\u0105 si\u0119 trzy osoby, kt\u00f3re w tym samym miejscu uszkodzi\u0142y sw\u00f3j samoch\u00f3d. I to tego samego dnia!<\/em><\/p>\n\n\n\n<p><em>-Jad\u0105c w godzinach wieczornych samochodem r\u00f3wnie\u017c wpad\u0142em w dziur\u0119 tu\u017c za zatoczk\u0105 autobusow\u0105 na Al. Tysi\u0105clecia. Uszkodzeniu uleg\u0142y dwa ko\u0142a z prawej strony. Wci\u0105\u017c czekam jednak na dok\u0142adne ogl\u0119dziny samochodu. \u2013 m\u00f3wi Pan Daniel, kt\u00f3ry tego samego dnia sta\u0142 si\u0119 ofiar\u0105 przesz\u0142o p\u00f3\u0142metrowej dziury w jezdni, dodaj\u0105c, \u017ce podobnych uszkodze\u0144 do\u015bwiadczyli inni jad\u0105cy przed nim kierowcy.<\/em><\/p>\n\n\n\n<p><em>Mieszka\u0144cy s\u0105 zgodni, \u017ce piastowskie drogi znajduj\u0105 si\u0119 op\u0142akanym stanie. Chc\u0105 by spraw\u0105 natychmiastowo zaj\u0119li si\u0119 lokalni radni oraz maj\u0105 r\u00f3wnie\u017c nadziej\u0119, \u017ce dziura zostanie za\u0142atana nim zdarzy si\u0119 kolejny wypadek. Poszkodowani kierowcy podr\u00f3\u017cowali zgodnie z przepisami. A\u017c strach pomy\u015ble\u0107 co si\u0119 wydarzy, gdy dojdzie do wypadku przy przekroczeniu dozwolonych pr\u0119dko\u015bci.<\/em><\/p>\n\n\n\n<p>Odpowied\u017a \u2013 wypowied\u017a Paw\u0142a Kostrzewskiego Naczelnika Wydzia\u0142u Inwestycji Starostwa Powiatowego w Pruszkowie &#8211; przes\u0142ana do naszej redakcji na zadane przez nas pytania:<\/p>\n\n\n\n<p><em>W ramach bie\u017c\u0105cego utrzymania dr\u00f3g na bie\u017c\u0105co usuwane s\u0105 wszystkie mniejsze i nowo powsta\u0142e ubytki. Je\u015bli mieszka\u0144cy zauwa\u017c\u0105 na drogach powiatowych ubytki jeszcze nie za\u0142atane mimo prowadzonych remont\u00f3w uprzejmie prosimy o zg\u0142aszanie tego do pracownika Wydzia\u0142u Inwestycji. \u0141atanie dziur nie wymaga planowania i jest realizowane w ramach bie\u017c\u0105cego utrzymania w miar\u0119 zaistnienia takich potrzeb. Maj\u0105c na uwadze fakt, \u017ce droga wymaga generalnego remontu zosta\u0142a wykonana dokumentacja techniczna przebudowy tej drogi przebudowy na odcinku od wiaduktu do projektowanego przez Gmin\u0119 Miasto Pruszk\u00f3w skrzy\u017cowania z ul. Grunwaldzk\u0105. Zadanie nie zosta\u0142o zaplanowane do realizacji w ramach bie\u017c\u0105cego bud\u017cetu a jego przysz\u0142a realizacja jest uzale\u017cniona od mo\u017cliwo\u015bci finansowych powiatu.<\/em><\/p>\n\n\n\n<p class=\"has-text-align-right\"><strong>(mg)<\/strong><br>Fot. <em><strong>Archiwum prywatne<\/strong><\/em><\/p>\n","protected":false},"excerpt":{"rendered":"<p>Nasza redakcja otrzyma\u0142a ogromn\u0105 ilo\u015b\u0107 sygna\u0142\u00f3w od kierowc\u00f3w poruszaj\u0105cych si\u0119 droga powiatow\u0105 Al. Tysi\u0105clecia w Piastowie. Zwracali oni uwag\u0119 na katastrofalny ich zdaniem stan nawierzchni. Jeden z nich Pan Mi\u0142osz przes\u0142a\u0142 artyku\u0142 w\u0142asnego autorstwa. Publikujemy tak\u017ce odpowied\u017a jak\u0105 nasza redakcja otrzyma\u0142a w tej sprawie z Wydzia\u0142u Inwestycji Starostwa Powiatowego w Pruszkowie. Pod koniec pa\u017adziernika na [&hellip;]<\/p>\n","protected":false},"author":2,"featured_media":3919,"comment_status":"closed","ping_status":"open","sticky":false,"template":"","format":"standard","meta":{"footnotes":""},"categories":[5],"tags":[],"class_list":["post-3918","post","type-post","status-publish","format-standard","has-post-thumbnail","hentry","category-wiadomosci"],"_links":{"self":[{"href":"https:\/\/fleschmazowsza.com.pl\/index.php?rest_route=\/wp\/v2\/posts\/3918","targetHints":{"allow":["GET"]}}],"collection":[{"href":"https:\/\/fleschmazowsza.com.pl\/index.php?rest_route=\/wp\/v2\/posts"}],"about":[{"href":"https:\/\/fleschmazowsza.com.pl\/index.php?rest_route=\/wp\/v2\/types\/post"}],"author":[{"embeddable":true,"href":"https:\/\/fleschmazowsza.com.pl\/index.php?rest_route=\/wp\/v2\/users\/2"}],"replies":[{"embeddable":true,"href":"https:\/\/fleschmazowsza.com.pl\/index.php?rest_route=%2Fwp%2Fv2%2Fcomments&post=3918"}],"version-history":[{"count":1,"href":"https:\/\/fleschmazowsza.com.pl\/index.php?rest_route=\/wp\/v2\/posts\/3918\/revisions"}],"predecessor-version":[{"id":3920,"href":"https:\/\/fleschmazowsza.com.pl\/index.php?rest_route=\/wp\/v2\/posts\/3918\/revisions\/3920"}],"wp:featuredmedia":[{"embeddable":true,"href":"https:\/\/fleschmazowsza.com.pl\/index.php?rest_route=\/wp\/v2\/media\/3919"}],"wp:attachment":[{"href":"https:\/\/fleschmazowsza.com.pl\/index.php?rest_route=%2Fwp%2Fv2%2Fmedia&parent=3918"}],"wp:term":[{"taxonomy":"category","embeddable":true,"href":"https:\/\/fleschmazowsza.com.pl\/index.php?rest_route=%2Fwp%2Fv2%2Fcategories&post=3918"},{"taxonomy":"post_tag","embeddable":true,"href":"https:\/\/fleschmazowsza.com.pl\/index.php?rest_route=%2Fwp%2Fv2%2Ftags&post=3918"}],"curies":[{"name":"wp","href":"https:\/\/api.w.org\/{rel}","templated":true}]}}